{"id":2663,"date":"2023-04-26T00:40:40","date_gmt":"2023-04-26T06:40:40","guid":{"rendered":"https:\/\/periodiconuevomilenio.com\/?p=2663"},"modified":"2023-04-26T00:40:42","modified_gmt":"2023-04-26T06:40:42","slug":"salvador-n-va-a-prision-por-intentar-asesinara-un-hombre-en-valle-de-santiago","status":"publish","type":"post","link":"https:\/\/periodiconuevomilenio.com\/index.php\/2023\/04\/26\/salvador-n-va-a-prision-por-intentar-asesinara-un-hombre-en-valle-de-santiago\/","title":{"rendered":"SALVADOR \u201cN\u201d VA A PRISI\u00d3N POR INTENTAR ASESINARA UN HOMBRE EN VALLE DE SANTIAGO"},"content":{"rendered":"\n<p><strong>A UN HOMBRE EN VALLE DE SANTIAGO<\/strong><\/p>\n\n\n\n<p>VALLE DE SANTIAGO,GTO.- Elementos de la Agencia de Investigaci\u00f3n Criminal detuvieron con orden de aprehensi\u00f3n a un sujeto que intent\u00f3 asesinar a un hombre de 30 a\u00f1os, con un objeto punzo cortante, el pasado 30 de enero de este a\u00f1o aproximadamente a las 20 horas, en la calle Col\u00f3n y Ju\u00e1rez de la zona centro de Valle de Santiago.<\/p>\n\n\n\n<p>&nbsp;El imputado, SALVADOR \u201cN\u201d, se par\u00f3 frente al auto que conduc\u00eda su v\u00edctima, golpe\u00f3 el carro, luego golpe\u00f3 al conductor en el rostro y cuando el ofendido, se baj\u00f3 de la unidad para saber que ocurr\u00eda, fue atacado por el presunto responsable con un cuchillo, con el cual le infligi\u00f3 lesionas a la altura de la cabeza, en las costillas y en la mano, cuando el ofendido logr\u00f3 agarrar la hoja del cuchillo para detener la agresi\u00f3n.<\/p>\n\n\n\n<p><\/p>\n","protected":false},"excerpt":{"rendered":"<p>A UN HOMBRE EN VALLE DE SANTIAGO VALLE DE SANTIAGO,GTO.- Elementos de la Agencia de Investigaci\u00f3n Criminal detuvieron<\/p>\n","protected":false},"author":1,"featured_media":2664,"comment_status":"open","ping_status":"open","sticky":false,"template":"","format":"standard","meta":{"jetpack_post_was_ever_published":false,"_jetpack_newsletter_access":"","_jetpack_dont_email_post_to_subs":false,"_jetpack_newsletter_tier_id":0,"_jetpack_memberships_contains_paywalled_content":false,"_jetpack_memberships_contains_paid_content":false,"footnotes":"","jetpack_publicize_message":"","jetpack_publicize_feature_enabled":false,"jetpack_social_post_already_shared":false,"jetpack_social_options":{"image_generator_settings":{"template":"highway","enabled":false},"version":2}},"categories":[48,39],"tags":[22],"class_list":["post-2663","post","type-post","status-publish","format-standard","has-post-thumbnail","hentry","category-policiaca","category-valle-de-santiago","tag-valle"],"jetpack_publicize_connections":[],"jetpack_sharing_enabled":true,"jetpack_featured_media_url":"https:\/\/periodiconuevomilenio.com\/wp-content\/uploads\/2023\/04\/3151.jpg","_links":{"self":[{"href":"https:\/\/periodiconuevomilenio.com\/index.php\/wp-json\/wp\/v2\/posts\/2663","targetHints":{"allow":["GET"]}}],"collection":[{"href":"https:\/\/periodiconuevomilenio.com\/index.php\/wp-json\/wp\/v2\/posts"}],"about":[{"href":"https:\/\/periodiconuevomilenio.com\/index.php\/wp-json\/wp\/v2\/types\/post"}],"author":[{"embeddable":true,"href":"https:\/\/periodiconuevomilenio.com\/index.php\/wp-json\/wp\/v2\/users\/1"}],"replies":[{"embeddable":true,"href":"https:\/\/periodiconuevomilenio.com\/index.php\/wp-json\/wp\/v2\/comments?post=2663"}],"version-history":[{"count":1,"href":"https:\/\/periodiconuevomilenio.com\/index.php\/wp-json\/wp\/v2\/posts\/2663\/revisions"}],"predecessor-version":[{"id":2665,"href":"https:\/\/periodiconuevomilenio.com\/index.php\/wp-json\/wp\/v2\/posts\/2663\/revisions\/2665"}],"wp:featuredmedia":[{"embeddable":true,"href":"https:\/\/periodiconuevomilenio.com\/index.php\/wp-json\/wp\/v2\/media\/2664"}],"wp:attachment":[{"href":"https:\/\/periodiconuevomilenio.com\/index.php\/wp-json\/wp\/v2\/media?parent=2663"}],"wp:term":[{"taxonomy":"category","embeddable":true,"href":"https:\/\/periodiconuevomilenio.com\/index.php\/wp-json\/wp\/v2\/categories?post=2663"},{"taxonomy":"post_tag","embeddable":true,"href":"https:\/\/periodiconuevomilenio.com\/index.php\/wp-json\/wp\/v2\/tags?post=2663"}],"curies":[{"name":"wp","href":"https:\/\/api.w.org\/{rel}","templated":true}]}}