{"id":26700,"date":"2025-10-07T00:15:52","date_gmt":"2025-10-07T06:15:52","guid":{"rendered":"https:\/\/periodiconuevomilenio.com\/?p=26700"},"modified":"2025-10-07T00:15:54","modified_gmt":"2025-10-07T06:15:54","slug":"la-fgeg-consolida-un-modelo-humanista-e-innovador-para-la-busqueda-de-personas","status":"publish","type":"post","link":"https:\/\/periodiconuevomilenio.com\/index.php\/2025\/10\/07\/la-fgeg-consolida-un-modelo-humanista-e-innovador-para-la-busqueda-de-personas\/","title":{"rendered":"La\u00a0 \u00a0FGEG\u00a0\u00a0 consolida \u00a0un\u00a0\u00a0 \u00a0modelo\u00a0 humanista e \u00a0innovador\u00a0 \u00a0para \u00a0la b\u00fasqueda de personas"},"content":{"rendered":"\n<p>En&nbsp; &nbsp;la &nbsp;Fiscal\u00eda&nbsp; General &nbsp;del &nbsp;Estado de Guanajuato &nbsp;trabajamos &nbsp;con una convicci\u00f3n profunda: &nbsp;<strong>cada persona desaparecida es una historia, una ausencia &nbsp;que &nbsp;duele,&nbsp; y &nbsp;una &nbsp;familia que &nbsp;merece &nbsp;verdad, justicia y respuestas.<\/strong><\/p>\n\n\n\n<p>Los &nbsp;registros de personas desaparecidas no son cifras ni&nbsp; estad\u00edsticas: &nbsp;<strong>son nombres, rostros &nbsp;y &nbsp;vidas <\/strong>que gu\u00edan cada una de nuestras acciones de b\u00fasqueda &nbsp;e &nbsp;investigaci\u00f3n.&nbsp; &nbsp;Con &nbsp;esta&nbsp; &nbsp;visi\u00f3n,&nbsp; &nbsp;en &nbsp;la&nbsp;&nbsp;&nbsp; FGEG&nbsp;&nbsp; &nbsp;estamos consolidando un modelo de trabajo &nbsp;<strong>humanista, innovador &nbsp;y comprometido con las v\u00edctimas.<\/strong><\/p>\n\n\n\n<p>Nuestro objetivo es ser una instituci\u00f3n que, m\u00e1s all\u00e1 de sus obligaciones legales, &nbsp;act\u00fae &nbsp;con sensibilidad, &nbsp;eficiencia&nbsp; y &nbsp;respeto. &nbsp;Hemos&nbsp; adoptado <strong>modelos &nbsp;de &nbsp;gesti\u00f3n, &nbsp;operaci\u00f3n y&nbsp; &nbsp;desempe\u00f1o &nbsp;que &nbsp;colocan&nbsp; a&nbsp; &nbsp;las personas en el centro<\/strong>, elevando la calidad de la atenci\u00f3n y la respuesta institucional.<\/p>\n\n\n\n<p>Como &nbsp;parte &nbsp;de &nbsp;este &nbsp;compromiso,&nbsp; implementamos&nbsp; &nbsp;una &nbsp;<strong>est<\/strong><strong>rat<\/strong><strong>egia <\/strong><strong>integral&nbsp; para fortalecer &nbsp;<\/strong><strong>la &nbsp;calidad, trazabilidad &nbsp;y &nbsp;pertinencia de la informaci\u00f3n <\/strong>en los &nbsp;registros de personas desaparecidas. Este esfuerzo se ve &nbsp;reflejado en una coordinaci\u00f3n sin &nbsp;precedentes con la Comisi\u00f3n Estatal de B\u00fasqueda, &nbsp;a trav\u00e9s de un <strong>Plan de Trabajo Interinstitucional <\/strong>que ha permitido mejorar &nbsp;de &nbsp;forma significativa la &nbsp;actualizaci\u00f3n &nbsp;del &nbsp;<strong>Registro Nacional de Personas Desaparecidas y No &nbsp;Localizadas (RNPDNO) <\/strong>y del <strong>Registro Estatal<\/strong>.<\/p>\n\n\n\n<p>Sabemos que uno de los &nbsp;grandes retos es <strong>mantener&nbsp; estos registros actualizados, &nbsp;confiables &nbsp;y&nbsp; &nbsp;\u00fatiles &nbsp;<\/strong>para &nbsp;quienes &nbsp;buscan &nbsp;a &nbsp;sus&nbsp; seres queridos, as\u00ed como para quienes dise\u00f1an pol\u00edticas p\u00fablicas y acciones de atenci\u00f3n. Apostamos por un sistema que no solo &nbsp;acompa\u00f1e la b\u00fasqueda, sino que tambi\u00e9n fortalezca la prevenci\u00f3n y la procuraci\u00f3n de justicia.<\/p>\n\n\n\n<p><strong>Hoy&nbsp;&nbsp;&nbsp; &nbsp;podemos&nbsp; &nbsp;compartir&nbsp; &nbsp;un&nbsp;&nbsp;&nbsp; &nbsp;avance&nbsp; &nbsp;significativo:&nbsp;&nbsp; &nbsp;<\/strong>al&nbsp;&nbsp;&nbsp; corte&nbsp; &nbsp;de septiembre de 2025, nuestros &nbsp;registros &nbsp;institucionales &nbsp;reflejan una <strong>disminuci\u00f3n en el n\u00famero de personas desaparecidas en <\/strong><strong>Gua<\/strong><strong>naj<\/strong><strong>ua<\/strong><strong>t<\/strong><strong>o<\/strong>.<\/p>\n\n\n\n<p>Es &nbsp;importante destacar que <strong>el <\/strong><strong>90% de las &nbsp;personas reportadas como desaparecidas han sido localizadas y reintegradas a su n\u00facleo social<\/strong>, lo cual refleja el impacto positivo de los esfuerzos implementados.<\/p>\n\n\n\n<p>Este logro no es casual: es el resultado de un <strong>trabajo <\/strong><strong>t<\/strong><strong>\u00e9cni<\/strong><strong>co<\/strong><strong>,<\/strong><strong> <\/strong><strong>a<\/strong><strong>rt<\/strong><strong>icula<\/strong><strong>d<\/strong><strong>o <\/strong><strong>y &nbsp;profundamente humano<\/strong>, &nbsp;que se ha fortalecido a trav\u00e9s del &nbsp;<strong>di\u00e1logo constante &nbsp;con &nbsp;colectivos, &nbsp;familiares y&nbsp;&nbsp; buscadoras &nbsp;independientes<\/strong>, cuyas voces han sido fundamentales &nbsp;para reorientar y mejorar nuestras estrategias de b\u00fasqueda e investigaci\u00f3n.<\/p>\n\n\n\n<p>De este di\u00e1logo han surgido acciones emblem\u00e1ticas como:<\/p>\n\n\n\n<p>\u00b7&nbsp;&nbsp;&nbsp; <strong>\u00abRostros&nbsp;&nbsp; &nbsp;que&nbsp; &nbsp;no&nbsp; &nbsp;se&nbsp; &nbsp;olvidan\u00bb<\/strong>,&nbsp;&nbsp; &nbsp;una&nbsp; &nbsp;estrategia&nbsp; &nbsp;que&nbsp; &nbsp;utiliza antropolog\u00eda forense e inteligencia artificial para generar hip\u00f3tesis visuales que apoyen la b\u00fasqueda en vida.<\/p>\n\n\n\n<p>\u00b7&nbsp;&nbsp;&nbsp; <strong>\u00abLa b\u00fasqueda nos une\u00bb<\/strong>, &nbsp;jornadas &nbsp;de proximidad que acercan la ciencia forense a las &nbsp;comunidades, facilitando procesos de identificaci\u00f3n y reconstrucci\u00f3n de historias.<\/p>\n\n\n\n<p>Estas acciones no sustituyen la &nbsp;esperanza, &nbsp;la&nbsp; acompa\u00f1an. Y reafirman nuestro &nbsp;compromiso &nbsp;de &nbsp;que &nbsp;<strong>cada &nbsp;persona&nbsp; ausente &nbsp;siga &nbsp;<\/strong><strong>siendo buscada, recordada y esperada<\/strong>.<\/p>\n\n\n\n<p>Adem\u00e1s,&nbsp; &nbsp;la&nbsp;&nbsp; &nbsp;reciente&nbsp; &nbsp;reforma &nbsp;a&nbsp;&nbsp; la&nbsp;&nbsp; &nbsp;<strong>Ley&nbsp; &nbsp;General &nbsp;en&nbsp; &nbsp;Materia &nbsp;de Desaparici\u00f3n &nbsp;Forzada<\/strong>, &nbsp;Desaparici\u00f3n cometida &nbsp;por&nbsp; particulares &nbsp;y &nbsp;del <strong>Sistema Nacional de &nbsp;B\u00fasqueda <\/strong>fortalece las&nbsp;&nbsp; capacidades de nuestra Fiscal\u00eda Especializada. &nbsp;Esto nos permitir\u00e1 consolidar a\u00fan&nbsp; m\u00e1s nuestros sistemas de registro, as\u00ed como mejorar &nbsp;el &nbsp;trabajo &nbsp;forense y de b\u00fasqueda inmediata.<\/p>\n\n\n\n<p>Estamos &nbsp;listos&nbsp; para &nbsp;aplicar &nbsp;estas &nbsp;nuevas &nbsp;disposiciones &nbsp;<strong>co<\/strong><strong>n <\/strong><strong>responsabilidad, sensibilidad <\/strong><strong>y voluntad institucional<\/strong>.<\/p>\n\n\n\n<p>Cada paso que damos, cada herramienta que desarrollamos, y cada caso que atendemos, tiene un mismo prop\u00f3sito:<\/p>\n\n\n\n<p><strong>R<\/strong><strong>egresar <\/strong><strong>a casa a quienes a\u00fan nos faltan.<\/strong><\/p>\n\n\n\n<figure class=\"wp-block-gallery has-nested-images columns-default is-cropped wp-block-gallery-1 is-layout-flex wp-block-gallery-is-layout-flex\">\n<figure class=\"wp-block-image size-large\"><img loading=\"lazy\" decoding=\"async\" width=\"1024\" height=\"682\" data-id=\"26701\" src=\"https:\/\/periodiconuevomilenio.com\/wp-content\/uploads\/2025\/10\/Comunicado_FGE_576_2025_GUANAJUATO_7-1024x682.jpeg\" alt=\"\" class=\"wp-image-26701\" srcset=\"https:\/\/periodiconuevomilenio.com\/wp-content\/uploads\/2025\/10\/Comunicado_FGE_576_2025_GUANAJUATO_7-1024x682.jpeg 1024w, https:\/\/periodiconuevomilenio.com\/wp-content\/uploads\/2025\/10\/Comunicado_FGE_576_2025_GUANAJUATO_7-300x200.jpeg 300w, https:\/\/periodiconuevomilenio.com\/wp-content\/uploads\/2025\/10\/Comunicado_FGE_576_2025_GUANAJUATO_7-768x512.jpeg 768w, https:\/\/periodiconuevomilenio.com\/wp-content\/uploads\/2025\/10\/Comunicado_FGE_576_2025_GUANAJUATO_7.jpeg 1280w\" sizes=\"auto, (max-width: 1024px) 100vw, 1024px\" \/><\/figure>\n\n\n\n<figure class=\"wp-block-image size-large\"><img loading=\"lazy\" decoding=\"async\" width=\"1024\" height=\"658\" data-id=\"26702\" src=\"https:\/\/periodiconuevomilenio.com\/wp-content\/uploads\/2025\/10\/Comunicado_FGE_576_2025_GUANAJUATO_1-1024x658.jpeg\" alt=\"\" class=\"wp-image-26702\" srcset=\"https:\/\/periodiconuevomilenio.com\/wp-content\/uploads\/2025\/10\/Comunicado_FGE_576_2025_GUANAJUATO_1-1024x658.jpeg 1024w, https:\/\/periodiconuevomilenio.com\/wp-content\/uploads\/2025\/10\/Comunicado_FGE_576_2025_GUANAJUATO_1-300x193.jpeg 300w, https:\/\/periodiconuevomilenio.com\/wp-content\/uploads\/2025\/10\/Comunicado_FGE_576_2025_GUANAJUATO_1-768x494.jpeg 768w, https:\/\/periodiconuevomilenio.com\/wp-content\/uploads\/2025\/10\/Comunicado_FGE_576_2025_GUANAJUATO_1-1536x988.jpeg 1536w, https:\/\/periodiconuevomilenio.com\/wp-content\/uploads\/2025\/10\/Comunicado_FGE_576_2025_GUANAJUATO_1-2048x1317.jpeg 2048w\" sizes=\"auto, (max-width: 1024px) 100vw, 1024px\" \/><\/figure>\n\n\n\n<figure class=\"wp-block-image size-large\"><img loading=\"lazy\" decoding=\"async\" width=\"1024\" height=\"682\" data-id=\"26705\" src=\"https:\/\/periodiconuevomilenio.com\/wp-content\/uploads\/2025\/10\/Comunicado_FGE_576_2025_GUANAJUATO_4-1024x682.jpeg\" alt=\"\" class=\"wp-image-26705\" srcset=\"https:\/\/periodiconuevomilenio.com\/wp-content\/uploads\/2025\/10\/Comunicado_FGE_576_2025_GUANAJUATO_4-1024x682.jpeg 1024w, https:\/\/periodiconuevomilenio.com\/wp-content\/uploads\/2025\/10\/Comunicado_FGE_576_2025_GUANAJUATO_4-300x200.jpeg 300w, https:\/\/periodiconuevomilenio.com\/wp-content\/uploads\/2025\/10\/Comunicado_FGE_576_2025_GUANAJUATO_4-768x512.jpeg 768w, https:\/\/periodiconuevomilenio.com\/wp-content\/uploads\/2025\/10\/Comunicado_FGE_576_2025_GUANAJUATO_4-1536x1024.jpeg 1536w, https:\/\/periodiconuevomilenio.com\/wp-content\/uploads\/2025\/10\/Comunicado_FGE_576_2025_GUANAJUATO_4-2048x1365.jpeg 2048w\" sizes=\"auto, (max-width: 1024px) 100vw, 1024px\" \/><\/figure>\n\n\n\n<figure class=\"wp-block-image size-large\"><img loading=\"lazy\" decoding=\"async\" width=\"1024\" height=\"682\" data-id=\"26704\" src=\"https:\/\/periodiconuevomilenio.com\/wp-content\/uploads\/2025\/10\/Comunicado_FGE_576_2025_GUANAJUATO_3-1024x682.jpeg\" alt=\"\" class=\"wp-image-26704\" srcset=\"https:\/\/periodiconuevomilenio.com\/wp-content\/uploads\/2025\/10\/Comunicado_FGE_576_2025_GUANAJUATO_3-1024x682.jpeg 1024w, https:\/\/periodiconuevomilenio.com\/wp-content\/uploads\/2025\/10\/Comunicado_FGE_576_2025_GUANAJUATO_3-300x200.jpeg 300w, https:\/\/periodiconuevomilenio.com\/wp-content\/uploads\/2025\/10\/Comunicado_FGE_576_2025_GUANAJUATO_3-768x512.jpeg 768w, https:\/\/periodiconuevomilenio.com\/wp-content\/uploads\/2025\/10\/Comunicado_FGE_576_2025_GUANAJUATO_3-1536x1024.jpeg 1536w, https:\/\/periodiconuevomilenio.com\/wp-content\/uploads\/2025\/10\/Comunicado_FGE_576_2025_GUANAJUATO_3-2048x1365.jpeg 2048w\" sizes=\"auto, (max-width: 1024px) 100vw, 1024px\" \/><\/figure>\n\n\n\n<figure class=\"wp-block-image size-large\"><img loading=\"lazy\" decoding=\"async\" width=\"1024\" height=\"682\" data-id=\"26703\" src=\"https:\/\/periodiconuevomilenio.com\/wp-content\/uploads\/2025\/10\/Comunicado_FGE_576_2025_GUANAJUATO_6-1024x682.jpeg\" alt=\"\" class=\"wp-image-26703\" srcset=\"https:\/\/periodiconuevomilenio.com\/wp-content\/uploads\/2025\/10\/Comunicado_FGE_576_2025_GUANAJUATO_6-1024x682.jpeg 1024w, https:\/\/periodiconuevomilenio.com\/wp-content\/uploads\/2025\/10\/Comunicado_FGE_576_2025_GUANAJUATO_6-300x200.jpeg 300w, https:\/\/periodiconuevomilenio.com\/wp-content\/uploads\/2025\/10\/Comunicado_FGE_576_2025_GUANAJUATO_6-768x512.jpeg 768w, https:\/\/periodiconuevomilenio.com\/wp-content\/uploads\/2025\/10\/Comunicado_FGE_576_2025_GUANAJUATO_6-1536x1024.jpeg 1536w, https:\/\/periodiconuevomilenio.com\/wp-content\/uploads\/2025\/10\/Comunicado_FGE_576_2025_GUANAJUATO_6-2048x1365.jpeg 2048w\" sizes=\"auto, (max-width: 1024px) 100vw, 1024px\" \/><\/figure>\n<\/figure>\n\n\n","protected":false},"excerpt":{"rendered":"<p>En&nbsp; &nbsp;la &nbsp;Fiscal\u00eda&nbsp; General &nbsp;del &nbsp;Estado de Guanajuato &nbsp;trabajamos &nbsp;con una convicci\u00f3n profunda: &nbsp;cada persona desaparecida es una<\/p>\n","protected":false},"author":1,"featured_media":26702,"comment_status":"open","ping_status":"open","sticky":false,"template":"","format":"standard","meta":{"jetpack_post_was_ever_published":false,"_jetpack_newsletter_access":"","_jetpack_dont_email_post_to_subs":false,"_jetpack_newsletter_tier_id":0,"_jetpack_memberships_contains_paywalled_content":false,"_jetpack_memberships_contains_paid_content":false,"footnotes":"","jetpack_publicize_message":"","jetpack_publicize_feature_enabled":false,"jetpack_social_post_already_shared":false,"jetpack_social_options":{"image_generator_settings":{"template":"highway","enabled":false},"version":2}},"categories":[31,48],"tags":[51],"class_list":["post-26700","post","type-post","status-publish","format-standard","has-post-thumbnail","hentry","category-estado","category-policiaca","tag-estado"],"jetpack_publicize_connections":[],"jetpack_sharing_enabled":true,"jetpack_featured_media_url":"https:\/\/periodiconuevomilenio.com\/wp-content\/uploads\/2025\/10\/Comunicado_FGE_576_2025_GUANAJUATO_1.jpeg","_links":{"self":[{"href":"https:\/\/periodiconuevomilenio.com\/index.php\/wp-json\/wp\/v2\/posts\/26700","targetHints":{"allow":["GET"]}}],"collection":[{"href":"https:\/\/periodiconuevomilenio.com\/index.php\/wp-json\/wp\/v2\/posts"}],"about":[{"href":"https:\/\/periodiconuevomilenio.com\/index.php\/wp-json\/wp\/v2\/types\/post"}],"author":[{"embeddable":true,"href":"https:\/\/periodiconuevomilenio.com\/index.php\/wp-json\/wp\/v2\/users\/1"}],"replies":[{"embeddable":true,"href":"https:\/\/periodiconuevomilenio.com\/index.php\/wp-json\/wp\/v2\/comments?post=26700"}],"version-history":[{"count":1,"href":"https:\/\/periodiconuevomilenio.com\/index.php\/wp-json\/wp\/v2\/posts\/26700\/revisions"}],"predecessor-version":[{"id":26706,"href":"https:\/\/periodiconuevomilenio.com\/index.php\/wp-json\/wp\/v2\/posts\/26700\/revisions\/26706"}],"wp:featuredmedia":[{"embeddable":true,"href":"https:\/\/periodiconuevomilenio.com\/index.php\/wp-json\/wp\/v2\/media\/26702"}],"wp:attachment":[{"href":"https:\/\/periodiconuevomilenio.com\/index.php\/wp-json\/wp\/v2\/media?parent=26700"}],"wp:term":[{"taxonomy":"category","embeddable":true,"href":"https:\/\/periodiconuevomilenio.com\/index.php\/wp-json\/wp\/v2\/categories?post=26700"},{"taxonomy":"post_tag","embeddable":true,"href":"https:\/\/periodiconuevomilenio.com\/index.php\/wp-json\/wp\/v2\/tags?post=26700"}],"curies":[{"name":"wp","href":"https:\/\/api.w.org\/{rel}","templated":true}]}}