{"id":26713,"date":"2025-10-07T18:56:11","date_gmt":"2025-10-08T00:56:11","guid":{"rendered":"https:\/\/periodiconuevomilenio.com\/?p=26713"},"modified":"2025-10-07T18:56:13","modified_gmt":"2025-10-08T00:56:13","slug":"cambios-en-comunicacion-social-de-valle-de-santiago","status":"publish","type":"post","link":"https:\/\/periodiconuevomilenio.com\/index.php\/2025\/10\/07\/cambios-en-comunicacion-social-de-valle-de-santiago\/","title":{"rendered":"Cambios en Comunicaci\u00f3n Social de Valle de Santiago"},"content":{"rendered":"\n<p>Valle de Santiago, Gto.- Desde este lunes 6 de octubre, Tere Tovar asumi\u00f3 oficialmente el cargo de directora de Comunicaci\u00f3n Social en el municipio. Originaria de Salamanca, Tovar es comunic\u00f3loga con amplia experiencia, preparaci\u00f3n y capacidad para enfrentar este nuevo reto.<\/p>\n\n\n\n<p>Con su nombramiento, se convierte en la cuarta persona en ocupar esta direcci\u00f3n durante la administraci\u00f3n del Lic. Israel Mosqueda, presidente municipal emanado del partido MORENA.<\/p>\n\n\n\n<p>\ud83d\udccc Breve recuento de los cambios en el \u00e1rea:<\/p>\n\n\n\n<ul class=\"wp-block-list\">\n<li>El primer titular fue Jorge Ju\u00e1rez, quien permaneci\u00f3 solo unos d\u00edas en el cargo antes de ser reubicado al Sistema Municipal de Agua Potable y Alcantarillado, en el \u00e1rea de Cultura del Agua.<\/li>\n\n\n\n<li>Posteriormente, Gabriel Le\u00f3n, comunic\u00f3logo y fundador del medio digital Testigo News Baj\u00edo, asumi\u00f3 la direcci\u00f3n.<\/li>\n\n\n\n<li>Tras su salida, Rafael Cruz, originario de Jaral del Progreso y exdirector de Comunicaci\u00f3n Social en ese municipio, tom\u00f3 el cargo por algunos meses.<\/li>\n\n\n\n<li>Ahora, Tere Tovar inicia funciones como nueva titular de esta dependencia.<\/li>\n<\/ul>\n\n\n\n<figure class=\"wp-block-image size-large\"><img loading=\"lazy\" decoding=\"async\" width=\"864\" height=\"1024\" src=\"https:\/\/periodiconuevomilenio.com\/wp-content\/uploads\/2025\/10\/IMG_7012-864x1024.jpg\" alt=\"\" class=\"wp-image-26714\" srcset=\"https:\/\/periodiconuevomilenio.com\/wp-content\/uploads\/2025\/10\/IMG_7012-864x1024.jpg 864w, https:\/\/periodiconuevomilenio.com\/wp-content\/uploads\/2025\/10\/IMG_7012-253x300.jpg 253w, https:\/\/periodiconuevomilenio.com\/wp-content\/uploads\/2025\/10\/IMG_7012-768x910.jpg 768w, https:\/\/periodiconuevomilenio.com\/wp-content\/uploads\/2025\/10\/IMG_7012-1296x1536.jpg 1296w, https:\/\/periodiconuevomilenio.com\/wp-content\/uploads\/2025\/10\/IMG_7012-1729x2048.jpg 1729w, https:\/\/periodiconuevomilenio.com\/wp-content\/uploads\/2025\/10\/IMG_7012-1024x1213.jpg 1024w\" sizes=\"auto, (max-width: 864px) 100vw, 864px\" \/><\/figure>\n\n\n","protected":false},"excerpt":{"rendered":"<p>Valle de Santiago, Gto.- Desde este lunes 6 de octubre, Tere Tovar asumi\u00f3 oficialmente el cargo de directora<\/p>\n","protected":false},"author":1,"featured_media":26714,"comment_status":"open","ping_status":"open","sticky":false,"template":"","format":"standard","meta":{"jetpack_post_was_ever_published":false,"_jetpack_newsletter_access":"","_jetpack_dont_email_post_to_subs":false,"_jetpack_newsletter_tier_id":0,"_jetpack_memberships_contains_paywalled_content":false,"_jetpack_memberships_contains_paid_content":false,"footnotes":"","jetpack_publicize_message":"","jetpack_publicize_feature_enabled":false,"jetpack_social_post_already_shared":false,"jetpack_social_options":{"image_generator_settings":{"template":"highway","enabled":false},"version":2}},"categories":[39],"tags":[22],"class_list":["post-26713","post","type-post","status-publish","format-standard","has-post-thumbnail","hentry","category-valle-de-santiago","tag-valle"],"jetpack_publicize_connections":[],"jetpack_sharing_enabled":true,"jetpack_featured_media_url":"https:\/\/periodiconuevomilenio.com\/wp-content\/uploads\/2025\/10\/IMG_7012-scaled.jpg","_links":{"self":[{"href":"https:\/\/periodiconuevomilenio.com\/index.php\/wp-json\/wp\/v2\/posts\/26713","targetHints":{"allow":["GET"]}}],"collection":[{"href":"https:\/\/periodiconuevomilenio.com\/index.php\/wp-json\/wp\/v2\/posts"}],"about":[{"href":"https:\/\/periodiconuevomilenio.com\/index.php\/wp-json\/wp\/v2\/types\/post"}],"author":[{"embeddable":true,"href":"https:\/\/periodiconuevomilenio.com\/index.php\/wp-json\/wp\/v2\/users\/1"}],"replies":[{"embeddable":true,"href":"https:\/\/periodiconuevomilenio.com\/index.php\/wp-json\/wp\/v2\/comments?post=26713"}],"version-history":[{"count":1,"href":"https:\/\/periodiconuevomilenio.com\/index.php\/wp-json\/wp\/v2\/posts\/26713\/revisions"}],"predecessor-version":[{"id":26715,"href":"https:\/\/periodiconuevomilenio.com\/index.php\/wp-json\/wp\/v2\/posts\/26713\/revisions\/26715"}],"wp:featuredmedia":[{"embeddable":true,"href":"https:\/\/periodiconuevomilenio.com\/index.php\/wp-json\/wp\/v2\/media\/26714"}],"wp:attachment":[{"href":"https:\/\/periodiconuevomilenio.com\/index.php\/wp-json\/wp\/v2\/media?parent=26713"}],"wp:term":[{"taxonomy":"category","embeddable":true,"href":"https:\/\/periodiconuevomilenio.com\/index.php\/wp-json\/wp\/v2\/categories?post=26713"},{"taxonomy":"post_tag","embeddable":true,"href":"https:\/\/periodiconuevomilenio.com\/index.php\/wp-json\/wp\/v2\/tags?post=26713"}],"curies":[{"name":"wp","href":"https:\/\/api.w.org\/{rel}","templated":true}]}}