{"id":26760,"date":"2025-10-09T00:15:58","date_gmt":"2025-10-09T06:15:58","guid":{"rendered":"https:\/\/periodiconuevomilenio.com\/?p=26760"},"modified":"2025-10-09T00:16:00","modified_gmt":"2025-10-09T06:16:00","slug":"personaje-de-mi-pueblo","status":"publish","type":"post","link":"https:\/\/periodiconuevomilenio.com\/index.php\/2025\/10\/09\/personaje-de-mi-pueblo\/","title":{"rendered":"Personaje de mi Pueblo"},"content":{"rendered":"\n<p>Homenaje a \u201cCarmelin\u201d y a los voceadores que nos dieron voz en papel<\/p>\n\n\n\n<p>En Valle de Santiago, GTO, a\u00fan resuena en la memoria colectiva el preg\u00f3n de Carmelo Garc\u00eda, mejor conocido como \u201cCarmelin\u201d, quien junto a su inseparable compa\u00f1era de vida, do\u00f1a Juana Escobedo, se convirti\u00f3 en uno de los voceadores m\u00e1s queridos y emblem\u00e1ticos de la ciudad.<\/p>\n\n\n\n<p>Desde finales de los a\u00f1os 70 y durante toda la d\u00e9cada de los 80 y 90, \u201cCarmelin\u201d recorr\u00eda incansablemente los rincones del mercado municipal, cargando bajo el brazo los peri\u00f3dicos del d\u00eda: El Sol, La Antorcha, La Tribuna, El Centro, Guanajuato Hoy, D\u00eda Siete, Provincia, &nbsp;el Nacional hoy el correo &nbsp;y Nuevo Milenio. Con su voz alegre y su estilo dicharachero, conquistaba a los clientes con su famoso preg\u00f3n:<\/p>\n\n\n\n<p>\ud83d\udde3\ufe0f \u201c\u00a1No hagan lo que al cotorra, no lean las noticias de gorra, compren su peri\u00f3dico!\u201d<\/p>\n\n\n\n<p>Fue un verdadero maestro del oficio, siempre puntual, siempre sonriente, siempre con una historia que contar. Tras su retiro, do\u00f1a Juana continu\u00f3 con la labor, manteniendo viva la tradici\u00f3n hasta su fallecimiento. Luego, su hijo Lupe tom\u00f3 la estafeta por algunos a\u00f1os m\u00e1s, cerrando un ciclo familiar de entrega y vocaci\u00f3n.<\/p>\n\n\n\n<p>Hoy, con la llegada de los medios digitales y las redes sociales, los voceadores \u2014aquellos guardianes de la noticia impresa\u2014 est\u00e1n desapareciendo poco a poco. Ya no se escucha el eco de los pregones en las calles, ni el crujir del papel reci\u00e9n doblado. Pero su legado vive en cada recuerdo, en cada esquina donde alguna vez se vendi\u00f3 una verdad impresa.<\/p>\n\n\n\n<p>Este es un homenaje a \u201cCarmelin\u201d y a todos los voceadores que nos ense\u00f1aron que la noticia tambi\u00e9n se lleva en el coraz\u00f3n.<\/p>\n\n\n\n<p>\ud83d\udd4a\ufe0f Gracias por dar voz a los d\u00edas. Gracias por ser parte de nuestra historia.<\/p>\n\n\n\n<p>ValleDeSantiago #Voceadores #Carmelin #MemoriaColectiva #PrensaImpresa #Homenaje #Tradici\u00f3nQueDesaparece<\/p>\n\n\n\n<figure class=\"wp-block-image size-large\"><img loading=\"lazy\" decoding=\"async\" width=\"1024\" height=\"760\" src=\"https:\/\/periodiconuevomilenio.com\/wp-content\/uploads\/2025\/10\/aun-1024x760.jpg\" alt=\"\" class=\"wp-image-26761\" srcset=\"https:\/\/periodiconuevomilenio.com\/wp-content\/uploads\/2025\/10\/aun-1024x760.jpg 1024w, https:\/\/periodiconuevomilenio.com\/wp-content\/uploads\/2025\/10\/aun-300x223.jpg 300w, https:\/\/periodiconuevomilenio.com\/wp-content\/uploads\/2025\/10\/aun-768x570.jpg 768w, https:\/\/periodiconuevomilenio.com\/wp-content\/uploads\/2025\/10\/aun-1536x1140.jpg 1536w, https:\/\/periodiconuevomilenio.com\/wp-content\/uploads\/2025\/10\/aun-2048x1520.jpg 2048w\" sizes=\"auto, (max-width: 1024px) 100vw, 1024px\" \/><\/figure>\n\n\n","protected":false},"excerpt":{"rendered":"<p>Homenaje a \u201cCarmelin\u201d y a los voceadores que nos dieron voz en papel En Valle de Santiago, GTO,<\/p>\n","protected":false},"author":1,"featured_media":26761,"comment_status":"open","ping_status":"open","sticky":false,"template":"","format":"standard","meta":{"jetpack_post_was_ever_published":false,"_jetpack_newsletter_access":"","_jetpack_dont_email_post_to_subs":false,"_jetpack_newsletter_tier_id":0,"_jetpack_memberships_contains_paywalled_content":false,"_jetpack_memberships_contains_paid_content":false,"footnotes":"","jetpack_publicize_message":"","jetpack_publicize_feature_enabled":false,"jetpack_social_post_already_shared":false,"jetpack_social_options":{"image_generator_settings":{"template":"highway","enabled":false},"version":2}},"categories":[39],"tags":[22],"class_list":["post-26760","post","type-post","status-publish","format-standard","has-post-thumbnail","hentry","category-valle-de-santiago","tag-valle"],"jetpack_publicize_connections":[],"jetpack_sharing_enabled":true,"jetpack_featured_media_url":"https:\/\/periodiconuevomilenio.com\/wp-content\/uploads\/2025\/10\/aun.jpg","_links":{"self":[{"href":"https:\/\/periodiconuevomilenio.com\/index.php\/wp-json\/wp\/v2\/posts\/26760","targetHints":{"allow":["GET"]}}],"collection":[{"href":"https:\/\/periodiconuevomilenio.com\/index.php\/wp-json\/wp\/v2\/posts"}],"about":[{"href":"https:\/\/periodiconuevomilenio.com\/index.php\/wp-json\/wp\/v2\/types\/post"}],"author":[{"embeddable":true,"href":"https:\/\/periodiconuevomilenio.com\/index.php\/wp-json\/wp\/v2\/users\/1"}],"replies":[{"embeddable":true,"href":"https:\/\/periodiconuevomilenio.com\/index.php\/wp-json\/wp\/v2\/comments?post=26760"}],"version-history":[{"count":1,"href":"https:\/\/periodiconuevomilenio.com\/index.php\/wp-json\/wp\/v2\/posts\/26760\/revisions"}],"predecessor-version":[{"id":26762,"href":"https:\/\/periodiconuevomilenio.com\/index.php\/wp-json\/wp\/v2\/posts\/26760\/revisions\/26762"}],"wp:featuredmedia":[{"embeddable":true,"href":"https:\/\/periodiconuevomilenio.com\/index.php\/wp-json\/wp\/v2\/media\/26761"}],"wp:attachment":[{"href":"https:\/\/periodiconuevomilenio.com\/index.php\/wp-json\/wp\/v2\/media?parent=26760"}],"wp:term":[{"taxonomy":"category","embeddable":true,"href":"https:\/\/periodiconuevomilenio.com\/index.php\/wp-json\/wp\/v2\/categories?post=26760"},{"taxonomy":"post_tag","embeddable":true,"href":"https:\/\/periodiconuevomilenio.com\/index.php\/wp-json\/wp\/v2\/tags?post=26760"}],"curies":[{"name":"wp","href":"https:\/\/api.w.org\/{rel}","templated":true}]}}