{"id":26764,"date":"2025-10-09T09:44:49","date_gmt":"2025-10-09T15:44:49","guid":{"rendered":"https:\/\/periodiconuevomilenio.com\/?p=26764"},"modified":"2025-10-09T09:44:51","modified_gmt":"2025-10-09T15:44:51","slug":"servicio-de-carrera-un-reconocimiento-al-esfuerzo-la-formacion-y-la-vocacion-de-servicio","status":"publish","type":"post","link":"https:\/\/periodiconuevomilenio.com\/index.php\/2025\/10\/09\/servicio-de-carrera-un-reconocimiento-al-esfuerzo-la-formacion-y-la-vocacion-de-servicio\/","title":{"rendered":"SERVICIO DE CARRERA: UN RECONOCIMIENTO AL ESFUERZO, \u00a0LA FORMACI\u00d3N \u00a0Y LA VOCACI\u00d3N DE SERVICIO"},"content":{"rendered":"\n<p>Con gran orgullo, la <strong>Fiscal\u00eda General del Estado de Guanajuato <\/strong>llev\u00f3 &nbsp;a cabo la <strong>Ceremonia Especial del Servicio de Carrera, <\/strong>un evento que representa el compromiso de esta instituci\u00f3n con la &nbsp;formaci\u00f3n profesional, la &nbsp;\u00e9tica y&nbsp; la excelencia en el servicio p\u00fablico.<\/p>\n\n\n\n<p>Durante la &nbsp;ceremonia, se reconoci\u00f3 a servidoras y servidores p\u00fablicos que concluyeron satisfactoriamente los &nbsp;programas de formaci\u00f3n inicial &nbsp;y certificaci\u00f3n &nbsp;profesional, &nbsp;reafirmando su compromiso con una procuraci\u00f3n de justicia humana, cercana y con sentido social.<\/p>\n\n\n\n<p>En &nbsp;el marco del evento, se realiz\u00f3 la entrega de <strong>30 constancias de egreso <\/strong>a quienes &nbsp;concluyeron la &nbsp;<strong>Especialidad &nbsp;en Procuraci\u00f3n de &nbsp;Justicia Penal, <\/strong>programa que forma &nbsp;parte del &nbsp;ingreso al &nbsp;<strong>Servicio de Carrera &nbsp;Ministerial<\/strong>. Adem\u00e1s,&nbsp; se otorgaron reconocimientos a los &nbsp;tres mejores&nbsp; alumnos y &nbsp;dos docentes destacados, por su dedicaci\u00f3n y excelencia acad\u00e9mica.<\/p>\n\n\n\n<p>Asimismo, se entregaron <strong>63 &nbsp;certificados de competencias profesionales <\/strong>a <strong>agentes del <\/strong><strong>M<\/strong><strong>inist<\/strong><strong>e<\/strong><strong>r<\/strong><strong>io <\/strong><strong>P\u00fablico <\/strong>que acreditaron su evaluaci\u00f3n dentro del <strong>Programa de &nbsp;C<\/strong><strong>e<\/strong><strong>r<\/strong><strong>ti<\/strong><strong>ficaci<\/strong><strong>\u00f3n&nbsp;&nbsp; <\/strong><strong>I<\/strong><strong>n<\/strong><strong>te<\/strong><strong>r<\/strong><strong>n<\/strong><strong>a&nbsp;&nbsp; <\/strong><strong>F<\/strong><strong>GEG<\/strong>. &nbsp;De&nbsp;&nbsp; ellos, &nbsp;<strong>44 &nbsp;<\/strong>obtuvieron &nbsp;la <strong>ce<\/strong><strong>r<\/strong><strong>ti<\/strong><strong>fica<\/strong><strong>ci<\/strong><strong>\u00f3n&nbsp; &nbsp;<\/strong><strong>e<\/strong><strong>n &nbsp;<\/strong><strong>la&nbsp;&nbsp; &nbsp;Direcci\u00f3n &nbsp;de&nbsp;&nbsp; la&nbsp;&nbsp; &nbsp;Investigaci\u00f3n&nbsp; &nbsp;y&nbsp; &nbsp;Litigaci\u00f3n&nbsp; &nbsp;en Audiencias &nbsp;Preliminares<\/strong>, &nbsp;y&nbsp; &nbsp;<strong>19&nbsp;&nbsp; <\/strong>en &nbsp;<strong>Litigaci\u00f3n&nbsp; &nbsp;en &nbsp;Etapa &nbsp;Intermedia&nbsp; &nbsp;y Litigaci\u00f3n en &nbsp;Juicio&nbsp; Oral,&nbsp; &nbsp;<\/strong>demostrando la&nbsp; &nbsp;calidad &nbsp;t\u00e9cnica &nbsp;y &nbsp;\u00e9tica que caracteriza al personal ministerial de la instituci\u00f3n.<\/p>\n\n\n\n<p>Durante su intervenci\u00f3n, &nbsp;<strong>F<\/strong><strong>austino &nbsp;Parra <\/strong><strong>R<\/strong><strong>iv<\/strong><strong>e<\/strong><strong>r<\/strong><strong>a, &nbsp;<\/strong><strong>D<\/strong><strong>irec<\/strong><strong>to<\/strong><strong>r &nbsp;<\/strong><strong>Ge<\/strong><strong>n<\/strong><strong>e<\/strong><strong>r<\/strong><strong>al &nbsp;<\/strong><strong>d<\/strong><strong>e&nbsp; la <\/strong><strong>A<\/strong><strong>gencia de <\/strong><strong>I<\/strong><strong>n<\/strong><strong>v<\/strong><strong>e<\/strong><strong>sti<\/strong><strong>ga<\/strong><strong>ci<\/strong><strong>\u00f3n &nbsp;C<\/strong><strong>r<\/strong><strong>im<\/strong><strong>ina<\/strong><strong>l<\/strong>,&nbsp; reconoci\u00f3 a los &nbsp;presentes por haber concluido &nbsp;su&nbsp; &nbsp;preparaci\u00f3n&nbsp; &nbsp;y&nbsp; &nbsp;por &nbsp;seguir&nbsp;&nbsp; cumpliendo&nbsp; &nbsp;con&nbsp; &nbsp;la&nbsp;&nbsp; &nbsp;esencia institucional, la &nbsp;procuraci\u00f3n de justicia &nbsp;con esp\u00edritu de servicio, &nbsp;con esp\u00edritu humano, con esp\u00edritu de servir siempre a la gente\u201d.<\/p>\n\n\n\n<p>Uno &nbsp;de &nbsp;los&nbsp;&nbsp; &nbsp;momentos &nbsp;m\u00e1s &nbsp;significativos&nbsp; &nbsp;fue&nbsp; &nbsp;la&nbsp;&nbsp;&nbsp; <strong>graduaci\u00f3n &nbsp;de &nbsp;las generaciones &nbsp;89 <\/strong>y &nbsp;<strong>90 &nbsp;del&nbsp; Curso de &nbsp;Formaci\u00f3n Inicial&nbsp; <\/strong>para <strong>Agente &nbsp;de Investigaci\u00f3n Criminal<\/strong>, donde se entregaron <strong>97 constancias <\/strong>de egreso. Las y los nuevos agentes recibieron reconocimientos especiales por su esfuerzo y desempe\u00f1o, &nbsp;as\u00ed &nbsp;como la &nbsp;entrega de escudos conmemorativos, &nbsp;s\u00edmbolo del<\/p>\n\n\n\n<p>valor, &nbsp;la integridad y la responsabilidad que los &nbsp;acompa\u00f1ar\u00e1 en su servicio a la sociedad.<\/p>\n\n\n\n<p>El &nbsp;<strong>Fiscal &nbsp;General &nbsp;del &nbsp;Estado, &nbsp;Gerardo &nbsp;V\u00e1zquez &nbsp;Alatriste<\/strong>, &nbsp;reconoci\u00f3&nbsp; el esfuerzo&nbsp; &nbsp;de &nbsp;todas &nbsp;las&nbsp; &nbsp;personas que &nbsp;participaron en &nbsp;este &nbsp;proceso de formaci\u00f3n y certificaci\u00f3n, as\u00ed &nbsp;como el papel fundamental de los &nbsp;docentes, instructores y familias que acompa\u00f1aron cada paso.<\/p>\n\n\n\n<p>En &nbsp;su mensaje, se dirigi\u00f3 a los &nbsp;<strong>190 <\/strong>reconocidos: \u201cQueridos profesionales de la Fiscal\u00eda General, el &nbsp;hilo conductor de este evento &nbsp;es la &nbsp;certificaci\u00f3n &nbsp;de su profesionalizaci\u00f3n &nbsp;como&nbsp; herramienta &nbsp;para &nbsp;la&nbsp; &nbsp;justicia &nbsp;social &nbsp;y &nbsp;la&nbsp; &nbsp;paz. &nbsp;La apuesta &nbsp;de &nbsp;esta &nbsp;instituci\u00f3n por el &nbsp;servicio de &nbsp;carrera&nbsp; y &nbsp;la&nbsp; &nbsp;certificaci\u00f3n constante no son una opci\u00f3n, sino una necesidad impuesta por los &nbsp;desaf\u00edos que enfrentamos d\u00eda &nbsp;con d\u00eda\u201d.<\/p>\n\n\n\n<p>\u201cSi no tienen miedo a ser exitosos, est\u00e1n en el &nbsp;lugar &nbsp;correcto; si &nbsp;no tienen miedo a que, con su trabajo leal, &nbsp;objetivo y humanista, logremos consolidar los &nbsp;m\u00e1s caros anhelos de la &nbsp;justicia, &nbsp;est\u00e1n en el &nbsp;lugar &nbsp;correcto; si no tienen miedo de que, con su trabajo, llevemos al Guanajuato que todos esperamos y necesitamos de ustedes, est\u00e1n en el &nbsp;lugar correcto; si &nbsp;no tienen miedo de que en M\u00e9xico se pueda &nbsp;hacer el &nbsp;bien y que la &nbsp;justicia &nbsp;impere, est\u00e1n en el lugar correcto\u201d, finaliz\u00f3 el Fiscal General.<\/p>\n\n\n\n<p>Por su parte, la <strong>Gobernadora Libia &nbsp;Dennise Garc\u00eda Mu\u00f1oz Ledo<\/strong>, felicit\u00f3 a las y &nbsp;los&nbsp; &nbsp;egresados &nbsp;por su &nbsp;compromiso con&nbsp; Guanajuato, &nbsp;y &nbsp;resalt\u00f3: &nbsp;\u201cQuiero reconocer a esta fiscal\u00eda que ha implementado un modelo de cercan\u00eda, un modelo de servicio, un modelo que nos permite que sigan avanzando los mejores, porque es as\u00ed &nbsp;como vamos a lograr fortalecer las &nbsp;instituciones del Estado. Firmes en la ley pero humanos en el trato\u201d.<\/p>\n\n\n\n<p>El evento concluy\u00f3 con la presentaci\u00f3n del video institucional y la tradicional fotograf\u00eda &nbsp;conmemorativa, &nbsp;seguida de un espacio de convivencia&nbsp; donde familiares,&nbsp; docentes y &nbsp;autoridades &nbsp;compartieron &nbsp;momentos &nbsp;de&nbsp; orgullo y satisfacci\u00f3n por los logros alcanzados.<\/p>\n\n\n\n<p>Esta ceremonia es un recordatorio de que la &nbsp;justicia &nbsp;se construye cada d\u00eda con humanidad, &nbsp;preparaci\u00f3n y vocaci\u00f3n, &nbsp;en el &nbsp;que, &nbsp;el &nbsp;prop\u00f3sito que une a cada agente, a cada ministerio p\u00fablico y a cada servidor o servidora, es el de servir con empat\u00eda, actuar con justicia y trabajar por la paz de Guanajuato<\/p>\n\n\n\n<figure class=\"wp-block-gallery has-nested-images columns-default is-cropped wp-block-gallery-1 is-layout-flex wp-block-gallery-is-layout-flex\">\n<figure class=\"wp-block-image size-large\"><img loading=\"lazy\" decoding=\"async\" width=\"1024\" height=\"683\" data-id=\"26765\" src=\"https:\/\/periodiconuevomilenio.com\/wp-content\/uploads\/2025\/10\/IMAGEN-584-4-1024x683.jpeg\" alt=\"\" class=\"wp-image-26765\" srcset=\"https:\/\/periodiconuevomilenio.com\/wp-content\/uploads\/2025\/10\/IMAGEN-584-4-1024x683.jpeg 1024w, https:\/\/periodiconuevomilenio.com\/wp-content\/uploads\/2025\/10\/IMAGEN-584-4-300x200.jpeg 300w, https:\/\/periodiconuevomilenio.com\/wp-content\/uploads\/2025\/10\/IMAGEN-584-4-768x512.jpeg 768w, https:\/\/periodiconuevomilenio.com\/wp-content\/uploads\/2025\/10\/IMAGEN-584-4-1536x1024.jpeg 1536w, https:\/\/periodiconuevomilenio.com\/wp-content\/uploads\/2025\/10\/IMAGEN-584-4-2048x1365.jpeg 2048w\" sizes=\"auto, (max-width: 1024px) 100vw, 1024px\" \/><\/figure>\n\n\n\n<figure class=\"wp-block-image size-large\"><img loading=\"lazy\" decoding=\"async\" width=\"1024\" height=\"683\" data-id=\"26766\" src=\"https:\/\/periodiconuevomilenio.com\/wp-content\/uploads\/2025\/10\/IMAGEN-584-5-1024x683.jpeg\" alt=\"\" class=\"wp-image-26766\" srcset=\"https:\/\/periodiconuevomilenio.com\/wp-content\/uploads\/2025\/10\/IMAGEN-584-5-1024x683.jpeg 1024w, https:\/\/periodiconuevomilenio.com\/wp-content\/uploads\/2025\/10\/IMAGEN-584-5-300x200.jpeg 300w, https:\/\/periodiconuevomilenio.com\/wp-content\/uploads\/2025\/10\/IMAGEN-584-5-768x512.jpeg 768w, https:\/\/periodiconuevomilenio.com\/wp-content\/uploads\/2025\/10\/IMAGEN-584-5-1536x1024.jpeg 1536w, https:\/\/periodiconuevomilenio.com\/wp-content\/uploads\/2025\/10\/IMAGEN-584-5-2048x1365.jpeg 2048w\" sizes=\"auto, (max-width: 1024px) 100vw, 1024px\" \/><\/figure>\n\n\n\n<figure class=\"wp-block-image size-large\"><img loading=\"lazy\" decoding=\"async\" width=\"1024\" height=\"575\" data-id=\"26767\" src=\"https:\/\/periodiconuevomilenio.com\/wp-content\/uploads\/2025\/10\/IMAGEN-584-3-1024x575.jpeg\" alt=\"\" class=\"wp-image-26767\" srcset=\"https:\/\/periodiconuevomilenio.com\/wp-content\/uploads\/2025\/10\/IMAGEN-584-3-1024x575.jpeg 1024w, https:\/\/periodiconuevomilenio.com\/wp-content\/uploads\/2025\/10\/IMAGEN-584-3-300x168.jpeg 300w, https:\/\/periodiconuevomilenio.com\/wp-content\/uploads\/2025\/10\/IMAGEN-584-3-768x431.jpeg 768w, https:\/\/periodiconuevomilenio.com\/wp-content\/uploads\/2025\/10\/IMAGEN-584-3-1536x862.jpeg 1536w, https:\/\/periodiconuevomilenio.com\/wp-content\/uploads\/2025\/10\/IMAGEN-584-3-2048x1150.jpeg 2048w, https:\/\/periodiconuevomilenio.com\/wp-content\/uploads\/2025\/10\/IMAGEN-584-3-1280x720.jpeg 1280w\" sizes=\"auto, (max-width: 1024px) 100vw, 1024px\" \/><\/figure>\n\n\n\n<figure class=\"wp-block-image size-large\"><img loading=\"lazy\" decoding=\"async\" width=\"1024\" height=\"683\" data-id=\"26768\" src=\"https:\/\/periodiconuevomilenio.com\/wp-content\/uploads\/2025\/10\/IMAGEN-584-10-1024x683.jpeg\" alt=\"\" class=\"wp-image-26768\" srcset=\"https:\/\/periodiconuevomilenio.com\/wp-content\/uploads\/2025\/10\/IMAGEN-584-10-1024x683.jpeg 1024w, https:\/\/periodiconuevomilenio.com\/wp-content\/uploads\/2025\/10\/IMAGEN-584-10-300x200.jpeg 300w, https:\/\/periodiconuevomilenio.com\/wp-content\/uploads\/2025\/10\/IMAGEN-584-10-768x512.jpeg 768w, https:\/\/periodiconuevomilenio.com\/wp-content\/uploads\/2025\/10\/IMAGEN-584-10-1536x1024.jpeg 1536w, https:\/\/periodiconuevomilenio.com\/wp-content\/uploads\/2025\/10\/IMAGEN-584-10-2048x1365.jpeg 2048w\" sizes=\"auto, (max-width: 1024px) 100vw, 1024px\" \/><\/figure>\n<\/figure>\n\n\n","protected":false},"excerpt":{"rendered":"<p>Con gran orgullo, la Fiscal\u00eda General del Estado de Guanajuato llev\u00f3 &nbsp;a cabo la Ceremonia Especial del Servicio<\/p>\n","protected":false},"author":1,"featured_media":26767,"comment_status":"open","ping_status":"open","sticky":false,"template":"","format":"standard","meta":{"jetpack_post_was_ever_published":false,"_jetpack_newsletter_access":"","_jetpack_dont_email_post_to_subs":false,"_jetpack_newsletter_tier_id":0,"_jetpack_memberships_contains_paywalled_content":false,"_jetpack_memberships_contains_paid_content":false,"footnotes":"","jetpack_publicize_message":"","jetpack_publicize_feature_enabled":false,"jetpack_social_post_already_shared":false,"jetpack_social_options":{"image_generator_settings":{"template":"highway","enabled":false},"version":2}},"categories":[31],"tags":[51],"class_list":["post-26764","post","type-post","status-publish","format-standard","has-post-thumbnail","hentry","category-estado","tag-estado"],"jetpack_publicize_connections":[],"jetpack_sharing_enabled":true,"jetpack_featured_media_url":"https:\/\/periodiconuevomilenio.com\/wp-content\/uploads\/2025\/10\/IMAGEN-584-3-scaled.jpeg","_links":{"self":[{"href":"https:\/\/periodiconuevomilenio.com\/index.php\/wp-json\/wp\/v2\/posts\/26764","targetHints":{"allow":["GET"]}}],"collection":[{"href":"https:\/\/periodiconuevomilenio.com\/index.php\/wp-json\/wp\/v2\/posts"}],"about":[{"href":"https:\/\/periodiconuevomilenio.com\/index.php\/wp-json\/wp\/v2\/types\/post"}],"author":[{"embeddable":true,"href":"https:\/\/periodiconuevomilenio.com\/index.php\/wp-json\/wp\/v2\/users\/1"}],"replies":[{"embeddable":true,"href":"https:\/\/periodiconuevomilenio.com\/index.php\/wp-json\/wp\/v2\/comments?post=26764"}],"version-history":[{"count":1,"href":"https:\/\/periodiconuevomilenio.com\/index.php\/wp-json\/wp\/v2\/posts\/26764\/revisions"}],"predecessor-version":[{"id":26769,"href":"https:\/\/periodiconuevomilenio.com\/index.php\/wp-json\/wp\/v2\/posts\/26764\/revisions\/26769"}],"wp:featuredmedia":[{"embeddable":true,"href":"https:\/\/periodiconuevomilenio.com\/index.php\/wp-json\/wp\/v2\/media\/26767"}],"wp:attachment":[{"href":"https:\/\/periodiconuevomilenio.com\/index.php\/wp-json\/wp\/v2\/media?parent=26764"}],"wp:term":[{"taxonomy":"category","embeddable":true,"href":"https:\/\/periodiconuevomilenio.com\/index.php\/wp-json\/wp\/v2\/categories?post=26764"},{"taxonomy":"post_tag","embeddable":true,"href":"https:\/\/periodiconuevomilenio.com\/index.php\/wp-json\/wp\/v2\/tags?post=26764"}],"curies":[{"name":"wp","href":"https:\/\/api.w.org\/{rel}","templated":true}]}}