{"id":26794,"date":"2025-10-09T15:50:12","date_gmt":"2025-10-09T21:50:12","guid":{"rendered":"https:\/\/periodiconuevomilenio.com\/?p=26794"},"modified":"2025-10-09T15:50:14","modified_gmt":"2025-10-09T21:50:14","slug":"el-presidente-israel-mosqueda-visito-el-modulo-de-acopio-de-la-campana-hilos-que-transforman-reusar-esta-de-moda","status":"publish","type":"post","link":"https:\/\/periodiconuevomilenio.com\/index.php\/2025\/10\/09\/el-presidente-israel-mosqueda-visito-el-modulo-de-acopio-de-la-campana-hilos-que-transforman-reusar-esta-de-moda\/","title":{"rendered":"El presidente Israel Mosqueda visit\u00f3 el m\u00f3dulo de acopio de la campa\u00f1a \u201cHilos que Transforman\u201d \u00a1Reusar est\u00e1 de moda!"},"content":{"rendered":"\n<p>El presidente municipal Israel Mosqueda visit\u00f3 el m\u00f3dulo de acopio de la campa\u00f1a \u201cHilos que Transforman\u201d \u00a1Reusar est\u00e1 de moda!, ubicado en el Jard\u00edn Principal de Valle de Santiago, donde reconoci\u00f3 la participaci\u00f3n y compromiso de la ciudadan\u00eda con esta noble iniciativa a favor del medio ambiente.<\/p>\n\n\n\n<p>El m\u00f3dulo permanecer\u00e1 instalado hasta el 10 de octubre, en un horario de 9:00 de la ma\u00f1ana a 3:00 de la tarde, invitando a la poblaci\u00f3n a donar prendas de ropa en buen estado y sumarse al cambio.<\/p>\n\n\n\n<p>Como incentivo, por cada donativo m\u00ednimo de 12 prendas, los participantes recibir\u00e1n un \u00e1rbol para plantar, contribuyendo as\u00ed al cuidado del entorno natural.<\/p>\n\n\n\n<p>Las donaciones ser\u00e1n entregadas a la Universidad Tecnol\u00f3gica del Suroeste de Guanajuato (UTSOE), donde los materiales ser\u00e1n transformados en productos con valor art\u00edstico y ambiental, los cuales ser\u00e1n exhibidos en la Alameda durante la celebraci\u00f3n del D\u00eda de Muertos.<\/p>\n\n\n\n<p>La campa\u00f1a es organizada por las Direcciones de Desarrollo Institucional, Medio Ambiente, el Instituto Municipal de la Juventud y la UTSOE, reafirmando el compromiso del Gobierno Municipal de Valle de Santiago con las acciones que promueven la sustentabilidad y el bienestar comunitario.<\/p>\n\n\n\n<p>Hasta el momento se ha registrado una buena respuesta de la ciudadan\u00eda, sin embargo, se contin\u00faa invitando a todas y todos los valle-santiaguenses a participar y donar ropa en buen estado para seguir tejiendo juntos un futuro m\u00e1s verde y solidario.<\/p>\n\n\n\n<figure class=\"wp-block-gallery has-nested-images columns-default is-cropped wp-block-gallery-1 is-layout-flex wp-block-gallery-is-layout-flex\">\n<figure class=\"wp-block-image size-large\"><img loading=\"lazy\" decoding=\"async\" width=\"1024\" height=\"576\" data-id=\"26797\" src=\"https:\/\/periodiconuevomilenio.com\/wp-content\/uploads\/2025\/10\/a8f8f0f2-3521-43ff-8090-0cbb4fc829fc-1024x576.jpg\" alt=\"\" class=\"wp-image-26797\" srcset=\"https:\/\/periodiconuevomilenio.com\/wp-content\/uploads\/2025\/10\/a8f8f0f2-3521-43ff-8090-0cbb4fc829fc-1024x576.jpg 1024w, https:\/\/periodiconuevomilenio.com\/wp-content\/uploads\/2025\/10\/a8f8f0f2-3521-43ff-8090-0cbb4fc829fc-300x169.jpg 300w, https:\/\/periodiconuevomilenio.com\/wp-content\/uploads\/2025\/10\/a8f8f0f2-3521-43ff-8090-0cbb4fc829fc-768x432.jpg 768w, https:\/\/periodiconuevomilenio.com\/wp-content\/uploads\/2025\/10\/a8f8f0f2-3521-43ff-8090-0cbb4fc829fc.jpg 1040w\" sizes=\"auto, (max-width: 1024px) 100vw, 1024px\" \/><\/figure>\n\n\n\n<figure class=\"wp-block-image size-large\"><img loading=\"lazy\" decoding=\"async\" width=\"1024\" height=\"576\" data-id=\"26798\" src=\"https:\/\/periodiconuevomilenio.com\/wp-content\/uploads\/2025\/10\/0a45d491-3c7a-4fa6-b007-bd623ec195a9-1024x576.jpg\" alt=\"\" class=\"wp-image-26798\" srcset=\"https:\/\/periodiconuevomilenio.com\/wp-content\/uploads\/2025\/10\/0a45d491-3c7a-4fa6-b007-bd623ec195a9-1024x576.jpg 1024w, https:\/\/periodiconuevomilenio.com\/wp-content\/uploads\/2025\/10\/0a45d491-3c7a-4fa6-b007-bd623ec195a9-300x169.jpg 300w, https:\/\/periodiconuevomilenio.com\/wp-content\/uploads\/2025\/10\/0a45d491-3c7a-4fa6-b007-bd623ec195a9-768x432.jpg 768w, https:\/\/periodiconuevomilenio.com\/wp-content\/uploads\/2025\/10\/0a45d491-3c7a-4fa6-b007-bd623ec195a9.jpg 1040w\" sizes=\"auto, (max-width: 1024px) 100vw, 1024px\" \/><\/figure>\n<\/figure>\n\n\n\n<figure class=\"wp-block-image size-large\"><img loading=\"lazy\" decoding=\"async\" width=\"1024\" height=\"576\" src=\"https:\/\/periodiconuevomilenio.com\/wp-content\/uploads\/2025\/10\/3df1ff6c-3e32-4cfe-b8af-06f9b6f67da7-1-1024x576.jpg\" alt=\"\" class=\"wp-image-26799\" srcset=\"https:\/\/periodiconuevomilenio.com\/wp-content\/uploads\/2025\/10\/3df1ff6c-3e32-4cfe-b8af-06f9b6f67da7-1-1024x576.jpg 1024w, https:\/\/periodiconuevomilenio.com\/wp-content\/uploads\/2025\/10\/3df1ff6c-3e32-4cfe-b8af-06f9b6f67da7-1-300x169.jpg 300w, https:\/\/periodiconuevomilenio.com\/wp-content\/uploads\/2025\/10\/3df1ff6c-3e32-4cfe-b8af-06f9b6f67da7-1-768x432.jpg 768w, https:\/\/periodiconuevomilenio.com\/wp-content\/uploads\/2025\/10\/3df1ff6c-3e32-4cfe-b8af-06f9b6f67da7-1.jpg 1040w\" sizes=\"auto, (max-width: 1024px) 100vw, 1024px\" \/><\/figure>\n","protected":false},"excerpt":{"rendered":"<p>El presidente municipal Israel Mosqueda visit\u00f3 el m\u00f3dulo de acopio de la campa\u00f1a \u201cHilos que Transforman\u201d \u00a1Reusar est\u00e1<\/p>\n","protected":false},"author":1,"featured_media":26798,"comment_status":"open","ping_status":"open","sticky":false,"template":"","format":"standard","meta":{"jetpack_post_was_ever_published":false,"_jetpack_newsletter_access":"","_jetpack_dont_email_post_to_subs":false,"_jetpack_newsletter_tier_id":0,"_jetpack_memberships_contains_paywalled_content":false,"_jetpack_memberships_contains_paid_content":false,"footnotes":"","jetpack_publicize_message":"","jetpack_publicize_feature_enabled":false,"jetpack_social_post_already_shared":false,"jetpack_social_options":{"image_generator_settings":{"template":"highway","enabled":false},"version":2}},"categories":[39],"tags":[22],"class_list":["post-26794","post","type-post","status-publish","format-standard","has-post-thumbnail","hentry","category-valle-de-santiago","tag-valle"],"jetpack_publicize_connections":[],"jetpack_sharing_enabled":true,"jetpack_featured_media_url":"https:\/\/periodiconuevomilenio.com\/wp-content\/uploads\/2025\/10\/0a45d491-3c7a-4fa6-b007-bd623ec195a9.jpg","_links":{"self":[{"href":"https:\/\/periodiconuevomilenio.com\/index.php\/wp-json\/wp\/v2\/posts\/26794","targetHints":{"allow":["GET"]}}],"collection":[{"href":"https:\/\/periodiconuevomilenio.com\/index.php\/wp-json\/wp\/v2\/posts"}],"about":[{"href":"https:\/\/periodiconuevomilenio.com\/index.php\/wp-json\/wp\/v2\/types\/post"}],"author":[{"embeddable":true,"href":"https:\/\/periodiconuevomilenio.com\/index.php\/wp-json\/wp\/v2\/users\/1"}],"replies":[{"embeddable":true,"href":"https:\/\/periodiconuevomilenio.com\/index.php\/wp-json\/wp\/v2\/comments?post=26794"}],"version-history":[{"count":2,"href":"https:\/\/periodiconuevomilenio.com\/index.php\/wp-json\/wp\/v2\/posts\/26794\/revisions"}],"predecessor-version":[{"id":26801,"href":"https:\/\/periodiconuevomilenio.com\/index.php\/wp-json\/wp\/v2\/posts\/26794\/revisions\/26801"}],"wp:featuredmedia":[{"embeddable":true,"href":"https:\/\/periodiconuevomilenio.com\/index.php\/wp-json\/wp\/v2\/media\/26798"}],"wp:attachment":[{"href":"https:\/\/periodiconuevomilenio.com\/index.php\/wp-json\/wp\/v2\/media?parent=26794"}],"wp:term":[{"taxonomy":"category","embeddable":true,"href":"https:\/\/periodiconuevomilenio.com\/index.php\/wp-json\/wp\/v2\/categories?post=26794"},{"taxonomy":"post_tag","embeddable":true,"href":"https:\/\/periodiconuevomilenio.com\/index.php\/wp-json\/wp\/v2\/tags?post=26794"}],"curies":[{"name":"wp","href":"https:\/\/api.w.org\/{rel}","templated":true}]}}