{"id":2680,"date":"2023-04-26T22:26:18","date_gmt":"2023-04-27T04:26:18","guid":{"rendered":"https:\/\/periodiconuevomilenio.com\/?p=2680"},"modified":"2023-04-26T22:26:19","modified_gmt":"2023-04-27T04:26:19","slug":"sufre-atentado-el-ex-comisariado-de-seguridad-publica","status":"publish","type":"post","link":"https:\/\/periodiconuevomilenio.com\/index.php\/2023\/04\/26\/sufre-atentado-el-ex-comisariado-de-seguridad-publica\/","title":{"rendered":"Sufre atentado el Ex- Comisariado de Seguridad P\u00fablica."},"content":{"rendered":"\n<p>\u2022\u00a0\u00a0\u00a0\u00a0\u00a0\u00a0\u00a0 Fue traslado al hospital en c\u00f3digo rojo<\/p>\n\n\n\n<p><\/p>\n\n\n\n<p>VALLE DE SANTIAGO, GTO.- Grave atentado sufri\u00f3 el ex- Comisario  de Seguridad P\u00fablica\u00a0 del Municipio, Hilario Garc\u00eda,\u00a0 hechos que ocurrieron alrededor de las 9 de la noche de este mi\u00e9rcoles 26 de abril en las calles de Albino Garc\u00eda, Libertad, frente al sal\u00f3n flamingos, se teme por su vida, ya que fue trasladado en c\u00f3digo rojo.<\/p>\n\n\n\n<p>Se dijo que fue a eso de las 8 de la noche con 50 minutos, cuando al&nbsp;&nbsp; sistema de emergencia 911 llego una llamada de auxilio, solicitando la presencia&nbsp; de elementos, pues hab\u00edan baleado al ex director, el comandante Hilario.<\/p>\n\n\n\n<p>&nbsp;Sin que se sepa con exactitud si el atentado lo sufri\u00f3 a bordo de su veh\u00edculo o estaba caminado cuando fue sorprendido a corta distancia le dispararon, haciendo blanco en su cuerpo varios disparos. Los preventivos al ver que se trataba de su compa\u00f1ero y ex jefe no esperaron m\u00e1s tiempo y&nbsp;&nbsp; lo trasladaron al hospital a bordo de la patrulla, el reporte es que se encuentra delicado<\/p>\n\n\n\n<p><\/p>\n","protected":false},"excerpt":{"rendered":"<p>\u2022\u00a0\u00a0\u00a0\u00a0\u00a0\u00a0\u00a0 Fue traslado al hospital en c\u00f3digo rojo VALLE DE SANTIAGO, GTO.- Grave atentado sufri\u00f3 el ex- Comisario<\/p>\n","protected":false},"author":1,"featured_media":2681,"comment_status":"open","ping_status":"open","sticky":false,"template":"","format":"standard","meta":{"jetpack_post_was_ever_published":false,"_jetpack_newsletter_access":"","_jetpack_dont_email_post_to_subs":false,"_jetpack_newsletter_tier_id":0,"_jetpack_memberships_contains_paywalled_content":false,"_jetpack_memberships_contains_paid_content":false,"footnotes":"","jetpack_publicize_message":"","jetpack_publicize_feature_enabled":false,"jetpack_social_post_already_shared":false,"jetpack_social_options":{"image_generator_settings":{"template":"highway","enabled":false},"version":2}},"categories":[48,39],"tags":[22],"class_list":["post-2680","post","type-post","status-publish","format-standard","has-post-thumbnail","hentry","category-policiaca","category-valle-de-santiago","tag-valle"],"jetpack_publicize_connections":[],"jetpack_sharing_enabled":true,"jetpack_featured_media_url":"https:\/\/periodiconuevomilenio.com\/wp-content\/uploads\/2023\/04\/img_20220107_194616.jpg","_links":{"self":[{"href":"https:\/\/periodiconuevomilenio.com\/index.php\/wp-json\/wp\/v2\/posts\/2680","targetHints":{"allow":["GET"]}}],"collection":[{"href":"https:\/\/periodiconuevomilenio.com\/index.php\/wp-json\/wp\/v2\/posts"}],"about":[{"href":"https:\/\/periodiconuevomilenio.com\/index.php\/wp-json\/wp\/v2\/types\/post"}],"author":[{"embeddable":true,"href":"https:\/\/periodiconuevomilenio.com\/index.php\/wp-json\/wp\/v2\/users\/1"}],"replies":[{"embeddable":true,"href":"https:\/\/periodiconuevomilenio.com\/index.php\/wp-json\/wp\/v2\/comments?post=2680"}],"version-history":[{"count":1,"href":"https:\/\/periodiconuevomilenio.com\/index.php\/wp-json\/wp\/v2\/posts\/2680\/revisions"}],"predecessor-version":[{"id":2682,"href":"https:\/\/periodiconuevomilenio.com\/index.php\/wp-json\/wp\/v2\/posts\/2680\/revisions\/2682"}],"wp:featuredmedia":[{"embeddable":true,"href":"https:\/\/periodiconuevomilenio.com\/index.php\/wp-json\/wp\/v2\/media\/2681"}],"wp:attachment":[{"href":"https:\/\/periodiconuevomilenio.com\/index.php\/wp-json\/wp\/v2\/media?parent=2680"}],"wp:term":[{"taxonomy":"category","embeddable":true,"href":"https:\/\/periodiconuevomilenio.com\/index.php\/wp-json\/wp\/v2\/categories?post=2680"},{"taxonomy":"post_tag","embeddable":true,"href":"https:\/\/periodiconuevomilenio.com\/index.php\/wp-json\/wp\/v2\/tags?post=2680"}],"curies":[{"name":"wp","href":"https:\/\/api.w.org\/{rel}","templated":true}]}}