{"id":27249,"date":"2025-11-08T23:04:15","date_gmt":"2025-11-09T05:04:15","guid":{"rendered":"https:\/\/periodiconuevomilenio.com\/?p=27249"},"modified":"2025-11-08T23:04:17","modified_gmt":"2025-11-09T05:04:17","slug":"confirman-identidad-de-victima-en-ataque-armado-en-valle-de-santiago","status":"publish","type":"post","link":"https:\/\/periodiconuevomilenio.com\/index.php\/2025\/11\/08\/confirman-identidad-de-victima-en-ataque-armado-en-valle-de-santiago\/","title":{"rendered":"Confirman identidad de v\u00edctima en ataque armado en Valle de Santiago"},"content":{"rendered":"\n<p>\ud83d\udccd <em>Valle de Santiago, GTO<\/em> \u2014 La Fiscal\u00eda General del Estado confirm\u00f3 esta ma\u00f1ana que la persona asesinada el s\u00e1bado frente a la conocida \u201ctienda amarilla\u201d fue identificada por sus familiares como Marco Antonio \u201cN\u201d.<\/p>\n\n\n\n<p>\ud83d\udd50 El ataque ocurri\u00f3 poco antes de la 1:00 p.m. en la calle Revoluci\u00f3n, esquina con calle M\u00e9xico, donde sujetos armados abrieron fuego. La v\u00edctima intent\u00f3 refugiarse en una vivienda, pero lamentablemente perdi\u00f3 la vida en el lugar.<\/p>\n\n\n\n<p>\ud83d\udc6e\u200d\u2642\ufe0f Elementos del Ministerio P\u00fablico, junto con Agentes de Investigaci\u00f3n Criminal y peritos forenses, ya trabajan en el esclarecimiento de los hechos. Las autoridades han iniciado una carpeta de investigaci\u00f3n para dar con los responsables.<\/p>\n\n\n\n<p>\u26a0\ufe0f Este hecho ha generado preocupaci\u00f3n entre vecinos de la zona, quienes piden mayor presencia de seguridad.<\/p>\n\n\n\n<figure class=\"wp-block-image size-large\"><img loading=\"lazy\" decoding=\"async\" width=\"836\" height=\"1024\" src=\"https:\/\/periodiconuevomilenio.com\/wp-content\/uploads\/2025\/11\/img_7765-1-836x1024.jpg\" alt=\"\" class=\"wp-image-27250\" srcset=\"https:\/\/periodiconuevomilenio.com\/wp-content\/uploads\/2025\/11\/img_7765-1-836x1024.jpg 836w, https:\/\/periodiconuevomilenio.com\/wp-content\/uploads\/2025\/11\/img_7765-1-245x300.jpg 245w, https:\/\/periodiconuevomilenio.com\/wp-content\/uploads\/2025\/11\/img_7765-1-768x940.jpg 768w, https:\/\/periodiconuevomilenio.com\/wp-content\/uploads\/2025\/11\/img_7765-1-1254x1536.jpg 1254w, https:\/\/periodiconuevomilenio.com\/wp-content\/uploads\/2025\/11\/img_7765-1-1672x2048.jpg 1672w, https:\/\/periodiconuevomilenio.com\/wp-content\/uploads\/2025\/11\/img_7765-1-1024x1254.jpg 1024w\" sizes=\"auto, (max-width: 836px) 100vw, 836px\" \/><\/figure>\n\n\n","protected":false},"excerpt":{"rendered":"<p>\ud83d\udccd Valle de Santiago, GTO \u2014 La Fiscal\u00eda General del Estado confirm\u00f3 esta ma\u00f1ana que la persona asesinada<\/p>\n","protected":false},"author":1,"featured_media":27250,"comment_status":"open","ping_status":"open","sticky":false,"template":"","format":"standard","meta":{"jetpack_post_was_ever_published":false,"_jetpack_newsletter_access":"","_jetpack_dont_email_post_to_subs":false,"_jetpack_newsletter_tier_id":0,"_jetpack_memberships_contains_paywalled_content":false,"_jetpack_memberships_contains_paid_content":false,"footnotes":"","jetpack_publicize_message":"","jetpack_publicize_feature_enabled":false,"jetpack_social_post_already_shared":false,"jetpack_social_options":{"image_generator_settings":{"template":"highway","enabled":false},"version":2}},"categories":[31,48,39],"tags":[22],"class_list":["post-27249","post","type-post","status-publish","format-standard","has-post-thumbnail","hentry","category-estado","category-policiaca","category-valle-de-santiago","tag-valle"],"jetpack_publicize_connections":[],"jetpack_sharing_enabled":true,"jetpack_featured_media_url":"https:\/\/periodiconuevomilenio.com\/wp-content\/uploads\/2025\/11\/img_7765-1-scaled.jpg","_links":{"self":[{"href":"https:\/\/periodiconuevomilenio.com\/index.php\/wp-json\/wp\/v2\/posts\/27249","targetHints":{"allow":["GET"]}}],"collection":[{"href":"https:\/\/periodiconuevomilenio.com\/index.php\/wp-json\/wp\/v2\/posts"}],"about":[{"href":"https:\/\/periodiconuevomilenio.com\/index.php\/wp-json\/wp\/v2\/types\/post"}],"author":[{"embeddable":true,"href":"https:\/\/periodiconuevomilenio.com\/index.php\/wp-json\/wp\/v2\/users\/1"}],"replies":[{"embeddable":true,"href":"https:\/\/periodiconuevomilenio.com\/index.php\/wp-json\/wp\/v2\/comments?post=27249"}],"version-history":[{"count":1,"href":"https:\/\/periodiconuevomilenio.com\/index.php\/wp-json\/wp\/v2\/posts\/27249\/revisions"}],"predecessor-version":[{"id":27251,"href":"https:\/\/periodiconuevomilenio.com\/index.php\/wp-json\/wp\/v2\/posts\/27249\/revisions\/27251"}],"wp:featuredmedia":[{"embeddable":true,"href":"https:\/\/periodiconuevomilenio.com\/index.php\/wp-json\/wp\/v2\/media\/27250"}],"wp:attachment":[{"href":"https:\/\/periodiconuevomilenio.com\/index.php\/wp-json\/wp\/v2\/media?parent=27249"}],"wp:term":[{"taxonomy":"category","embeddable":true,"href":"https:\/\/periodiconuevomilenio.com\/index.php\/wp-json\/wp\/v2\/categories?post=27249"},{"taxonomy":"post_tag","embeddable":true,"href":"https:\/\/periodiconuevomilenio.com\/index.php\/wp-json\/wp\/v2\/tags?post=27249"}],"curies":[{"name":"wp","href":"https:\/\/api.w.org\/{rel}","templated":true}]}}