{"id":27445,"date":"2025-11-23T22:58:19","date_gmt":"2025-11-24T04:58:19","guid":{"rendered":"https:\/\/periodiconuevomilenio.com\/?p=27445"},"modified":"2025-11-23T22:58:21","modified_gmt":"2025-11-24T04:58:21","slug":"ataque-armado-deja-un-hombre-herido-en-valle-de-santiago","status":"publish","type":"post","link":"https:\/\/periodiconuevomilenio.com\/index.php\/2025\/11\/23\/ataque-armado-deja-un-hombre-herido-en-valle-de-santiago\/","title":{"rendered":"Ataque armado deja un hombre herido en Valle de Santiago"},"content":{"rendered":"\n<p>Valle de Santiago, Gto.- La tarde de este domingo 23 de noviembre se registr\u00f3 un nuevo ataque a balazos en la ciudad, dejando como saldo un hombre gravemente herido que tuvo que ser trasladado de inmediato a recibir atenci\u00f3n m\u00e9dica.<\/p>\n\n\n\n<p>&#8211; Poco despu\u00e9s de las 7:00 de la noche, el sistema de emergencias 911 recibi\u00f3 una llamada alertando sobre detonaciones de arma de fuego cerca del tanque elevado, en la zona del Seguro.&nbsp;<\/p>\n\n\n\n<p>&#8211; Elementos de Seguridad P\u00fablica y param\u00e9dicos acudieron al lugar, donde localizaron a un hombre lesionado.&nbsp;<\/p>\n\n\n\n<p>&#8211; Tras ser revisado, se determin\u00f3 que a\u00fan presentaba signos vitales, por lo que fue trasladado al hospital en c\u00f3digo rojo.<\/p>\n\n\n\n<p>El herido fue identificado como Luis \u00c1ngel \u201cN\u201d, quien permanece bajo observaci\u00f3n m\u00e9dica debido a la gravedad de las lesiones, que ponen en riesgo su vida.<\/p>\n\n\n\n<p>El Ministerio P\u00fablico y agentes de la Agencia de Investigaci\u00f3n Criminal tomaron conocimiento del caso y ya trabajan para esclarecer las causas del atentado, as\u00ed como para identificar a los responsables de este hecho, considerado como homicidio en grado de tentativa.<\/p>\n\n\n\n<figure class=\"wp-block-image size-large\"><img loading=\"lazy\" decoding=\"async\" width=\"827\" height=\"1024\" src=\"https:\/\/periodiconuevomilenio.com\/wp-content\/uploads\/2025\/11\/img_2415-827x1024.jpg\" alt=\"\" class=\"wp-image-27446\" srcset=\"https:\/\/periodiconuevomilenio.com\/wp-content\/uploads\/2025\/11\/img_2415-827x1024.jpg 827w, https:\/\/periodiconuevomilenio.com\/wp-content\/uploads\/2025\/11\/img_2415-242x300.jpg 242w, https:\/\/periodiconuevomilenio.com\/wp-content\/uploads\/2025\/11\/img_2415-768x951.jpg 768w, https:\/\/periodiconuevomilenio.com\/wp-content\/uploads\/2025\/11\/img_2415-1024x1268.jpg 1024w, https:\/\/periodiconuevomilenio.com\/wp-content\/uploads\/2025\/11\/img_2415.jpg 1077w\" sizes=\"auto, (max-width: 827px) 100vw, 827px\" \/><\/figure>\n\n\n\n\n\n<p>.<\/p>\n","protected":false},"excerpt":{"rendered":"<p>Valle de Santiago, Gto.- La tarde de este domingo 23 de noviembre se registr\u00f3 un nuevo ataque a<\/p>\n","protected":false},"author":1,"featured_media":27446,"comment_status":"open","ping_status":"open","sticky":false,"template":"","format":"standard","meta":{"jetpack_post_was_ever_published":false,"_jetpack_newsletter_access":"","_jetpack_dont_email_post_to_subs":false,"_jetpack_newsletter_tier_id":0,"_jetpack_memberships_contains_paywalled_content":false,"_jetpack_memberships_contains_paid_content":false,"footnotes":"","jetpack_publicize_message":"","jetpack_publicize_feature_enabled":false,"jetpack_social_post_already_shared":false,"jetpack_social_options":{"image_generator_settings":{"template":"highway","enabled":false},"version":2}},"categories":[48,39],"tags":[22],"class_list":["post-27445","post","type-post","status-publish","format-standard","has-post-thumbnail","hentry","category-policiaca","category-valle-de-santiago","tag-valle"],"jetpack_publicize_connections":[],"jetpack_sharing_enabled":true,"jetpack_featured_media_url":"https:\/\/periodiconuevomilenio.com\/wp-content\/uploads\/2025\/11\/img_2415.jpg","_links":{"self":[{"href":"https:\/\/periodiconuevomilenio.com\/index.php\/wp-json\/wp\/v2\/posts\/27445","targetHints":{"allow":["GET"]}}],"collection":[{"href":"https:\/\/periodiconuevomilenio.com\/index.php\/wp-json\/wp\/v2\/posts"}],"about":[{"href":"https:\/\/periodiconuevomilenio.com\/index.php\/wp-json\/wp\/v2\/types\/post"}],"author":[{"embeddable":true,"href":"https:\/\/periodiconuevomilenio.com\/index.php\/wp-json\/wp\/v2\/users\/1"}],"replies":[{"embeddable":true,"href":"https:\/\/periodiconuevomilenio.com\/index.php\/wp-json\/wp\/v2\/comments?post=27445"}],"version-history":[{"count":1,"href":"https:\/\/periodiconuevomilenio.com\/index.php\/wp-json\/wp\/v2\/posts\/27445\/revisions"}],"predecessor-version":[{"id":27447,"href":"https:\/\/periodiconuevomilenio.com\/index.php\/wp-json\/wp\/v2\/posts\/27445\/revisions\/27447"}],"wp:featuredmedia":[{"embeddable":true,"href":"https:\/\/periodiconuevomilenio.com\/index.php\/wp-json\/wp\/v2\/media\/27446"}],"wp:attachment":[{"href":"https:\/\/periodiconuevomilenio.com\/index.php\/wp-json\/wp\/v2\/media?parent=27445"}],"wp:term":[{"taxonomy":"category","embeddable":true,"href":"https:\/\/periodiconuevomilenio.com\/index.php\/wp-json\/wp\/v2\/categories?post=27445"},{"taxonomy":"post_tag","embeddable":true,"href":"https:\/\/periodiconuevomilenio.com\/index.php\/wp-json\/wp\/v2\/tags?post=27445"}],"curies":[{"name":"wp","href":"https:\/\/api.w.org\/{rel}","templated":true}]}}