{"id":27485,"date":"2025-11-27T13:45:03","date_gmt":"2025-11-27T19:45:03","guid":{"rendered":"https:\/\/periodiconuevomilenio.com\/?p=27485"},"modified":"2025-11-27T13:45:05","modified_gmt":"2025-11-27T19:45:05","slug":"murio-joven-atacado-a-balazos-en-la-colonia-la-loma","status":"publish","type":"post","link":"https:\/\/periodiconuevomilenio.com\/index.php\/2025\/11\/27\/murio-joven-atacado-a-balazos-en-la-colonia-la-loma\/","title":{"rendered":"Muri\u00f3 joven atacado a balazos en la colonia La Loma"},"content":{"rendered":"\n<p>VALLE DE SANTIAGO, GTO.- La Fiscal\u00eda General del Estado confirm\u00f3 esta ma\u00f1ana el fallecimiento de un hombre que ayer fue atacado a balazos en la colonia La Loma.<\/p>\n\n\n\n<p> El hecho ocurri\u00f3 alrededor de las 10:10 a.m., cuando vecinos reportaron al 911 detonaciones de arma de fuego en la esquina de Col\u00f3n y Ju\u00e1rez.<\/p>\n\n\n\n<p><br>Param\u00e9dicos de Bomberos y Protecci\u00f3n Civil acudieron al lugar y trasladaron al herido al hospital, donde finalmente perdi\u00f3 la vida.<\/p>\n\n\n\n<p> La v\u00edctima fue identificada por familiares como Juan Ram\u00f3n \u201cN\u201d, de aproximadamente 23 a\u00f1os de edad.<\/p>\n\n\n\n<p>La Fiscal\u00eda de Guanajuato ya inici\u00f3 las investigaciones correspondientes. El Ministerio P\u00fablico, junto con agentes de Investigaci\u00f3n Criminal y peritos de campo, encabezan las diligencias.<\/p>\n\n\n\n\n\n<figure class=\"wp-block-image size-large\"><img loading=\"lazy\" decoding=\"async\" width=\"1024\" height=\"682\" src=\"https:\/\/periodiconuevomilenio.com\/wp-content\/uploads\/2025\/11\/img_0230-2-1-1024x682.jpg\" alt=\"\" class=\"wp-image-27486\" srcset=\"https:\/\/periodiconuevomilenio.com\/wp-content\/uploads\/2025\/11\/img_0230-2-1-1024x682.jpg 1024w, https:\/\/periodiconuevomilenio.com\/wp-content\/uploads\/2025\/11\/img_0230-2-1-300x200.jpg 300w, https:\/\/periodiconuevomilenio.com\/wp-content\/uploads\/2025\/11\/img_0230-2-1-768x511.jpg 768w, https:\/\/periodiconuevomilenio.com\/wp-content\/uploads\/2025\/11\/img_0230-2-1-1536x1023.jpg 1536w, https:\/\/periodiconuevomilenio.com\/wp-content\/uploads\/2025\/11\/img_0230-2-1-2048x1364.jpg 2048w\" sizes=\"auto, (max-width: 1024px) 100vw, 1024px\" \/><\/figure>\n","protected":false},"excerpt":{"rendered":"<p>VALLE DE SANTIAGO, GTO.- La Fiscal\u00eda General del Estado confirm\u00f3 esta ma\u00f1ana el fallecimiento de un hombre que<\/p>\n","protected":false},"author":1,"featured_media":27486,"comment_status":"open","ping_status":"open","sticky":false,"template":"","format":"standard","meta":{"jetpack_post_was_ever_published":false,"_jetpack_newsletter_access":"","_jetpack_dont_email_post_to_subs":false,"_jetpack_newsletter_tier_id":0,"_jetpack_memberships_contains_paywalled_content":false,"_jetpack_memberships_contains_paid_content":false,"footnotes":"","jetpack_publicize_message":"","jetpack_publicize_feature_enabled":false,"jetpack_social_post_already_shared":false,"jetpack_social_options":{"image_generator_settings":{"template":"highway","enabled":false},"version":2}},"categories":[31,48,39],"tags":[51,22],"class_list":["post-27485","post","type-post","status-publish","format-standard","has-post-thumbnail","hentry","category-estado","category-policiaca","category-valle-de-santiago","tag-estado","tag-valle"],"jetpack_publicize_connections":[],"jetpack_sharing_enabled":true,"jetpack_featured_media_url":"https:\/\/periodiconuevomilenio.com\/wp-content\/uploads\/2025\/11\/img_0230-2-1-scaled.jpg","_links":{"self":[{"href":"https:\/\/periodiconuevomilenio.com\/index.php\/wp-json\/wp\/v2\/posts\/27485","targetHints":{"allow":["GET"]}}],"collection":[{"href":"https:\/\/periodiconuevomilenio.com\/index.php\/wp-json\/wp\/v2\/posts"}],"about":[{"href":"https:\/\/periodiconuevomilenio.com\/index.php\/wp-json\/wp\/v2\/types\/post"}],"author":[{"embeddable":true,"href":"https:\/\/periodiconuevomilenio.com\/index.php\/wp-json\/wp\/v2\/users\/1"}],"replies":[{"embeddable":true,"href":"https:\/\/periodiconuevomilenio.com\/index.php\/wp-json\/wp\/v2\/comments?post=27485"}],"version-history":[{"count":1,"href":"https:\/\/periodiconuevomilenio.com\/index.php\/wp-json\/wp\/v2\/posts\/27485\/revisions"}],"predecessor-version":[{"id":27487,"href":"https:\/\/periodiconuevomilenio.com\/index.php\/wp-json\/wp\/v2\/posts\/27485\/revisions\/27487"}],"wp:featuredmedia":[{"embeddable":true,"href":"https:\/\/periodiconuevomilenio.com\/index.php\/wp-json\/wp\/v2\/media\/27486"}],"wp:attachment":[{"href":"https:\/\/periodiconuevomilenio.com\/index.php\/wp-json\/wp\/v2\/media?parent=27485"}],"wp:term":[{"taxonomy":"category","embeddable":true,"href":"https:\/\/periodiconuevomilenio.com\/index.php\/wp-json\/wp\/v2\/categories?post=27485"},{"taxonomy":"post_tag","embeddable":true,"href":"https:\/\/periodiconuevomilenio.com\/index.php\/wp-json\/wp\/v2\/tags?post=27485"}],"curies":[{"name":"wp","href":"https:\/\/api.w.org\/{rel}","templated":true}]}}