{"id":27531,"date":"2025-11-28T17:15:03","date_gmt":"2025-11-28T23:15:03","guid":{"rendered":"https:\/\/periodiconuevomilenio.com\/?p=27531"},"modified":"2025-11-28T17:18:46","modified_gmt":"2025-11-28T23:18:46","slug":"verbomarketing","status":"publish","type":"post","link":"https:\/\/periodiconuevomilenio.com\/index.php\/2025\/11\/28\/verbomarketing\/","title":{"rendered":"Profesionalismo y competitividad, aplicando una nueva metodolog\u00eda: Verbomarketing."},"content":{"rendered":"\n<p>V\u00edctor Flores agradece al Gobierno del Estado y al Gobierno Municipal de Valle de Santiago por el impulso a la profesionalizaci\u00f3n de comerciantes y peque\u00f1os empresarios<\/p>\n\n\n\n<p>Valle de Santiago, Gto.-El creador de la metodolog\u00eda VerboMarketing, V\u00edctor Flores, expres\u00f3 su agradecimiento al Gobierno del Estado de Guanajuato, a trav\u00e9s del Instituto de Innovaci\u00f3n, Ciencia y Emprendimiento para la Competitividad, por la invitaci\u00f3n para impartir una conferencia dirigida a comerciantes, locatarios y peque\u00f1os empresarios del municipio de Valle de Santiago.<\/p>\n\n\n\n<p>Durante la jornada, se abordaron temas relacionados con la profesionalizaci\u00f3n, la competitividad y la importancia de aplicar herramientas innovadoras como VerboMarketing, cuyo prop\u00f3sito es democratizar el uso del marketing y ponerlo al alcance de todos, desde peque\u00f1os negocios hasta empresas de mayor escala.<\/p>\n\n\n\n<p>V\u00edctor Flores destac\u00f3 tambi\u00e9n la anfitrion\u00eda y el inter\u00e9s del Gobierno Municipal de Valle de Santiago, reconociendo su disposici\u00f3n para impulsar actividades formativas que fortalezcan las capacidades de los sectores productivos locales.<\/p>\n\n\n\n<p>En su intervenci\u00f3n, el ponente subray\u00f3 la relevancia del mercado municipal como eje social, econ\u00f3mico y emocional de cualquier localidad, recordando que estos espacios funcionan como un aut\u00e9ntico term\u00f3metro comunitario que refleja la salud econ\u00f3mica y la din\u00e1mica cotidiana de un municipio.<\/p>\n\n\n\n<p>La participaci\u00f3n de comerciantes y asistentes fue fundamental para el di\u00e1logo y la reflexi\u00f3n colectiva sobre el valor de lo local y la importancia de adoptar nuevas metodolog\u00edas para mejorar la atenci\u00f3n, la presencia y la competitividad de los negocios del municipio.<\/p>\n\n\n\n<p>V\u00edctor Flores reiter\u00f3 su agradecimiento al Gobierno del Estado, al Instituto y al Gobierno Municipal de Valle de Santiago por la oportunidad de colaborar en iniciativas que contribuyen al desarrollo econ\u00f3mico y al fortalecimiento del tejido social del territorio.<\/p>\n\n\n\n<figure class=\"wp-block-gallery has-nested-images columns-default is-cropped wp-block-gallery-1 is-layout-flex wp-block-gallery-is-layout-flex\">\n<figure class=\"wp-block-image size-large\"><img loading=\"lazy\" decoding=\"async\" width=\"716\" height=\"1024\" data-id=\"27532\" src=\"https:\/\/periodiconuevomilenio.com\/wp-content\/uploads\/2025\/11\/c0257cd1-9a9d-4400-bac3-1f691684351c-716x1024.jpg\" alt=\"\" class=\"wp-image-27532\" srcset=\"https:\/\/periodiconuevomilenio.com\/wp-content\/uploads\/2025\/11\/c0257cd1-9a9d-4400-bac3-1f691684351c-716x1024.jpg 716w, https:\/\/periodiconuevomilenio.com\/wp-content\/uploads\/2025\/11\/c0257cd1-9a9d-4400-bac3-1f691684351c-210x300.jpg 210w, https:\/\/periodiconuevomilenio.com\/wp-content\/uploads\/2025\/11\/c0257cd1-9a9d-4400-bac3-1f691684351c-768x1098.jpg 768w, https:\/\/periodiconuevomilenio.com\/wp-content\/uploads\/2025\/11\/c0257cd1-9a9d-4400-bac3-1f691684351c-1074x1536.jpg 1074w, https:\/\/periodiconuevomilenio.com\/wp-content\/uploads\/2025\/11\/c0257cd1-9a9d-4400-bac3-1f691684351c-1024x1464.jpg 1024w, https:\/\/periodiconuevomilenio.com\/wp-content\/uploads\/2025\/11\/c0257cd1-9a9d-4400-bac3-1f691684351c.jpg 1080w\" sizes=\"auto, (max-width: 716px) 100vw, 716px\" \/><\/figure>\n\n\n\n<figure class=\"wp-block-image size-large\"><img loading=\"lazy\" decoding=\"async\" width=\"746\" height=\"1024\" data-id=\"27533\" src=\"https:\/\/periodiconuevomilenio.com\/wp-content\/uploads\/2025\/11\/dcbb08f5-a2a3-40b2-9fc8-f090a25e7478-746x1024.jpg\" alt=\"\" class=\"wp-image-27533\" srcset=\"https:\/\/periodiconuevomilenio.com\/wp-content\/uploads\/2025\/11\/dcbb08f5-a2a3-40b2-9fc8-f090a25e7478-746x1024.jpg 746w, https:\/\/periodiconuevomilenio.com\/wp-content\/uploads\/2025\/11\/dcbb08f5-a2a3-40b2-9fc8-f090a25e7478-219x300.jpg 219w, https:\/\/periodiconuevomilenio.com\/wp-content\/uploads\/2025\/11\/dcbb08f5-a2a3-40b2-9fc8-f090a25e7478-768x1054.jpg 768w, https:\/\/periodiconuevomilenio.com\/wp-content\/uploads\/2025\/11\/dcbb08f5-a2a3-40b2-9fc8-f090a25e7478-1024x1405.jpg 1024w, https:\/\/periodiconuevomilenio.com\/wp-content\/uploads\/2025\/11\/dcbb08f5-a2a3-40b2-9fc8-f090a25e7478.jpg 1080w\" sizes=\"auto, (max-width: 746px) 100vw, 746px\" \/><\/figure>\n<\/figure>\n\n\n","protected":false},"excerpt":{"rendered":"<p>V\u00edctor Flores agradece al Gobierno del Estado y al Gobierno Municipal de Valle de Santiago por el impulso<\/p>\n","protected":false},"author":1,"featured_media":27532,"comment_status":"open","ping_status":"open","sticky":false,"template":"","format":"standard","meta":{"jetpack_post_was_ever_published":false,"_jetpack_newsletter_access":"","_jetpack_dont_email_post_to_subs":false,"_jetpack_newsletter_tier_id":0,"_jetpack_memberships_contains_paywalled_content":false,"_jetpack_memberships_contains_paid_content":false,"footnotes":"","jetpack_publicize_message":"","jetpack_publicize_feature_enabled":false,"jetpack_social_post_already_shared":false,"jetpack_social_options":{"image_generator_settings":{"template":"highway","enabled":false},"version":2}},"categories":[31,39],"tags":[51,22],"class_list":["post-27531","post","type-post","status-publish","format-standard","has-post-thumbnail","hentry","category-estado","category-valle-de-santiago","tag-estado","tag-valle"],"jetpack_publicize_connections":[],"jetpack_sharing_enabled":true,"jetpack_featured_media_url":"https:\/\/periodiconuevomilenio.com\/wp-content\/uploads\/2025\/11\/c0257cd1-9a9d-4400-bac3-1f691684351c.jpg","_links":{"self":[{"href":"https:\/\/periodiconuevomilenio.com\/index.php\/wp-json\/wp\/v2\/posts\/27531","targetHints":{"allow":["GET"]}}],"collection":[{"href":"https:\/\/periodiconuevomilenio.com\/index.php\/wp-json\/wp\/v2\/posts"}],"about":[{"href":"https:\/\/periodiconuevomilenio.com\/index.php\/wp-json\/wp\/v2\/types\/post"}],"author":[{"embeddable":true,"href":"https:\/\/periodiconuevomilenio.com\/index.php\/wp-json\/wp\/v2\/users\/1"}],"replies":[{"embeddable":true,"href":"https:\/\/periodiconuevomilenio.com\/index.php\/wp-json\/wp\/v2\/comments?post=27531"}],"version-history":[{"count":2,"href":"https:\/\/periodiconuevomilenio.com\/index.php\/wp-json\/wp\/v2\/posts\/27531\/revisions"}],"predecessor-version":[{"id":27535,"href":"https:\/\/periodiconuevomilenio.com\/index.php\/wp-json\/wp\/v2\/posts\/27531\/revisions\/27535"}],"wp:featuredmedia":[{"embeddable":true,"href":"https:\/\/periodiconuevomilenio.com\/index.php\/wp-json\/wp\/v2\/media\/27532"}],"wp:attachment":[{"href":"https:\/\/periodiconuevomilenio.com\/index.php\/wp-json\/wp\/v2\/media?parent=27531"}],"wp:term":[{"taxonomy":"category","embeddable":true,"href":"https:\/\/periodiconuevomilenio.com\/index.php\/wp-json\/wp\/v2\/categories?post=27531"},{"taxonomy":"post_tag","embeddable":true,"href":"https:\/\/periodiconuevomilenio.com\/index.php\/wp-json\/wp\/v2\/tags?post=27531"}],"curies":[{"name":"wp","href":"https:\/\/api.w.org\/{rel}","templated":true}]}}