{"id":27541,"date":"2025-12-02T20:58:56","date_gmt":"2025-12-03T02:58:56","guid":{"rendered":"https:\/\/periodiconuevomilenio.com\/?p=27541"},"modified":"2025-12-02T20:58:58","modified_gmt":"2025-12-03T02:58:58","slug":"identifican-a-las-personas-sin-vida-en-la-zapata","status":"publish","type":"post","link":"https:\/\/periodiconuevomilenio.com\/index.php\/2025\/12\/02\/identifican-a-las-personas-sin-vida-en-la-zapata\/","title":{"rendered":"Identifican\u00a0 a las personas sin Vida en la zapata"},"content":{"rendered":"\n<p>Valle de Santiago, Gto. &#8211; La Fiscal\u00eda General del Estado de Guanajuato confirm\u00f3 la muerte de dos personas la noche del lunes 1 de diciembre en la colonia Emiliano Zapata. <\/p>\n\n\n\n<p>Las v\u00edctimas, identificadas como Brayan \u00abN\u00bb y Cristofer \u00abN\u00bb, fueron encontradas sin vida en la calle Bonifacio Baltazar, entre Valent\u00edn Varela y Francisco Garc\u00eda, cerca de la cl\u00ednica del seguro social.<\/p>\n\n\n\n<p>La Fiscal\u00eda de Guanajuato ha iniciado investigaciones en torno a los hechos y est\u00e1 trabajando en coordinaci\u00f3n con Agentes de Investigaci\u00f3n Criminal y peritos de campo para esclarecer los hechos y dar con los responsables.<\/p>\n\n\n\n<ul class=\"wp-block-list\">\n<li>El ataque ocurri\u00f3 alrededor de las 21:00 horas.<\/li>\n\n\n\n<li>Los agresores dispararon contra las v\u00edctimas, quienes fallecieron en el lugar.<\/li>\n\n\n\n<li>Param\u00e9dicos del Cuerpo de Bomberos llegaron al lugar, pero no pudieron salvar a los j\u00f3venes.<\/li>\n<\/ul>\n\n\n\n<p>.<\/p>\n\n\n\n<figure class=\"wp-block-image size-large\"><img loading=\"lazy\" decoding=\"async\" width=\"741\" height=\"1024\" src=\"https:\/\/periodiconuevomilenio.com\/wp-content\/uploads\/2025\/12\/img_20230627_104532-741x1024.jpg\" alt=\"\" class=\"wp-image-27542\" srcset=\"https:\/\/periodiconuevomilenio.com\/wp-content\/uploads\/2025\/12\/img_20230627_104532-741x1024.jpg 741w, https:\/\/periodiconuevomilenio.com\/wp-content\/uploads\/2025\/12\/img_20230627_104532-217x300.jpg 217w, https:\/\/periodiconuevomilenio.com\/wp-content\/uploads\/2025\/12\/img_20230627_104532-768x1062.jpg 768w, https:\/\/periodiconuevomilenio.com\/wp-content\/uploads\/2025\/12\/img_20230627_104532-1111x1536.jpg 1111w, https:\/\/periodiconuevomilenio.com\/wp-content\/uploads\/2025\/12\/img_20230627_104532-1024x1416.jpg 1024w, https:\/\/periodiconuevomilenio.com\/wp-content\/uploads\/2025\/12\/img_20230627_104532.jpg 1331w\" sizes=\"auto, (max-width: 741px) 100vw, 741px\" \/><\/figure>\n","protected":false},"excerpt":{"rendered":"<p>Valle de Santiago, Gto. &#8211; La Fiscal\u00eda General del Estado de Guanajuato confirm\u00f3 la muerte de dos personas<\/p>\n","protected":false},"author":1,"featured_media":27542,"comment_status":"open","ping_status":"open","sticky":false,"template":"","format":"standard","meta":{"jetpack_post_was_ever_published":false,"_jetpack_newsletter_access":"","_jetpack_dont_email_post_to_subs":false,"_jetpack_newsletter_tier_id":0,"_jetpack_memberships_contains_paywalled_content":false,"_jetpack_memberships_contains_paid_content":false,"footnotes":"","jetpack_publicize_message":"","jetpack_publicize_feature_enabled":false,"jetpack_social_post_already_shared":false,"jetpack_social_options":{"image_generator_settings":{"template":"highway","enabled":false},"version":2}},"categories":[31,48,39],"tags":[51,22],"class_list":["post-27541","post","type-post","status-publish","format-standard","has-post-thumbnail","hentry","category-estado","category-policiaca","category-valle-de-santiago","tag-estado","tag-valle"],"jetpack_publicize_connections":[],"jetpack_sharing_enabled":true,"jetpack_featured_media_url":"https:\/\/periodiconuevomilenio.com\/wp-content\/uploads\/2025\/12\/img_20230627_104532.jpg","_links":{"self":[{"href":"https:\/\/periodiconuevomilenio.com\/index.php\/wp-json\/wp\/v2\/posts\/27541","targetHints":{"allow":["GET"]}}],"collection":[{"href":"https:\/\/periodiconuevomilenio.com\/index.php\/wp-json\/wp\/v2\/posts"}],"about":[{"href":"https:\/\/periodiconuevomilenio.com\/index.php\/wp-json\/wp\/v2\/types\/post"}],"author":[{"embeddable":true,"href":"https:\/\/periodiconuevomilenio.com\/index.php\/wp-json\/wp\/v2\/users\/1"}],"replies":[{"embeddable":true,"href":"https:\/\/periodiconuevomilenio.com\/index.php\/wp-json\/wp\/v2\/comments?post=27541"}],"version-history":[{"count":1,"href":"https:\/\/periodiconuevomilenio.com\/index.php\/wp-json\/wp\/v2\/posts\/27541\/revisions"}],"predecessor-version":[{"id":27543,"href":"https:\/\/periodiconuevomilenio.com\/index.php\/wp-json\/wp\/v2\/posts\/27541\/revisions\/27543"}],"wp:featuredmedia":[{"embeddable":true,"href":"https:\/\/periodiconuevomilenio.com\/index.php\/wp-json\/wp\/v2\/media\/27542"}],"wp:attachment":[{"href":"https:\/\/periodiconuevomilenio.com\/index.php\/wp-json\/wp\/v2\/media?parent=27541"}],"wp:term":[{"taxonomy":"category","embeddable":true,"href":"https:\/\/periodiconuevomilenio.com\/index.php\/wp-json\/wp\/v2\/categories?post=27541"},{"taxonomy":"post_tag","embeddable":true,"href":"https:\/\/periodiconuevomilenio.com\/index.php\/wp-json\/wp\/v2\/tags?post=27541"}],"curies":[{"name":"wp","href":"https:\/\/api.w.org\/{rel}","templated":true}]}}