{"id":27544,"date":"2025-12-02T21:27:09","date_gmt":"2025-12-03T03:27:09","guid":{"rendered":"https:\/\/periodiconuevomilenio.com\/?p=27544"},"modified":"2025-12-02T21:27:10","modified_gmt":"2025-12-03T03:27:10","slug":"periodistas-de-guanajuato-se-capacitan-sobre-imparticion-de-justicia","status":"publish","type":"post","link":"https:\/\/periodiconuevomilenio.com\/index.php\/2025\/12\/02\/periodistas-de-guanajuato-se-capacitan-sobre-imparticion-de-justicia\/","title":{"rendered":"Periodistas de Guanajuato se Capacitan sobre Impartici\u00f3n de Justicia"},"content":{"rendered":"\n<ul class=\"wp-block-list\">\n<li>Magistrado Francisco Javier Zamora Rocha imparte curso clave<\/li>\n<\/ul>\n\n\n\n<p>Irapuato, Gto. martes 2 de diciembre del 2025.- Integrantes del colectivo Periodistas y Comunicadores del Estado de Guanajuato asistieron al curso de capacitaci\u00f3n fundamental sobre la Impartici\u00f3n de Justicia, dictado por el Magistrado Francisco Javier Zamora Rocha.<\/p>\n\n\n\n<p>La apertura oficial del curso estuvo a cargo del consejero maestro Alfonso Ruiz Chico quien dio la bienvenida a los asistentes a nombre del magistrado presidente del Supremo Tribunal de Justicia del Estado, Dr. H\u00e9ctor, Tinajero Mu\u00f1oz.<\/p>\n\n\n\n<p>Durante su ponencia, el magistrado Zamora Rocha ofreci\u00f3 a los comunicadores una visi\u00f3n panor\u00e1mica de la divisi\u00f3n de poderes en M\u00e9xico y en el Estado de Guanajuato.<\/p>\n\n\n\n<p>Adem\u00e1s, abord\u00f3 detalladamente la conformaci\u00f3n del Poder Judicial del Estado de Guanajuato, sus facultades y competencias. El Magistrado tambi\u00e9n dedic\u00f3 tiempo a exponer y discutir la reciente reforma al Poder Judicial y las perspectivas que esta conlleva para el Estado de Guanajuato.<\/p>\n\n\n\n<p>Ante el grupo de periodistas y comunicadores el magistrado Zamora Rocha destac\u00f3 la importancia crucial de la independencia del Poder Judicial como pilar fundamental del Estado de Derecho y la rendici\u00f3n de cuentas.<\/p>\n\n\n\n<p>Este curso busca fortalecer el conocimiento de los profesionales de la prensa sobre el sistema judicial, esencial para una cobertura informativa m\u00e1s precisa y contextualizada de la administraci\u00f3n de justicia.<\/p>\n\n\n\n<p>El evento se llev\u00f3 a cabo a las 16:30 horas en el Aula Magna del Poder Judicial del Estado, con sede en esta ciudad.<\/p>\n\n\n\n<figure class=\"wp-block-image size-large\"><img loading=\"lazy\" decoding=\"async\" width=\"1024\" height=\"768\" src=\"https:\/\/periodiconuevomilenio.com\/wp-content\/uploads\/2025\/12\/b553696a-7330-46b4-bc57-fc6d0042415e-1024x768.jpg\" alt=\"\" class=\"wp-image-27547\" srcset=\"https:\/\/periodiconuevomilenio.com\/wp-content\/uploads\/2025\/12\/b553696a-7330-46b4-bc57-fc6d0042415e-1024x768.jpg 1024w, https:\/\/periodiconuevomilenio.com\/wp-content\/uploads\/2025\/12\/b553696a-7330-46b4-bc57-fc6d0042415e-300x225.jpg 300w, https:\/\/periodiconuevomilenio.com\/wp-content\/uploads\/2025\/12\/b553696a-7330-46b4-bc57-fc6d0042415e-768x576.jpg 768w, https:\/\/periodiconuevomilenio.com\/wp-content\/uploads\/2025\/12\/b553696a-7330-46b4-bc57-fc6d0042415e.jpg 1280w\" sizes=\"auto, (max-width: 1024px) 100vw, 1024px\" \/><\/figure>\n\n\n\n<figure class=\"wp-block-gallery has-nested-images columns-default is-cropped wp-block-gallery-1 is-layout-flex wp-block-gallery-is-layout-flex\">\n<figure class=\"wp-block-image size-large\"><img loading=\"lazy\" decoding=\"async\" width=\"1024\" height=\"659\" data-id=\"27545\" src=\"https:\/\/periodiconuevomilenio.com\/wp-content\/uploads\/2025\/12\/e5b391d9-5f57-49e8-a77f-8386bf83f61e-1024x659.jpg\" alt=\"\" class=\"wp-image-27545\" srcset=\"https:\/\/periodiconuevomilenio.com\/wp-content\/uploads\/2025\/12\/e5b391d9-5f57-49e8-a77f-8386bf83f61e-1024x659.jpg 1024w, https:\/\/periodiconuevomilenio.com\/wp-content\/uploads\/2025\/12\/e5b391d9-5f57-49e8-a77f-8386bf83f61e-300x193.jpg 300w, https:\/\/periodiconuevomilenio.com\/wp-content\/uploads\/2025\/12\/e5b391d9-5f57-49e8-a77f-8386bf83f61e-768x494.jpg 768w, https:\/\/periodiconuevomilenio.com\/wp-content\/uploads\/2025\/12\/e5b391d9-5f57-49e8-a77f-8386bf83f61e.jpg 1170w\" sizes=\"auto, (max-width: 1024px) 100vw, 1024px\" \/><\/figure>\n\n\n\n<figure class=\"wp-block-image size-large\"><img loading=\"lazy\" decoding=\"async\" width=\"1024\" height=\"768\" data-id=\"27546\" src=\"https:\/\/periodiconuevomilenio.com\/wp-content\/uploads\/2025\/12\/1893b24a-fe18-4f5b-ad08-312f85e492ef-1024x768.jpg\" alt=\"\" class=\"wp-image-27546\" srcset=\"https:\/\/periodiconuevomilenio.com\/wp-content\/uploads\/2025\/12\/1893b24a-fe18-4f5b-ad08-312f85e492ef-1024x768.jpg 1024w, https:\/\/periodiconuevomilenio.com\/wp-content\/uploads\/2025\/12\/1893b24a-fe18-4f5b-ad08-312f85e492ef-300x225.jpg 300w, https:\/\/periodiconuevomilenio.com\/wp-content\/uploads\/2025\/12\/1893b24a-fe18-4f5b-ad08-312f85e492ef-768x576.jpg 768w, https:\/\/periodiconuevomilenio.com\/wp-content\/uploads\/2025\/12\/1893b24a-fe18-4f5b-ad08-312f85e492ef.jpg 1280w\" sizes=\"auto, (max-width: 1024px) 100vw, 1024px\" \/><\/figure>\n<\/figure>\n\n\n","protected":false},"excerpt":{"rendered":"<p>Irapuato, Gto. martes 2 de diciembre del 2025.- Integrantes del colectivo Periodistas y Comunicadores del Estado de Guanajuato<\/p>\n","protected":false},"author":1,"featured_media":27545,"comment_status":"open","ping_status":"open","sticky":false,"template":"","format":"standard","meta":{"jetpack_post_was_ever_published":false,"_jetpack_newsletter_access":"","_jetpack_dont_email_post_to_subs":false,"_jetpack_newsletter_tier_id":0,"_jetpack_memberships_contains_paywalled_content":false,"_jetpack_memberships_contains_paid_content":false,"footnotes":"","jetpack_publicize_message":"","jetpack_publicize_feature_enabled":false,"jetpack_social_post_already_shared":false,"jetpack_social_options":{"image_generator_settings":{"template":"highway","enabled":false},"version":2}},"categories":[31],"tags":[51],"class_list":["post-27544","post","type-post","status-publish","format-standard","has-post-thumbnail","hentry","category-estado","tag-estado"],"jetpack_publicize_connections":[],"jetpack_sharing_enabled":true,"jetpack_featured_media_url":"https:\/\/periodiconuevomilenio.com\/wp-content\/uploads\/2025\/12\/e5b391d9-5f57-49e8-a77f-8386bf83f61e.jpg","_links":{"self":[{"href":"https:\/\/periodiconuevomilenio.com\/index.php\/wp-json\/wp\/v2\/posts\/27544","targetHints":{"allow":["GET"]}}],"collection":[{"href":"https:\/\/periodiconuevomilenio.com\/index.php\/wp-json\/wp\/v2\/posts"}],"about":[{"href":"https:\/\/periodiconuevomilenio.com\/index.php\/wp-json\/wp\/v2\/types\/post"}],"author":[{"embeddable":true,"href":"https:\/\/periodiconuevomilenio.com\/index.php\/wp-json\/wp\/v2\/users\/1"}],"replies":[{"embeddable":true,"href":"https:\/\/periodiconuevomilenio.com\/index.php\/wp-json\/wp\/v2\/comments?post=27544"}],"version-history":[{"count":1,"href":"https:\/\/periodiconuevomilenio.com\/index.php\/wp-json\/wp\/v2\/posts\/27544\/revisions"}],"predecessor-version":[{"id":27548,"href":"https:\/\/periodiconuevomilenio.com\/index.php\/wp-json\/wp\/v2\/posts\/27544\/revisions\/27548"}],"wp:featuredmedia":[{"embeddable":true,"href":"https:\/\/periodiconuevomilenio.com\/index.php\/wp-json\/wp\/v2\/media\/27545"}],"wp:attachment":[{"href":"https:\/\/periodiconuevomilenio.com\/index.php\/wp-json\/wp\/v2\/media?parent=27544"}],"wp:term":[{"taxonomy":"category","embeddable":true,"href":"https:\/\/periodiconuevomilenio.com\/index.php\/wp-json\/wp\/v2\/categories?post=27544"},{"taxonomy":"post_tag","embeddable":true,"href":"https:\/\/periodiconuevomilenio.com\/index.php\/wp-json\/wp\/v2\/tags?post=27544"}],"curies":[{"name":"wp","href":"https:\/\/api.w.org\/{rel}","templated":true}]}}