{"id":28061,"date":"2026-01-20T23:51:47","date_gmt":"2026-01-21T05:51:47","guid":{"rendered":"https:\/\/periodiconuevomilenio.com\/?p=28061"},"modified":"2026-01-20T23:51:49","modified_gmt":"2026-01-21T05:51:49","slug":"definen-comisiones-y-ajustes-para-la-organizacion-de-los-actos-civicos-2026-en-jaral-del-progreso","status":"publish","type":"post","link":"https:\/\/periodiconuevomilenio.com\/index.php\/2026\/01\/20\/definen-comisiones-y-ajustes-para-la-organizacion-de-los-actos-civicos-2026-en-jaral-del-progreso\/","title":{"rendered":"Definen comisiones y ajustes para la organizaci\u00f3n de los actos c\u00edvicos 2026 en Jaral del Progreso"},"content":{"rendered":"\n<p>Jaral del Progreso, Gto., 19 de enero. El Gobierno Municipal de Jaral del Progreso llev\u00f3 a cabo una reuni\u00f3n con representantes de las distintas instituciones educativas de la cabecera municipal, con el objetivo de definir el reparto de comisiones y establecer ajustes para la organizaci\u00f3n de los actos c\u00edvicos correspondientes al a\u00f1o 2026.<\/p>\n\n\n\n<p>En el encuentro estuvieron presentes el Presidente Municipal, Daniel Cimental Barr\u00f3n; el Oficial Mayor, Marco Alfonso Ruiz; el Regidor, Mario Molina; y el Director de Comunicaci\u00f3n Social, Luis Fernando Mosqueda, quienes, en coordinaci\u00f3n con las instituciones educativas, analizaron y acordaron diversos puntos encaminados a mejorar el desarrollo y la log\u00edstica de estas actividades c\u00edvicas.<\/p>\n\n\n\n<p>Entre los principales acuerdos, se estableci\u00f3 que cuando los actos c\u00edvicos se realicen el mismo d\u00eda que los desfiles, estos se llevar\u00e1n a cabo a las 8:00 de la ma\u00f1ana, con el prop\u00f3sito de dar inicio a los desfiles a las 9:00 horas, optimizando tiempos y garantizando una mejor organizaci\u00f3n.<\/p>\n\n\n\n<p>Asimismo, se determin\u00f3 que los actos c\u00edvicos cuya fecha coincida con fines de semana (s\u00e1bado o domingo) ser\u00e1n recorridos al d\u00eda viernes, atendiendo la solicitud de las propias instituciones educativas.<\/p>\n\n\n\n<p>De igual manera, se acord\u00f3 que para el desfile conmemorativo del 20 de noviembre, todas las actividades y participaciones presentadas por las escuelas se realizar\u00e1n sobre la marcha, con el objetivo de generar desfiles m\u00e1s eficientes, din\u00e1micos y vistosos para la ciudadan\u00eda, adem\u00e1s de permitir que las y los participantes disfruten plenamente de estas actividades.<\/p>\n\n\n\n<p>Estos acuerdos refrendan el compromiso del Gobierno Municipal de Jaral del Progreso de trabajar de manera coordinada con el sector educativo, fortaleciendo la organizaci\u00f3n y calidad de los actos c\u00edvicos que fomentan la identidad, el civismo y la participaci\u00f3n ciudadana.<\/p>\n\n\n\n<figure class=\"wp-block-gallery has-nested-images columns-default is-cropped wp-block-gallery-1 is-layout-flex wp-block-gallery-is-layout-flex\">\n<figure class=\"wp-block-image size-large\"><img loading=\"lazy\" decoding=\"async\" width=\"1024\" height=\"768\" data-id=\"28062\" src=\"https:\/\/periodiconuevomilenio.com\/wp-content\/uploads\/2026\/01\/1956ed81-e0df-4add-a190-d4274a14c95f-1024x768.jpg\" alt=\"\" class=\"wp-image-28062\" srcset=\"https:\/\/periodiconuevomilenio.com\/wp-content\/uploads\/2026\/01\/1956ed81-e0df-4add-a190-d4274a14c95f-1024x768.jpg 1024w, https:\/\/periodiconuevomilenio.com\/wp-content\/uploads\/2026\/01\/1956ed81-e0df-4add-a190-d4274a14c95f-300x225.jpg 300w, https:\/\/periodiconuevomilenio.com\/wp-content\/uploads\/2026\/01\/1956ed81-e0df-4add-a190-d4274a14c95f-768x576.jpg 768w, https:\/\/periodiconuevomilenio.com\/wp-content\/uploads\/2026\/01\/1956ed81-e0df-4add-a190-d4274a14c95f.jpg 1280w\" sizes=\"auto, (max-width: 1024px) 100vw, 1024px\" \/><\/figure>\n\n\n\n<figure class=\"wp-block-image size-large\"><img loading=\"lazy\" decoding=\"async\" width=\"1024\" height=\"768\" data-id=\"28063\" src=\"https:\/\/periodiconuevomilenio.com\/wp-content\/uploads\/2026\/01\/38351263-877f-4673-9d3d-edccfc6489c6-1024x768.jpg\" alt=\"\" class=\"wp-image-28063\" srcset=\"https:\/\/periodiconuevomilenio.com\/wp-content\/uploads\/2026\/01\/38351263-877f-4673-9d3d-edccfc6489c6-1024x768.jpg 1024w, https:\/\/periodiconuevomilenio.com\/wp-content\/uploads\/2026\/01\/38351263-877f-4673-9d3d-edccfc6489c6-300x225.jpg 300w, https:\/\/periodiconuevomilenio.com\/wp-content\/uploads\/2026\/01\/38351263-877f-4673-9d3d-edccfc6489c6-768x576.jpg 768w, https:\/\/periodiconuevomilenio.com\/wp-content\/uploads\/2026\/01\/38351263-877f-4673-9d3d-edccfc6489c6.jpg 1288w\" sizes=\"auto, (max-width: 1024px) 100vw, 1024px\" \/><\/figure>\n\n\n\n<figure class=\"wp-block-image size-large\"><img loading=\"lazy\" decoding=\"async\" width=\"1024\" height=\"768\" data-id=\"28064\" src=\"https:\/\/periodiconuevomilenio.com\/wp-content\/uploads\/2026\/01\/ea3243f3-61aa-40df-82ee-cda65d9c2fc4-1024x768.jpg\" alt=\"\" class=\"wp-image-28064\" srcset=\"https:\/\/periodiconuevomilenio.com\/wp-content\/uploads\/2026\/01\/ea3243f3-61aa-40df-82ee-cda65d9c2fc4-1024x768.jpg 1024w, https:\/\/periodiconuevomilenio.com\/wp-content\/uploads\/2026\/01\/ea3243f3-61aa-40df-82ee-cda65d9c2fc4-300x225.jpg 300w, https:\/\/periodiconuevomilenio.com\/wp-content\/uploads\/2026\/01\/ea3243f3-61aa-40df-82ee-cda65d9c2fc4-768x576.jpg 768w, https:\/\/periodiconuevomilenio.com\/wp-content\/uploads\/2026\/01\/ea3243f3-61aa-40df-82ee-cda65d9c2fc4.jpg 1280w\" sizes=\"auto, (max-width: 1024px) 100vw, 1024px\" \/><\/figure>\n\n\n\n<figure class=\"wp-block-image size-large\"><img loading=\"lazy\" decoding=\"async\" width=\"1024\" height=\"768\" data-id=\"28065\" src=\"https:\/\/periodiconuevomilenio.com\/wp-content\/uploads\/2026\/01\/fed4f6dd-2fd3-422e-8e4a-e77e75a22dc4-1024x768.jpg\" alt=\"\" class=\"wp-image-28065\" srcset=\"https:\/\/periodiconuevomilenio.com\/wp-content\/uploads\/2026\/01\/fed4f6dd-2fd3-422e-8e4a-e77e75a22dc4-1024x768.jpg 1024w, https:\/\/periodiconuevomilenio.com\/wp-content\/uploads\/2026\/01\/fed4f6dd-2fd3-422e-8e4a-e77e75a22dc4-300x225.jpg 300w, https:\/\/periodiconuevomilenio.com\/wp-content\/uploads\/2026\/01\/fed4f6dd-2fd3-422e-8e4a-e77e75a22dc4-768x576.jpg 768w, https:\/\/periodiconuevomilenio.com\/wp-content\/uploads\/2026\/01\/fed4f6dd-2fd3-422e-8e4a-e77e75a22dc4-1536x1152.jpg 1536w, https:\/\/periodiconuevomilenio.com\/wp-content\/uploads\/2026\/01\/fed4f6dd-2fd3-422e-8e4a-e77e75a22dc4.jpg 1600w\" sizes=\"auto, (max-width: 1024px) 100vw, 1024px\" \/><\/figure>\n\n\n\n<figure class=\"wp-block-image size-large\"><img loading=\"lazy\" decoding=\"async\" width=\"1024\" height=\"768\" data-id=\"28066\" src=\"https:\/\/periodiconuevomilenio.com\/wp-content\/uploads\/2026\/01\/4ff88332-1f21-406b-9443-ebf9765ea559-1024x768.jpg\" alt=\"\" class=\"wp-image-28066\" srcset=\"https:\/\/periodiconuevomilenio.com\/wp-content\/uploads\/2026\/01\/4ff88332-1f21-406b-9443-ebf9765ea559-1024x768.jpg 1024w, https:\/\/periodiconuevomilenio.com\/wp-content\/uploads\/2026\/01\/4ff88332-1f21-406b-9443-ebf9765ea559-300x225.jpg 300w, https:\/\/periodiconuevomilenio.com\/wp-content\/uploads\/2026\/01\/4ff88332-1f21-406b-9443-ebf9765ea559-768x576.jpg 768w, https:\/\/periodiconuevomilenio.com\/wp-content\/uploads\/2026\/01\/4ff88332-1f21-406b-9443-ebf9765ea559-1536x1152.jpg 1536w, https:\/\/periodiconuevomilenio.com\/wp-content\/uploads\/2026\/01\/4ff88332-1f21-406b-9443-ebf9765ea559.jpg 1600w\" sizes=\"auto, (max-width: 1024px) 100vw, 1024px\" \/><\/figure>\n<\/figure>\n\n\n","protected":false},"excerpt":{"rendered":"<p>Jaral del Progreso, Gto., 19 de enero. El Gobierno Municipal de Jaral del Progreso llev\u00f3 a cabo una<\/p>\n","protected":false},"author":1,"featured_media":28063,"comment_status":"open","ping_status":"open","sticky":false,"template":"","format":"standard","meta":{"jetpack_post_was_ever_published":false,"_jetpack_newsletter_access":"","_jetpack_dont_email_post_to_subs":false,"_jetpack_newsletter_tier_id":0,"_jetpack_memberships_contains_paywalled_content":false,"_jetpack_memberships_contains_paid_content":false,"footnotes":"","jetpack_publicize_message":"","jetpack_publicize_feature_enabled":false,"jetpack_social_post_already_shared":false,"jetpack_social_options":{"image_generator_settings":{"template":"highway","enabled":false},"version":2}},"categories":[34],"tags":[23],"class_list":["post-28061","post","type-post","status-publish","format-standard","has-post-thumbnail","hentry","category-jaral-del-progreso","tag-jaral"],"jetpack_publicize_connections":[],"jetpack_sharing_enabled":true,"jetpack_featured_media_url":"https:\/\/periodiconuevomilenio.com\/wp-content\/uploads\/2026\/01\/38351263-877f-4673-9d3d-edccfc6489c6.jpg","_links":{"self":[{"href":"https:\/\/periodiconuevomilenio.com\/index.php\/wp-json\/wp\/v2\/posts\/28061","targetHints":{"allow":["GET"]}}],"collection":[{"href":"https:\/\/periodiconuevomilenio.com\/index.php\/wp-json\/wp\/v2\/posts"}],"about":[{"href":"https:\/\/periodiconuevomilenio.com\/index.php\/wp-json\/wp\/v2\/types\/post"}],"author":[{"embeddable":true,"href":"https:\/\/periodiconuevomilenio.com\/index.php\/wp-json\/wp\/v2\/users\/1"}],"replies":[{"embeddable":true,"href":"https:\/\/periodiconuevomilenio.com\/index.php\/wp-json\/wp\/v2\/comments?post=28061"}],"version-history":[{"count":1,"href":"https:\/\/periodiconuevomilenio.com\/index.php\/wp-json\/wp\/v2\/posts\/28061\/revisions"}],"predecessor-version":[{"id":28067,"href":"https:\/\/periodiconuevomilenio.com\/index.php\/wp-json\/wp\/v2\/posts\/28061\/revisions\/28067"}],"wp:featuredmedia":[{"embeddable":true,"href":"https:\/\/periodiconuevomilenio.com\/index.php\/wp-json\/wp\/v2\/media\/28063"}],"wp:attachment":[{"href":"https:\/\/periodiconuevomilenio.com\/index.php\/wp-json\/wp\/v2\/media?parent=28061"}],"wp:term":[{"taxonomy":"category","embeddable":true,"href":"https:\/\/periodiconuevomilenio.com\/index.php\/wp-json\/wp\/v2\/categories?post=28061"},{"taxonomy":"post_tag","embeddable":true,"href":"https:\/\/periodiconuevomilenio.com\/index.php\/wp-json\/wp\/v2\/tags?post=28061"}],"curies":[{"name":"wp","href":"https:\/\/api.w.org\/{rel}","templated":true}]}}