{"id":28073,"date":"2026-01-22T00:30:37","date_gmt":"2026-01-22T06:30:37","guid":{"rendered":"https:\/\/periodiconuevomilenio.com\/?p=28073"},"modified":"2026-01-22T00:30:39","modified_gmt":"2026-01-22T06:30:39","slug":"ataque-a-balazos-en-valle-de-santiago-un-muerto-y-un-lesionado","status":"publish","type":"post","link":"https:\/\/periodiconuevomilenio.com\/index.php\/2026\/01\/22\/ataque-a-balazos-en-valle-de-santiago-un-muerto-y-un-lesionado\/","title":{"rendered":"Ataque a balazos en Valle de Santiago: un muerto y un lesionado"},"content":{"rendered":"\n<p><strong>VALLE DE SANTIAGO, GTO.- Un ataque armado registrado la noche de este mi\u00e9rcoles dej\u00f3 como saldo una persona sin vida y otra m\u00e1s lesionada en la calle Revoluci\u00f3n, entre la Unidad Deportiva y la avenida Adolfo L\u00f3pez Mateos, muy cerca de la Secundaria T\u00e9cnica, informaron autoridades locales.<\/strong><\/p>\n\n\n\n<p><strong>&nbsp;Aproximadamente a las 19:55 horas, el sistema de emergencias 911 recibi\u00f3 m\u00faltiples reportes sobre al menos 15 detonaciones de arma de fuego en la zona.&nbsp;<\/strong><\/p>\n\n\n\n<p><strong>Testigos solicitaron de inmediato la presencia de cuerpos de auxilio y elementos de seguridad, al se\u00f1alar que hab\u00eda personas heridas en el lugar.&nbsp;<\/strong><\/p>\n\n\n\n<p><strong>&nbsp;Param\u00e9dicos de Bomberos atendieron a dos personas lesionadas.&nbsp;<\/strong><\/p>\n\n\n\n<p><strong>Uno de ellos a\u00fan presentaba signos vitales, fue estabilizado y trasladado de urgencia a un hospital.&nbsp;<\/strong><\/p>\n\n\n\n<p><strong>El segundo, un hombre de entre 30 y 35 a\u00f1os, ya no contaba con vida. A simple vista presentaba impactos de bala en el cr\u00e1neo y t\u00f3rax. Vest\u00eda sudadera gris, pantal\u00f3n de mezclilla y botas de trabajo.&nbsp;<\/strong><\/p>\n\n\n\n<p><strong>La zona fue acordonada por la Polic\u00eda Preventiva y la Guardia Nacional.&nbsp;<\/strong><\/p>\n\n\n\n<p><strong>&nbsp;Elementos de la Agencia de Investigaci\u00f3n Criminal (AIC) trabajaron en el levantamiento de indicios.&nbsp;<\/strong><\/p>\n\n\n\n<p><strong>El cuerpo fue trasladado al Servicio M\u00e9dico Forense (SEMEFO) para la necropsia de ley y la identificaci\u00f3n oficial de la v\u00edctima.<\/strong><\/p>\n\n\n\n<figure class=\"wp-block-image size-large\"><img loading=\"lazy\" decoding=\"async\" width=\"1024\" height=\"651\" src=\"https:\/\/periodiconuevomilenio.com\/wp-content\/uploads\/2026\/01\/screenshot_2023-02-16-12-49-22-639_com.facebook.katana-1024x651.jpg\" alt=\"\" class=\"wp-image-28077\" srcset=\"https:\/\/periodiconuevomilenio.com\/wp-content\/uploads\/2026\/01\/screenshot_2023-02-16-12-49-22-639_com.facebook.katana-1024x651.jpg 1024w, https:\/\/periodiconuevomilenio.com\/wp-content\/uploads\/2026\/01\/screenshot_2023-02-16-12-49-22-639_com.facebook.katana-300x191.jpg 300w, https:\/\/periodiconuevomilenio.com\/wp-content\/uploads\/2026\/01\/screenshot_2023-02-16-12-49-22-639_com.facebook.katana-768x488.jpg 768w, https:\/\/periodiconuevomilenio.com\/wp-content\/uploads\/2026\/01\/screenshot_2023-02-16-12-49-22-639_com.facebook.katana-1536x976.jpg 1536w, https:\/\/periodiconuevomilenio.com\/wp-content\/uploads\/2026\/01\/screenshot_2023-02-16-12-49-22-639_com.facebook.katana.jpg 1700w\" sizes=\"auto, (max-width: 1024px) 100vw, 1024px\" \/><\/figure>\n\n\n\n<figure class=\"wp-block-image size-full\"><img loading=\"lazy\" decoding=\"async\" width=\"720\" height=\"480\" src=\"https:\/\/periodiconuevomilenio.com\/wp-content\/uploads\/2026\/01\/55764322_847848008946857_454327241208233984_n-2.jpg\" alt=\"\" class=\"wp-image-28076\" srcset=\"https:\/\/periodiconuevomilenio.com\/wp-content\/uploads\/2026\/01\/55764322_847848008946857_454327241208233984_n-2.jpg 720w, https:\/\/periodiconuevomilenio.com\/wp-content\/uploads\/2026\/01\/55764322_847848008946857_454327241208233984_n-2-300x200.jpg 300w\" sizes=\"auto, (max-width: 720px) 100vw, 720px\" \/><\/figure>\n\n\n\n<figure class=\"wp-block-gallery has-nested-images columns-default is-cropped wp-block-gallery-1 is-layout-flex wp-block-gallery-is-layout-flex\">\n<figure class=\"wp-block-image size-large\"><img loading=\"lazy\" decoding=\"async\" width=\"444\" height=\"323\" data-id=\"28074\" src=\"https:\/\/periodiconuevomilenio.com\/wp-content\/uploads\/2026\/01\/img-20260121-wa00371.jpg\" alt=\"\" class=\"wp-image-28074\" srcset=\"https:\/\/periodiconuevomilenio.com\/wp-content\/uploads\/2026\/01\/img-20260121-wa00371.jpg 444w, https:\/\/periodiconuevomilenio.com\/wp-content\/uploads\/2026\/01\/img-20260121-wa00371-300x218.jpg 300w\" sizes=\"auto, (max-width: 444px) 100vw, 444px\" \/><\/figure>\n\n\n\n<figure class=\"wp-block-image size-large\"><img loading=\"lazy\" decoding=\"async\" width=\"720\" height=\"526\" data-id=\"28075\" src=\"https:\/\/periodiconuevomilenio.com\/wp-content\/uploads\/2026\/01\/img-20260121-wa0051.jpg\" alt=\"\" class=\"wp-image-28075\" srcset=\"https:\/\/periodiconuevomilenio.com\/wp-content\/uploads\/2026\/01\/img-20260121-wa0051.jpg 720w, https:\/\/periodiconuevomilenio.com\/wp-content\/uploads\/2026\/01\/img-20260121-wa0051-300x219.jpg 300w\" sizes=\"auto, (max-width: 720px) 100vw, 720px\" \/><\/figure>\n<\/figure>\n\n\n","protected":false},"excerpt":{"rendered":"<p>VALLE DE SANTIAGO, GTO.- Un ataque armado registrado la noche de este mi\u00e9rcoles dej\u00f3 como saldo una persona<\/p>\n","protected":false},"author":1,"featured_media":28076,"comment_status":"open","ping_status":"open","sticky":false,"template":"","format":"standard","meta":{"jetpack_post_was_ever_published":false,"_jetpack_newsletter_access":"","_jetpack_dont_email_post_to_subs":false,"_jetpack_newsletter_tier_id":0,"_jetpack_memberships_contains_paywalled_content":false,"_jetpack_memberships_contains_paid_content":false,"footnotes":"","jetpack_publicize_message":"","jetpack_publicize_feature_enabled":false,"jetpack_social_post_already_shared":false,"jetpack_social_options":{"image_generator_settings":{"template":"highway","enabled":false},"version":2}},"categories":[31,48,39],"tags":[51,22],"class_list":["post-28073","post","type-post","status-publish","format-standard","has-post-thumbnail","hentry","category-estado","category-policiaca","category-valle-de-santiago","tag-estado","tag-valle"],"jetpack_publicize_connections":[],"jetpack_sharing_enabled":true,"jetpack_featured_media_url":"https:\/\/periodiconuevomilenio.com\/wp-content\/uploads\/2026\/01\/55764322_847848008946857_454327241208233984_n-2.jpg","_links":{"self":[{"href":"https:\/\/periodiconuevomilenio.com\/index.php\/wp-json\/wp\/v2\/posts\/28073","targetHints":{"allow":["GET"]}}],"collection":[{"href":"https:\/\/periodiconuevomilenio.com\/index.php\/wp-json\/wp\/v2\/posts"}],"about":[{"href":"https:\/\/periodiconuevomilenio.com\/index.php\/wp-json\/wp\/v2\/types\/post"}],"author":[{"embeddable":true,"href":"https:\/\/periodiconuevomilenio.com\/index.php\/wp-json\/wp\/v2\/users\/1"}],"replies":[{"embeddable":true,"href":"https:\/\/periodiconuevomilenio.com\/index.php\/wp-json\/wp\/v2\/comments?post=28073"}],"version-history":[{"count":1,"href":"https:\/\/periodiconuevomilenio.com\/index.php\/wp-json\/wp\/v2\/posts\/28073\/revisions"}],"predecessor-version":[{"id":28078,"href":"https:\/\/periodiconuevomilenio.com\/index.php\/wp-json\/wp\/v2\/posts\/28073\/revisions\/28078"}],"wp:featuredmedia":[{"embeddable":true,"href":"https:\/\/periodiconuevomilenio.com\/index.php\/wp-json\/wp\/v2\/media\/28076"}],"wp:attachment":[{"href":"https:\/\/periodiconuevomilenio.com\/index.php\/wp-json\/wp\/v2\/media?parent=28073"}],"wp:term":[{"taxonomy":"category","embeddable":true,"href":"https:\/\/periodiconuevomilenio.com\/index.php\/wp-json\/wp\/v2\/categories?post=28073"},{"taxonomy":"post_tag","embeddable":true,"href":"https:\/\/periodiconuevomilenio.com\/index.php\/wp-json\/wp\/v2\/tags?post=28073"}],"curies":[{"name":"wp","href":"https:\/\/api.w.org\/{rel}","templated":true}]}}