{"id":28079,"date":"2026-01-22T17:45:20","date_gmt":"2026-01-22T23:45:20","guid":{"rendered":"https:\/\/periodiconuevomilenio.com\/?p=28079"},"modified":"2026-01-22T17:45:22","modified_gmt":"2026-01-22T23:45:22","slug":"identifican-a-victima-de-ataque-armado","status":"publish","type":"post","link":"https:\/\/periodiconuevomilenio.com\/index.php\/2026\/01\/22\/identifican-a-victima-de-ataque-armado\/","title":{"rendered":"Identifican a v\u00edctima de ataque armado"},"content":{"rendered":"\n<p>Valle de Santiago, Gto. \u2013 La Fiscal\u00eda del Estado confirm\u00f3 que en el ataque registrado ayer cerca de la Secundaria T\u00e9cnica No. 20, una persona perdi\u00f3 la vida y otra result\u00f3 herida de gravedad.&nbsp;<\/p>\n\n\n\n<p>Durante la ma\u00f1ana de este jueves, autoridades informaron que los hechos ocurrieron en la Colonia La Loma, sobre la calle Revoluci\u00f3n, entre Unidad y la avenida Adolfo L\u00f3pez Mateos.&nbsp;<\/p>\n\n\n\n<p>La persona fallecida fue identificada como Omar \u201cN\u201d, mientras que otro hombre, plenamente identificado, permanece con lesiones graves.&nbsp;<\/p>\n\n\n\n<p>El Agente del Ministerio P\u00fablico, en coordinaci\u00f3n con elementos de Investigaci\u00f3n Criminal y peritos de campo, encabeza las indagatorias para esclarecer lo sucedido.&nbsp;<\/p>\n","protected":false},"excerpt":{"rendered":"<p>Valle de Santiago, Gto. \u2013 La Fiscal\u00eda del Estado confirm\u00f3 que en el ataque registrado ayer cerca de<\/p>\n","protected":false},"author":1,"featured_media":28076,"comment_status":"open","ping_status":"open","sticky":false,"template":"","format":"standard","meta":{"jetpack_post_was_ever_published":false,"_jetpack_newsletter_access":"","_jetpack_dont_email_post_to_subs":false,"_jetpack_newsletter_tier_id":0,"_jetpack_memberships_contains_paywalled_content":false,"_jetpack_memberships_contains_paid_content":false,"footnotes":"","jetpack_publicize_message":"","jetpack_publicize_feature_enabled":false,"jetpack_social_post_already_shared":false,"jetpack_social_options":{"image_generator_settings":{"template":"highway","enabled":false},"version":2}},"categories":[48,39],"tags":[22],"class_list":["post-28079","post","type-post","status-publish","format-standard","has-post-thumbnail","hentry","category-policiaca","category-valle-de-santiago","tag-valle"],"jetpack_publicize_connections":[],"jetpack_sharing_enabled":true,"jetpack_featured_media_url":"https:\/\/periodiconuevomilenio.com\/wp-content\/uploads\/2026\/01\/55764322_847848008946857_454327241208233984_n-2.jpg","_links":{"self":[{"href":"https:\/\/periodiconuevomilenio.com\/index.php\/wp-json\/wp\/v2\/posts\/28079","targetHints":{"allow":["GET"]}}],"collection":[{"href":"https:\/\/periodiconuevomilenio.com\/index.php\/wp-json\/wp\/v2\/posts"}],"about":[{"href":"https:\/\/periodiconuevomilenio.com\/index.php\/wp-json\/wp\/v2\/types\/post"}],"author":[{"embeddable":true,"href":"https:\/\/periodiconuevomilenio.com\/index.php\/wp-json\/wp\/v2\/users\/1"}],"replies":[{"embeddable":true,"href":"https:\/\/periodiconuevomilenio.com\/index.php\/wp-json\/wp\/v2\/comments?post=28079"}],"version-history":[{"count":1,"href":"https:\/\/periodiconuevomilenio.com\/index.php\/wp-json\/wp\/v2\/posts\/28079\/revisions"}],"predecessor-version":[{"id":28080,"href":"https:\/\/periodiconuevomilenio.com\/index.php\/wp-json\/wp\/v2\/posts\/28079\/revisions\/28080"}],"wp:featuredmedia":[{"embeddable":true,"href":"https:\/\/periodiconuevomilenio.com\/index.php\/wp-json\/wp\/v2\/media\/28076"}],"wp:attachment":[{"href":"https:\/\/periodiconuevomilenio.com\/index.php\/wp-json\/wp\/v2\/media?parent=28079"}],"wp:term":[{"taxonomy":"category","embeddable":true,"href":"https:\/\/periodiconuevomilenio.com\/index.php\/wp-json\/wp\/v2\/categories?post=28079"},{"taxonomy":"post_tag","embeddable":true,"href":"https:\/\/periodiconuevomilenio.com\/index.php\/wp-json\/wp\/v2\/tags?post=28079"}],"curies":[{"name":"wp","href":"https:\/\/api.w.org\/{rel}","templated":true}]}}