{"id":28772,"date":"2026-03-04T20:20:02","date_gmt":"2026-03-05T02:20:02","guid":{"rendered":"https:\/\/periodiconuevomilenio.com\/?p=28772"},"modified":"2026-03-04T20:20:04","modified_gmt":"2026-03-05T02:20:04","slug":"familiares-reclamaron-su-cuerpo-y-despues-aparecio-con-vida","status":"publish","type":"post","link":"https:\/\/periodiconuevomilenio.com\/index.php\/2026\/03\/04\/familiares-reclamaron-su-cuerpo-y-despues-aparecio-con-vida\/","title":{"rendered":"Familiares reclamaron su cuerpo y despu\u00e9s  aparecio con vida"},"content":{"rendered":"\n<p>La Fiscal\u00eda General del Estado de Guanajuato informa a la sociedad sobre los hechos relacionados con la&nbsp; identificaci\u00f3n de una persona localizada sin&nbsp; &nbsp;vida el &nbsp;03 de &nbsp;julio de &nbsp;2025,&nbsp; sobre la &nbsp;carretera Uriangato\u2013Valle de Santiago, &nbsp;a la &nbsp;altura del &nbsp;kil\u00f3metro 72+200, &nbsp;en la &nbsp;localidad de Jahuique, municipio de Valle de Santiago.<\/p>\n\n\n\n<p>Desde el &nbsp;momento de la &nbsp;localizaci\u00f3n&nbsp; del &nbsp;cuerpo, &nbsp;la &nbsp;Fiscal\u00eda inici\u00f3 la carpeta &nbsp;de&nbsp; investigaci\u00f3n correspondiente, &nbsp;realizando &nbsp;las &nbsp;diligencias periciales y ministeriales necesarias conforme a los protocolos legales y cient\u00edficos aplicables.<\/p>\n\n\n\n<p>Entre dichas diligencias se practic\u00f3 el &nbsp;dictamen pericial de necropsia, mediante el cual se determin\u00f3 la causa de muerte, as\u00ed como el dictamen pericial de criminal\u00edstica, que permiti\u00f3 el an\u00e1lisis del lugar y de los indicios localizados.<\/p>\n\n\n\n<p>Dentro de los procesos de identificaci\u00f3n que contempla la ley, uno de los mecanismos&nbsp; iniciales &nbsp;es el &nbsp;reconocimiento por parte &nbsp;de &nbsp;familiares, procedimiento que &nbsp;se realiza cuando&nbsp; existen indicios que &nbsp;permiten presumir la identidad de la persona fallecida.<\/p>\n\n\n\n<p>En &nbsp;este caso, &nbsp;el &nbsp;04 de julio de 2025 una persona manifest\u00f3 reconocer plenamente el cuerpo a partir de las caracter\u00edsticas f\u00edsicas observadas en las im\u00e1genes, &nbsp;se\u00f1alando que correspond\u00eda a su hijo. &nbsp;Derivado de esta manifestaci\u00f3n y de su expresa solicitud y conforme a los procedimientos establecidos, se realizaron los tr\u00e1mites legales para la entrega del cuerpo a la familia, con el prop\u00f3sito de que pudiera brindarle sepultura.<\/p>\n\n\n\n<p>Posteriormente, &nbsp;el&nbsp; &nbsp;07 &nbsp;de &nbsp;julio&nbsp; de &nbsp;2025, &nbsp;el&nbsp; &nbsp;mismo &nbsp;familiar acudi\u00f3 nuevamente ante la autoridad ministerial para informar que su hijo se encontraba &nbsp;con vida y &nbsp;que el &nbsp;reconocimiento&nbsp; realizado previamente hab\u00eda sido un error, motivado por la desesperaci\u00f3n y el estado emocional que atravesaba en ese momento.<\/p>\n\n\n\n<p>Ante esta &nbsp;situaci\u00f3n, la &nbsp;Fiscal\u00eda actu\u00f3 &nbsp;de inmediato &nbsp;para &nbsp;verificar los hechos,&nbsp; &nbsp;constat\u00e1ndose &nbsp;la&nbsp; &nbsp;existencia de &nbsp;la&nbsp; &nbsp;persona reportada &nbsp;como<\/p>\n\n\n\n<p>presuntamente &nbsp;fallecida, y&nbsp;&nbsp; se &nbsp;continuaron las investigaciones para determinar la identidad real del cuerpo localizado.<\/p>\n\n\n\n<p>Como resultado de los trabajos cient\u00edficos realizados por especialistas en identificaci\u00f3n humana, se practicaron pruebas gen\u00e9ticas a trav\u00e9s de la base de datos de ADN,&nbsp; &nbsp;obteni\u00e9ndose posteriormente un&nbsp; resultado positivo que permiti\u00f3 establecer que la persona fallecida correspond\u00eda a Francisco \u201cN\u201d, con base en la &nbsp;confronta gen\u00e9tica con muestras proporcionadas por su madre y su hermano.<\/p>\n\n\n\n<p>Para garantizar certeza jur\u00eddica y pleno respeto a la legalidad, la Fiscal\u00eda solicit\u00f3 autorizaci\u00f3n&nbsp; judicial para realizar la &nbsp;exhumaci\u00f3n del cuerpo, la cual fue autorizada por un Juez y llevada a cabo el 03 de marzo de 2026, permitiendo realizar los actos correspondientes &nbsp;para su correcta inhumaci\u00f3n.<\/p>\n\n\n\n<p>Es importante precisar que la Fiscal\u00eda General del Estado ha actuado en todo &nbsp;momento &nbsp;conforme&nbsp; a &nbsp;los procedimientos &nbsp;legales y &nbsp;periciales establecidos, &nbsp;y &nbsp;que el &nbsp;reconocimiento familiar constituye uno de los mecanismos previstos dentro de los procesos de identificaci\u00f3n, &nbsp;el &nbsp;cual puede verse afectado por circunstancias emocionales en contextos de alta carga humana.<\/p>\n\n\n\n<p>Adicionalmente, la Instituci\u00f3n inici\u00f3 una investigaci\u00f3n para establecer si en el&nbsp; &nbsp;caso que &nbsp;nos ocupa&nbsp; existe responsabilidad de &nbsp;alg\u00fan servidor p\u00fablico de la Instituci\u00f3n y revisar integralmente el procedimiento, con el objetivo de fortalecer los procesos institucionales y garantizar la m\u00e1xima certeza jur\u00eddica.<\/p>\n\n\n\n<p>La Fiscal\u00eda reitera a la &nbsp;sociedad que la investigaci\u00f3n de este homicidio contin\u00faa, realiz\u00e1ndose actos de investigaci\u00f3n encaminados a identificar y llevar ante la justicia a los responsables.<\/p>\n\n\n\n<p>La Instituci\u00f3n &nbsp;refrenda su compromiso de actuar con legalidad, rigor cient\u00edfico y responsabilidad, privilegiando en todo momento el &nbsp;derecho de las v\u00edctimas y sus familias a la verdad y a la justicia.<\/p>\n\n\n\n<figure class=\"wp-block-image size-large\"><img loading=\"lazy\" decoding=\"async\" width=\"948\" height=\"1024\" src=\"https:\/\/periodiconuevomilenio.com\/wp-content\/uploads\/2026\/03\/utilizaron-948x1024.jpg\" alt=\"\" class=\"wp-image-28773\" srcset=\"https:\/\/periodiconuevomilenio.com\/wp-content\/uploads\/2026\/03\/utilizaron-948x1024.jpg 948w, https:\/\/periodiconuevomilenio.com\/wp-content\/uploads\/2026\/03\/utilizaron-278x300.jpg 278w, https:\/\/periodiconuevomilenio.com\/wp-content\/uploads\/2026\/03\/utilizaron-768x830.jpg 768w, https:\/\/periodiconuevomilenio.com\/wp-content\/uploads\/2026\/03\/utilizaron.jpg 1010w\" sizes=\"auto, (max-width: 948px) 100vw, 948px\" \/><\/figure>\n\n\n","protected":false},"excerpt":{"rendered":"<p>La Fiscal\u00eda General del Estado de Guanajuato informa a la sociedad sobre los hechos relacionados con la&nbsp; identificaci\u00f3n<\/p>\n","protected":false},"author":1,"featured_media":28773,"comment_status":"open","ping_status":"open","sticky":false,"template":"","format":"standard","meta":{"jetpack_post_was_ever_published":false,"_jetpack_newsletter_access":"","_jetpack_dont_email_post_to_subs":false,"_jetpack_newsletter_tier_id":0,"_jetpack_memberships_contains_paywalled_content":false,"_jetpack_memberships_contains_paid_content":false,"footnotes":"","jetpack_publicize_message":"","jetpack_publicize_feature_enabled":false,"jetpack_social_post_already_shared":false,"jetpack_social_options":{"image_generator_settings":{"template":"highway","enabled":false},"version":2}},"categories":[31,48,39],"tags":[51,22],"class_list":["post-28772","post","type-post","status-publish","format-standard","has-post-thumbnail","hentry","category-estado","category-policiaca","category-valle-de-santiago","tag-estado","tag-valle"],"jetpack_publicize_connections":[],"jetpack_sharing_enabled":true,"jetpack_featured_media_url":"https:\/\/periodiconuevomilenio.com\/wp-content\/uploads\/2026\/03\/utilizaron.jpg","_links":{"self":[{"href":"https:\/\/periodiconuevomilenio.com\/index.php\/wp-json\/wp\/v2\/posts\/28772","targetHints":{"allow":["GET"]}}],"collection":[{"href":"https:\/\/periodiconuevomilenio.com\/index.php\/wp-json\/wp\/v2\/posts"}],"about":[{"href":"https:\/\/periodiconuevomilenio.com\/index.php\/wp-json\/wp\/v2\/types\/post"}],"author":[{"embeddable":true,"href":"https:\/\/periodiconuevomilenio.com\/index.php\/wp-json\/wp\/v2\/users\/1"}],"replies":[{"embeddable":true,"href":"https:\/\/periodiconuevomilenio.com\/index.php\/wp-json\/wp\/v2\/comments?post=28772"}],"version-history":[{"count":1,"href":"https:\/\/periodiconuevomilenio.com\/index.php\/wp-json\/wp\/v2\/posts\/28772\/revisions"}],"predecessor-version":[{"id":28774,"href":"https:\/\/periodiconuevomilenio.com\/index.php\/wp-json\/wp\/v2\/posts\/28772\/revisions\/28774"}],"wp:featuredmedia":[{"embeddable":true,"href":"https:\/\/periodiconuevomilenio.com\/index.php\/wp-json\/wp\/v2\/media\/28773"}],"wp:attachment":[{"href":"https:\/\/periodiconuevomilenio.com\/index.php\/wp-json\/wp\/v2\/media?parent=28772"}],"wp:term":[{"taxonomy":"category","embeddable":true,"href":"https:\/\/periodiconuevomilenio.com\/index.php\/wp-json\/wp\/v2\/categories?post=28772"},{"taxonomy":"post_tag","embeddable":true,"href":"https:\/\/periodiconuevomilenio.com\/index.php\/wp-json\/wp\/v2\/tags?post=28772"}],"curies":[{"name":"wp","href":"https:\/\/api.w.org\/{rel}","templated":true}]}}