{"id":28807,"date":"2026-03-07T00:20:52","date_gmt":"2026-03-07T06:20:52","guid":{"rendered":"https:\/\/periodiconuevomilenio.com\/?p=28807"},"modified":"2026-03-07T00:20:54","modified_gmt":"2026-03-07T06:20:54","slug":"fallece-interno-en-cetro-de-rehabilitacion","status":"publish","type":"post","link":"https:\/\/periodiconuevomilenio.com\/index.php\/2026\/03\/07\/fallece-interno-en-cetro-de-rehabilitacion\/","title":{"rendered":"Fallece  Interno en cetro de rehabilitaci\u00f3n"},"content":{"rendered":"\n<p>Valle de Santiago, Gto. \u2013 Un hombre identificado como Abraham, de 47 a\u00f1os, falleci\u00f3 la ma\u00f1ana de este viernes dentro del Centro de Rehabilitaci\u00f3n Pacto de Dios, donde se encontraba internado por problemas de alcoholismo.<\/p>\n\n\n\n<p>De acuerdo con el reporte, alrededor de las 7:00 a.m. se inform\u00f3 que en el inmueble marcado con el n\u00famero 42 de la calle Abasolo, fraccionamiento Jarr\u00f3n Azul, hab\u00eda una persona inconsciente.<\/p>\n\n\n\n<p>Elementos de Seguridad P\u00fablica acudieron al lugar, donde el encargado explic\u00f3 que el interno hab\u00eda ingresado el pasado 2 de marzo para recibir tratamiento. Se\u00f1al\u00f3 que este d\u00eda se mostr\u00f3 agresivo y posteriormente se desvaneci\u00f3.<\/p>\n\n\n\n<p>Param\u00e9dicos de Bomberos intentaron auxiliarlo, pero ya no presentaba signos vitales. El hecho fue notificado a la Fiscal\u00eda General del Estado, que inici\u00f3 una carpeta de investigaci\u00f3n para determinar la causa de muerte y deslindar responsabilidades.<\/p>\n\n\n\n<figure class=\"wp-block-gallery has-nested-images columns-default is-cropped wp-block-gallery-1 is-layout-flex wp-block-gallery-is-layout-flex\">\n<figure class=\"wp-block-image size-large\"><img loading=\"lazy\" decoding=\"async\" width=\"600\" height=\"466\" data-id=\"28808\" src=\"https:\/\/periodiconuevomilenio.com\/wp-content\/uploads\/2026\/03\/f1343d0b-e9ad-4357-99fa-b26123560789.jpg\" alt=\"\" class=\"wp-image-28808\" srcset=\"https:\/\/periodiconuevomilenio.com\/wp-content\/uploads\/2026\/03\/f1343d0b-e9ad-4357-99fa-b26123560789.jpg 600w, https:\/\/periodiconuevomilenio.com\/wp-content\/uploads\/2026\/03\/f1343d0b-e9ad-4357-99fa-b26123560789-300x233.jpg 300w\" sizes=\"auto, (max-width: 600px) 100vw, 600px\" \/><\/figure>\n\n\n\n<figure class=\"wp-block-image size-large\"><img loading=\"lazy\" decoding=\"async\" width=\"1024\" height=\"735\" data-id=\"28809\" src=\"https:\/\/periodiconuevomilenio.com\/wp-content\/uploads\/2026\/03\/273516b7-bb20-44fb-a895-08018b16234d-1024x735.jpg\" alt=\"\" class=\"wp-image-28809\" srcset=\"https:\/\/periodiconuevomilenio.com\/wp-content\/uploads\/2026\/03\/273516b7-bb20-44fb-a895-08018b16234d-1024x735.jpg 1024w, https:\/\/periodiconuevomilenio.com\/wp-content\/uploads\/2026\/03\/273516b7-bb20-44fb-a895-08018b16234d-300x215.jpg 300w, https:\/\/periodiconuevomilenio.com\/wp-content\/uploads\/2026\/03\/273516b7-bb20-44fb-a895-08018b16234d-768x551.jpg 768w, https:\/\/periodiconuevomilenio.com\/wp-content\/uploads\/2026\/03\/273516b7-bb20-44fb-a895-08018b16234d.jpg 1104w\" sizes=\"auto, (max-width: 1024px) 100vw, 1024px\" \/><\/figure>\n<\/figure>\n\n\n","protected":false},"excerpt":{"rendered":"<p>Valle de Santiago, Gto. \u2013 Un hombre identificado como Abraham, de 47 a\u00f1os, falleci\u00f3 la ma\u00f1ana de este<\/p>\n","protected":false},"author":1,"featured_media":28809,"comment_status":"open","ping_status":"open","sticky":false,"template":"","format":"standard","meta":{"jetpack_post_was_ever_published":false,"_jetpack_newsletter_access":"","_jetpack_dont_email_post_to_subs":false,"_jetpack_newsletter_tier_id":0,"_jetpack_memberships_contains_paywalled_content":false,"_jetpack_memberships_contains_paid_content":false,"footnotes":"","jetpack_publicize_message":"","jetpack_publicize_feature_enabled":false,"jetpack_social_post_already_shared":false,"jetpack_social_options":{"image_generator_settings":{"template":"highway","enabled":false},"version":2}},"categories":[31,48,39],"tags":[51,22],"class_list":["post-28807","post","type-post","status-publish","format-standard","has-post-thumbnail","hentry","category-estado","category-policiaca","category-valle-de-santiago","tag-estado","tag-valle"],"jetpack_publicize_connections":[],"jetpack_sharing_enabled":true,"jetpack_featured_media_url":"https:\/\/periodiconuevomilenio.com\/wp-content\/uploads\/2026\/03\/273516b7-bb20-44fb-a895-08018b16234d.jpg","_links":{"self":[{"href":"https:\/\/periodiconuevomilenio.com\/index.php\/wp-json\/wp\/v2\/posts\/28807","targetHints":{"allow":["GET"]}}],"collection":[{"href":"https:\/\/periodiconuevomilenio.com\/index.php\/wp-json\/wp\/v2\/posts"}],"about":[{"href":"https:\/\/periodiconuevomilenio.com\/index.php\/wp-json\/wp\/v2\/types\/post"}],"author":[{"embeddable":true,"href":"https:\/\/periodiconuevomilenio.com\/index.php\/wp-json\/wp\/v2\/users\/1"}],"replies":[{"embeddable":true,"href":"https:\/\/periodiconuevomilenio.com\/index.php\/wp-json\/wp\/v2\/comments?post=28807"}],"version-history":[{"count":1,"href":"https:\/\/periodiconuevomilenio.com\/index.php\/wp-json\/wp\/v2\/posts\/28807\/revisions"}],"predecessor-version":[{"id":28810,"href":"https:\/\/periodiconuevomilenio.com\/index.php\/wp-json\/wp\/v2\/posts\/28807\/revisions\/28810"}],"wp:featuredmedia":[{"embeddable":true,"href":"https:\/\/periodiconuevomilenio.com\/index.php\/wp-json\/wp\/v2\/media\/28809"}],"wp:attachment":[{"href":"https:\/\/periodiconuevomilenio.com\/index.php\/wp-json\/wp\/v2\/media?parent=28807"}],"wp:term":[{"taxonomy":"category","embeddable":true,"href":"https:\/\/periodiconuevomilenio.com\/index.php\/wp-json\/wp\/v2\/categories?post=28807"},{"taxonomy":"post_tag","embeddable":true,"href":"https:\/\/periodiconuevomilenio.com\/index.php\/wp-json\/wp\/v2\/tags?post=28807"}],"curies":[{"name":"wp","href":"https:\/\/api.w.org\/{rel}","templated":true}]}}