{"id":28811,"date":"2026-03-09T00:14:28","date_gmt":"2026-03-09T06:14:28","guid":{"rendered":"https:\/\/periodiconuevomilenio.com\/?p=28811"},"modified":"2026-03-09T00:14:30","modified_gmt":"2026-03-09T06:14:30","slug":"accidente-en-la-carretera-federal-43","status":"publish","type":"post","link":"https:\/\/periodiconuevomilenio.com\/index.php\/2026\/03\/09\/accidente-en-la-carretera-federal-43\/","title":{"rendered":"Accidente en la carretera federal 43"},"content":{"rendered":"\n<p>Valle de Santiago, Gto. \u2013 Un aparatoso choque registrado la tarde de este domingo 8 de marzo dej\u00f3 como saldo tres personas lesionadas, entre ellas un menor de edad, adem\u00e1s de cuantiosas p\u00e9rdidas materiales.<\/p>\n\n\n\n<p>El percance ocurri\u00f3 poco despu\u00e9s de las 2:00 p.m. en el tramo Valle de Santiago\u2013Yuriria, a la altura del crucero que conduce a la comunidad de San Jer\u00f3nimo.<\/p>\n\n\n\n<p>\ud83d\udc49 En el accidente participaron tres veh\u00edculos:<\/p>\n\n\n\n<ul class=\"wp-block-list\">\n<li>Una camioneta Town &amp; Country azul, donde viajaba Jos\u00e9 Erick (58 a\u00f1os, de La Magdalena), Fernando (14 a\u00f1os, de San Jer\u00f3nimo) y Jorge (31 a\u00f1os, tambi\u00e9n de La Magdalena).<\/li>\n\n\n\n<li>Una camioneta Nissan Frontier NP300 dorada.<\/li>\n\n\n\n<li>Una camioneta Ford Lobo guinda.<\/li>\n<\/ul>\n\n\n\n<p>Uno de los veh\u00edculos termin\u00f3 volcado en medio de la carretera, lo que provoc\u00f3 la movilizaci\u00f3n inmediata de ambulancias, patrullas y personal de Protecci\u00f3n Civil. Los heridos fueron trasladados a un hospital para recibir atenci\u00f3n m\u00e9dica.<\/p>\n\n\n\n<p>La Guardia Nacional, divisi\u00f3n caminos, realiz\u00f3 el peritaje correspondiente y mantiene bajo resguardo las unidades mientras se deslindan responsabilidades.<\/p>\n\n\n\n<figure class=\"wp-block-image size-large\"><img loading=\"lazy\" decoding=\"async\" width=\"576\" height=\"1024\" src=\"https:\/\/periodiconuevomilenio.com\/wp-content\/uploads\/2026\/03\/c47ac278-3981-4300-a3ce-55c38bbe3381-576x1024.jpg\" alt=\"\" class=\"wp-image-28814\" srcset=\"https:\/\/periodiconuevomilenio.com\/wp-content\/uploads\/2026\/03\/c47ac278-3981-4300-a3ce-55c38bbe3381-576x1024.jpg 576w, https:\/\/periodiconuevomilenio.com\/wp-content\/uploads\/2026\/03\/c47ac278-3981-4300-a3ce-55c38bbe3381-169x300.jpg 169w, https:\/\/periodiconuevomilenio.com\/wp-content\/uploads\/2026\/03\/c47ac278-3981-4300-a3ce-55c38bbe3381-768x1365.jpg 768w, https:\/\/periodiconuevomilenio.com\/wp-content\/uploads\/2026\/03\/c47ac278-3981-4300-a3ce-55c38bbe3381-864x1536.jpg 864w, https:\/\/periodiconuevomilenio.com\/wp-content\/uploads\/2026\/03\/c47ac278-3981-4300-a3ce-55c38bbe3381.jpg 900w\" sizes=\"auto, (max-width: 576px) 100vw, 576px\" \/><\/figure>\n\n\n\n<figure class=\"wp-block-gallery has-nested-images columns-default is-cropped wp-block-gallery-1 is-layout-flex wp-block-gallery-is-layout-flex\">\n<figure class=\"wp-block-image size-large\"><img loading=\"lazy\" decoding=\"async\" width=\"900\" height=\"631\" data-id=\"28812\" src=\"https:\/\/periodiconuevomilenio.com\/wp-content\/uploads\/2026\/03\/7b6547c2-402c-4f4e-aedf-9aed76804b0b.jpg\" alt=\"\" class=\"wp-image-28812\" srcset=\"https:\/\/periodiconuevomilenio.com\/wp-content\/uploads\/2026\/03\/7b6547c2-402c-4f4e-aedf-9aed76804b0b.jpg 900w, https:\/\/periodiconuevomilenio.com\/wp-content\/uploads\/2026\/03\/7b6547c2-402c-4f4e-aedf-9aed76804b0b-300x210.jpg 300w, https:\/\/periodiconuevomilenio.com\/wp-content\/uploads\/2026\/03\/7b6547c2-402c-4f4e-aedf-9aed76804b0b-768x538.jpg 768w\" sizes=\"auto, (max-width: 900px) 100vw, 900px\" \/><\/figure>\n<\/figure>\n\n\n","protected":false},"excerpt":{"rendered":"<p>Valle de Santiago, Gto. \u2013 Un aparatoso choque registrado la tarde de este domingo 8 de marzo dej\u00f3<\/p>\n","protected":false},"author":1,"featured_media":28814,"comment_status":"open","ping_status":"open","sticky":false,"template":"","format":"standard","meta":{"jetpack_post_was_ever_published":false,"_jetpack_newsletter_access":"","_jetpack_dont_email_post_to_subs":false,"_jetpack_newsletter_tier_id":0,"_jetpack_memberships_contains_paywalled_content":false,"_jetpack_memberships_contains_paid_content":false,"footnotes":"","jetpack_publicize_message":"","jetpack_publicize_feature_enabled":false,"jetpack_social_post_already_shared":false,"jetpack_social_options":{"image_generator_settings":{"template":"highway","enabled":false},"version":2}},"categories":[31,48,39],"tags":[51,22],"class_list":["post-28811","post","type-post","status-publish","format-standard","has-post-thumbnail","hentry","category-estado","category-policiaca","category-valle-de-santiago","tag-estado","tag-valle"],"jetpack_publicize_connections":[],"jetpack_sharing_enabled":true,"jetpack_featured_media_url":"https:\/\/periodiconuevomilenio.com\/wp-content\/uploads\/2026\/03\/c47ac278-3981-4300-a3ce-55c38bbe3381.jpg","_links":{"self":[{"href":"https:\/\/periodiconuevomilenio.com\/index.php\/wp-json\/wp\/v2\/posts\/28811","targetHints":{"allow":["GET"]}}],"collection":[{"href":"https:\/\/periodiconuevomilenio.com\/index.php\/wp-json\/wp\/v2\/posts"}],"about":[{"href":"https:\/\/periodiconuevomilenio.com\/index.php\/wp-json\/wp\/v2\/types\/post"}],"author":[{"embeddable":true,"href":"https:\/\/periodiconuevomilenio.com\/index.php\/wp-json\/wp\/v2\/users\/1"}],"replies":[{"embeddable":true,"href":"https:\/\/periodiconuevomilenio.com\/index.php\/wp-json\/wp\/v2\/comments?post=28811"}],"version-history":[{"count":1,"href":"https:\/\/periodiconuevomilenio.com\/index.php\/wp-json\/wp\/v2\/posts\/28811\/revisions"}],"predecessor-version":[{"id":28815,"href":"https:\/\/periodiconuevomilenio.com\/index.php\/wp-json\/wp\/v2\/posts\/28811\/revisions\/28815"}],"wp:featuredmedia":[{"embeddable":true,"href":"https:\/\/periodiconuevomilenio.com\/index.php\/wp-json\/wp\/v2\/media\/28814"}],"wp:attachment":[{"href":"https:\/\/periodiconuevomilenio.com\/index.php\/wp-json\/wp\/v2\/media?parent=28811"}],"wp:term":[{"taxonomy":"category","embeddable":true,"href":"https:\/\/periodiconuevomilenio.com\/index.php\/wp-json\/wp\/v2\/categories?post=28811"},{"taxonomy":"post_tag","embeddable":true,"href":"https:\/\/periodiconuevomilenio.com\/index.php\/wp-json\/wp\/v2\/tags?post=28811"}],"curies":[{"name":"wp","href":"https:\/\/api.w.org\/{rel}","templated":true}]}}