{"id":28849,"date":"2026-03-11T09:35:22","date_gmt":"2026-03-11T15:35:22","guid":{"rendered":"https:\/\/periodiconuevomilenio.com\/?p=28849"},"modified":"2026-03-11T09:35:24","modified_gmt":"2026-03-11T15:35:24","slug":"comite-de-feria-2026-de-valle-de-santiago","status":"publish","type":"post","link":"https:\/\/periodiconuevomilenio.com\/index.php\/2026\/03\/11\/comite-de-feria-2026-de-valle-de-santiago\/","title":{"rendered":"Comit\u00e9 de Feria 2026 de Valle de Santiago"},"content":{"rendered":"\n<p><\/p>\n\n\n\n<p>VALLE DE SANTIAGO, GTO.- Esta ma\u00f1ana, en sesi\u00f3n de ayuntamiento, por mayor\u00eda absoluta se aprob\u00f3 la conformaci\u00f3n e integraci\u00f3n del comit\u00e9 que organizar\u00e1 las festividades de la Feria Conmemorativa al Aniversario de la Fundaci\u00f3n de Valle de Santiago, en su edici\u00f3n 2026.<\/p>\n\n\n\n<p>Tras un proceso de an\u00e1lisis y discusi\u00f3n, la propuesta fue aprobada con 10 votos a favor y 2 en contra, estos \u00faltimos provenientes de los regidores de Acci\u00f3n Nacional. El comit\u00e9 de feria estar\u00e1 integrado por:<\/p>\n\n\n\n<ul class=\"wp-block-list\">\n<li>Presidenta:\u00a0S\u00edndico Lic. Paulina Rodr\u00edguez Maldonado.<\/li>\n\n\n\n<li>Secretario:\u00a0Regidor Cristofer Oziel Mart\u00ednez Zamora.<\/li>\n\n\n\n<li>Tesorero:\u00a0Hosni Eddef Garc\u00eda Moreno, integrante de la Comisi\u00f3n de Hacienda, Patrimonio y Cuenta P\u00fablica. Acompa\u00f1a tambi\u00e9n la regidora Mari Te Mart\u00ednez Hidalgo en este esfuerzo de gesti\u00f3n financiera.<\/li>\n<\/ul>\n\n\n\n<p>Es fundamental recordar que los festejos de fundaci\u00f3n de Valle de Santiago se llevan a cabo en el mes de mayo. La fecha exacta de la fundaci\u00f3n de este municipio fue el 28 de mayo de 1607, por lo que en 2026 se celebrar\u00e1 con una amplia variedad de actividades. Se esperan eventos de car\u00e1cter artesanal, agr\u00edcola, ganadero, deportivo, cultural y art\u00edstico, dise\u00f1ados para conmemorar esta importante efem\u00e9ride y promover la convivencia familiar y comunitaria.<\/p>\n\n\n\n<figure class=\"wp-block-image size-full\"><img loading=\"lazy\" decoding=\"async\" width=\"931\" height=\"491\" src=\"https:\/\/periodiconuevomilenio.com\/wp-content\/uploads\/2026\/03\/IMG_20260311_083106.jpg\" alt=\"\" class=\"wp-image-28851\" srcset=\"https:\/\/periodiconuevomilenio.com\/wp-content\/uploads\/2026\/03\/IMG_20260311_083106.jpg 931w, https:\/\/periodiconuevomilenio.com\/wp-content\/uploads\/2026\/03\/IMG_20260311_083106-300x158.jpg 300w, https:\/\/periodiconuevomilenio.com\/wp-content\/uploads\/2026\/03\/IMG_20260311_083106-768x405.jpg 768w\" sizes=\"auto, (max-width: 931px) 100vw, 931px\" \/><figcaption class=\"wp-element-caption\">Oplus_16908288<\/figcaption><\/figure>\n\n\n","protected":false},"excerpt":{"rendered":"<p>VALLE DE SANTIAGO, GTO.- Esta ma\u00f1ana, en sesi\u00f3n de ayuntamiento, por mayor\u00eda absoluta se aprob\u00f3 la conformaci\u00f3n e<\/p>\n","protected":false},"author":1,"featured_media":28851,"comment_status":"open","ping_status":"open","sticky":false,"template":"","format":"standard","meta":{"jetpack_post_was_ever_published":false,"_jetpack_newsletter_access":"","_jetpack_dont_email_post_to_subs":false,"_jetpack_newsletter_tier_id":0,"_jetpack_memberships_contains_paywalled_content":false,"_jetpack_memberships_contains_paid_content":false,"footnotes":"","jetpack_publicize_message":"","jetpack_publicize_feature_enabled":false,"jetpack_social_post_already_shared":false,"jetpack_social_options":{"image_generator_settings":{"template":"highway","enabled":false},"version":2}},"categories":[39],"tags":[22],"class_list":["post-28849","post","type-post","status-publish","format-standard","has-post-thumbnail","hentry","category-valle-de-santiago","tag-valle"],"jetpack_publicize_connections":[],"jetpack_sharing_enabled":true,"jetpack_featured_media_url":"https:\/\/periodiconuevomilenio.com\/wp-content\/uploads\/2026\/03\/IMG_20260311_083106.jpg","_links":{"self":[{"href":"https:\/\/periodiconuevomilenio.com\/index.php\/wp-json\/wp\/v2\/posts\/28849","targetHints":{"allow":["GET"]}}],"collection":[{"href":"https:\/\/periodiconuevomilenio.com\/index.php\/wp-json\/wp\/v2\/posts"}],"about":[{"href":"https:\/\/periodiconuevomilenio.com\/index.php\/wp-json\/wp\/v2\/types\/post"}],"author":[{"embeddable":true,"href":"https:\/\/periodiconuevomilenio.com\/index.php\/wp-json\/wp\/v2\/users\/1"}],"replies":[{"embeddable":true,"href":"https:\/\/periodiconuevomilenio.com\/index.php\/wp-json\/wp\/v2\/comments?post=28849"}],"version-history":[{"count":1,"href":"https:\/\/periodiconuevomilenio.com\/index.php\/wp-json\/wp\/v2\/posts\/28849\/revisions"}],"predecessor-version":[{"id":28852,"href":"https:\/\/periodiconuevomilenio.com\/index.php\/wp-json\/wp\/v2\/posts\/28849\/revisions\/28852"}],"wp:featuredmedia":[{"embeddable":true,"href":"https:\/\/periodiconuevomilenio.com\/index.php\/wp-json\/wp\/v2\/media\/28851"}],"wp:attachment":[{"href":"https:\/\/periodiconuevomilenio.com\/index.php\/wp-json\/wp\/v2\/media?parent=28849"}],"wp:term":[{"taxonomy":"category","embeddable":true,"href":"https:\/\/periodiconuevomilenio.com\/index.php\/wp-json\/wp\/v2\/categories?post=28849"},{"taxonomy":"post_tag","embeddable":true,"href":"https:\/\/periodiconuevomilenio.com\/index.php\/wp-json\/wp\/v2\/tags?post=28849"}],"curies":[{"name":"wp","href":"https:\/\/api.w.org\/{rel}","templated":true}]}}