{"id":28871,"date":"2026-03-12T08:09:58","date_gmt":"2026-03-12T14:09:58","guid":{"rendered":"https:\/\/periodiconuevomilenio.com\/?p=28871"},"modified":"2026-03-12T08:10:00","modified_gmt":"2026-03-12T14:10:00","slug":"gppan-reafirma-compromiso-de-coordinacion-por-la-seguridad-de-guanajuato-en-analisis-del-informe-2025-de-la-fiscalia","status":"publish","type":"post","link":"https:\/\/periodiconuevomilenio.com\/index.php\/2026\/03\/12\/gppan-reafirma-compromiso-de-coordinacion-por-la-seguridad-de-guanajuato-en-analisis-del-informe-2025-de-la-fiscalia\/","title":{"rendered":"GPPAN reafirma compromiso de coordinaci\u00f3n por la seguridad de Guanajuato en an\u00e1lisis del informe 2025 de la Fiscal\u00eda"},"content":{"rendered":"\n<p><strong>\u2022&nbsp;&nbsp; <\/strong><strong>\u2060<\/strong><strong>Revisan GPPAN y RPPRD avances, resultados y retos en materia de procuraci<\/strong><strong>\u00f3<\/strong><strong>n de justicia en Guanajuato.<\/strong><\/p>\n\n\n\n<p><strong>Guanajuato, Gto., 10 de marzo de 2026.- Durante el An\u00e1lisis del Informe 2025 de la Fiscal\u00eda General del Estado, el Grupo Parlamentario del Partido Acci\u00f3n Nacional (GPPAN) reafirm\u00f3 su compromiso con la construcci\u00f3n de paz a trav\u00e9s del trabajo coordinado con la Fiscal\u00eda General del Estado de Guanajuato.<\/strong><\/p>\n\n\n\n<p><strong>El coordinador del Grupo, Jorge Arturo Espadas Galv\u00e1n, asegur\u00f3 que desde el equipo que encabeza se realizar\u00e1 el trabajo legislativo para lograr que las y los guanajuatenses vivan con tranquilidad.&nbsp;<\/strong><\/p>\n\n\n\n<p><strong>\u201cEn el Grupo Parlamentario del Partido Acci\u00f3n Nacional encontrar\u00e1s una colaboraci\u00f3n institucional, que la construcci\u00f3n de la paz nos corresponde a todas y todos, que es una tarea permanente y que la reformas que sean necesarias, ya en lo local con lo que podamos impulsar hacia lo federal lo asumiremos con total responsabilidad\u201d, dijo.<\/strong><\/p>\n\n\n\n<p><strong>Adem\u00e1s, afirm\u00f3 que desde el Congreso se continuar\u00e1 trabajando en coordinaci\u00f3n con la Fiscal\u00eda en materia de procuraci\u00f3n de Justicia, \u2018porque nosotros vemos una gran responsabilidad legislativa, no en el grito ni la descalificaci\u00f3n, sino en la construcci\u00f3n\u2019.<\/strong><\/p>\n\n\n\n<p><strong>Espadas Galv\u00e1n, destac\u00f3 la disminuci\u00f3n de homicidios dolosos en Guanajuato durante el \u00faltimo a\u00f1o, resultado del trabajo coordinado en materia de seguridad.<\/strong><\/p>\n\n\n\n<p><strong>En este sentido, reconoci\u00f3 el liderazgo de la gobernadora Libia Dennise Garc\u00eda Mu\u00f1oz Ledo, as\u00ed como la implementaci\u00f3n de la estrategia CONF\u00cdA, y el esfuerzo conjunto de la Secretar\u00eda de Seguridad P\u00fablica y Paz, la Fiscal\u00eda General del Estado y las autoridades federales para avanzar en la construcci\u00f3n de mayor tranquilidad para las familias guanajuatenses.<\/strong><\/p>\n\n\n\n<p><strong>Al hacer uso de la voz, el Fiscal General, Gerardo V\u00e1zquez Alatriste, afirm\u00f3 que la instituci\u00f3n ha roto paradigmas hist\u00f3ricos en la procuraci\u00f3n de justicia y destac\u00f3 que en Guanajuato la impartici\u00f3n de justicia ha evolucionado hacia un modelo centrado en las v\u00edctimas y usuarios, operando bajo una estricta perspectiva de g\u00e9nero y respeto a los derechos humanos.<\/strong><\/p>\n\n\n\n<p><strong>Se\u00f1al\u00f3 que el estado tiene un rumbo claro, transformando la procuraci\u00f3n de justicia en un servicio cercano y humano que garantiza resultados tangibles para la ciudadan\u00eda.<\/strong><\/p>\n\n\n\n<p><strong>En una primera ronda de preguntas, las diputadas y los diputados del PAN y PRD pidieron conocer la numeralia de denuncias presentadas, las acciones realizadas para promover la denuncia de posibles delitos, los casos de vulneraci\u00f3n de datos en la Fiscal\u00eda y las medidas de prevenci\u00f3n adoptadas; as\u00ed como el trabajo realizado para la protecci\u00f3n del sector textil y las acciones realizadas en coordinaci\u00f3n con el Gobierno de Michoac\u00e1n para proteger los l\u00edmites del estado.<\/strong><\/p>\n\n\n\n<p><strong>Asimismo, cuestionaron los mecanismos para garantizar que las familias reciban los restos humanos de sus familiares, el seguimiento de la Declaratoria de Alerta de Violencia de G\u00e9nero contra las Mujeres por parte de la Fiscal\u00eda, las capacitaciones que reciben para la atenci\u00f3n de v\u00edctimas; las medidas de acompa\u00f1amiento especializado y atenci\u00f3n para ni\u00f1as, ni\u00f1os y adolescentes; las investigaciones y sentencias contra seres sintientes y cuidado de la unidad K9, las estrategias contra el abigeato y la creaci\u00f3n del Modelo de Atenci\u00f3n Prioritaria a Mujeres.<\/strong><\/p>\n\n\n\n<p><strong>Tambi\u00e9n, realizaron preguntas respecto a la desparici\u00f3n forzada de personas, los mecanismos de colaboraci\u00f3n con institucionales para la localizaci\u00f3n de personas desaparecidas, las alertas amber que emiten, el proceso para solicitar \u00f3rdenes de protecci\u00f3n, las denuncias por discriminaci\u00f3n contra personas con discapacidad y la atenci\u00f3n que se les brinda, las acciones transversales para atender a sectores tur\u00edsticos ante la extorsi\u00f3n y los filtros de control de confianza para el personal de la Fiscal\u00eda.<\/strong><\/p>\n\n\n\n<p><strong>Por \u00faltimo, solicitaron informaci\u00f3n sobre los avances en el combate a la extorsi\u00f3n; la detecci\u00f3n de medios digitales para la comisi\u00f3n de delitos en contra ni\u00f1as, ni\u00f1os y adolescentes y los protocolos para combatirlos;<\/strong><\/p>\n\n\n\n<p><strong>Al dar respuesta, el Fiscal General inform\u00f3 sobre el recurso que se ha destinado para el apoyo a v\u00edctimas del delito, las estrategias que han implementado en los municipios para disminuir los delitos de alto impacto, las acciones de contenci\u00f3n y desarticulaci\u00f3n de grupos criminales, detenci\u00f3n de personas, as\u00ed como aseguramiento de armas de fuego.<\/strong><\/p>\n\n\n\n<p><strong>De igual forma, expuso el trabajo realizado para la atenci\u00f3n de mujeres y personas con discapacidad, la localizaci\u00f3n de personas desaparecidas, el proceso que se sigue para la activaci\u00f3n y seguimiento de la Alerta Amber.<\/strong><\/p>\n\n\n\n<figure class=\"wp-block-image size-large\"><img loading=\"lazy\" decoding=\"async\" width=\"1024\" height=\"683\" src=\"https:\/\/periodiconuevomilenio.com\/wp-content\/uploads\/2026\/03\/9e39333c-5870-4cfb-b3ff-92d459668071-1024x683.jpg\" alt=\"\" class=\"wp-image-28874\" srcset=\"https:\/\/periodiconuevomilenio.com\/wp-content\/uploads\/2026\/03\/9e39333c-5870-4cfb-b3ff-92d459668071-1024x683.jpg 1024w, https:\/\/periodiconuevomilenio.com\/wp-content\/uploads\/2026\/03\/9e39333c-5870-4cfb-b3ff-92d459668071-300x200.jpg 300w, https:\/\/periodiconuevomilenio.com\/wp-content\/uploads\/2026\/03\/9e39333c-5870-4cfb-b3ff-92d459668071-768x512.jpg 768w, https:\/\/periodiconuevomilenio.com\/wp-content\/uploads\/2026\/03\/9e39333c-5870-4cfb-b3ff-92d459668071.jpg 1280w\" sizes=\"auto, (max-width: 1024px) 100vw, 1024px\" \/><\/figure>\n\n\n\n<figure class=\"wp-block-gallery has-nested-images columns-default is-cropped wp-block-gallery-1 is-layout-flex wp-block-gallery-is-layout-flex\">\n<figure class=\"wp-block-image size-large\"><img loading=\"lazy\" decoding=\"async\" width=\"682\" height=\"1024\" data-id=\"28873\" src=\"https:\/\/periodiconuevomilenio.com\/wp-content\/uploads\/2026\/03\/fb1ef1b9-6c17-44d8-a7cf-dae2c39cc4ac-1-682x1024.jpg\" alt=\"\" class=\"wp-image-28873\" srcset=\"https:\/\/periodiconuevomilenio.com\/wp-content\/uploads\/2026\/03\/fb1ef1b9-6c17-44d8-a7cf-dae2c39cc4ac-1-682x1024.jpg 682w, https:\/\/periodiconuevomilenio.com\/wp-content\/uploads\/2026\/03\/fb1ef1b9-6c17-44d8-a7cf-dae2c39cc4ac-1-200x300.jpg 200w, https:\/\/periodiconuevomilenio.com\/wp-content\/uploads\/2026\/03\/fb1ef1b9-6c17-44d8-a7cf-dae2c39cc4ac-1-768x1152.jpg 768w, https:\/\/periodiconuevomilenio.com\/wp-content\/uploads\/2026\/03\/fb1ef1b9-6c17-44d8-a7cf-dae2c39cc4ac-1-1024x1537.jpg 1024w, https:\/\/periodiconuevomilenio.com\/wp-content\/uploads\/2026\/03\/fb1ef1b9-6c17-44d8-a7cf-dae2c39cc4ac-1-1365x2048.jpg 1365w, https:\/\/periodiconuevomilenio.com\/wp-content\/uploads\/2026\/03\/fb1ef1b9-6c17-44d8-a7cf-dae2c39cc4ac-1.jpg 1706w\" sizes=\"auto, (max-width: 682px) 100vw, 682px\" \/><\/figure>\n\n\n\n<figure class=\"wp-block-image size-large\"><img loading=\"lazy\" decoding=\"async\" width=\"734\" height=\"1024\" data-id=\"28872\" src=\"https:\/\/periodiconuevomilenio.com\/wp-content\/uploads\/2026\/03\/4e7a912e-a7d3-45a4-8d4c-40f0e1adb9fb-1-734x1024.jpg\" alt=\"\" class=\"wp-image-28872\" srcset=\"https:\/\/periodiconuevomilenio.com\/wp-content\/uploads\/2026\/03\/4e7a912e-a7d3-45a4-8d4c-40f0e1adb9fb-1-734x1024.jpg 734w, https:\/\/periodiconuevomilenio.com\/wp-content\/uploads\/2026\/03\/4e7a912e-a7d3-45a4-8d4c-40f0e1adb9fb-1-215x300.jpg 215w, https:\/\/periodiconuevomilenio.com\/wp-content\/uploads\/2026\/03\/4e7a912e-a7d3-45a4-8d4c-40f0e1adb9fb-1-768x1071.jpg 768w, https:\/\/periodiconuevomilenio.com\/wp-content\/uploads\/2026\/03\/4e7a912e-a7d3-45a4-8d4c-40f0e1adb9fb-1.jpg 918w\" sizes=\"auto, (max-width: 734px) 100vw, 734px\" \/><\/figure>\n<\/figure>\n","protected":false},"excerpt":{"rendered":"<p>\u2022&nbsp;&nbsp; \u2060Revisan GPPAN y RPPRD avances, resultados y retos en materia de procuraci\u00f3n de justicia en Guanajuato. Guanajuato,<\/p>\n","protected":false},"author":1,"featured_media":28874,"comment_status":"open","ping_status":"open","sticky":false,"template":"","format":"standard","meta":{"jetpack_post_was_ever_published":false,"_jetpack_newsletter_access":"","_jetpack_dont_email_post_to_subs":false,"_jetpack_newsletter_tier_id":0,"_jetpack_memberships_contains_paywalled_content":false,"_jetpack_memberships_contains_paid_content":false,"footnotes":"","jetpack_publicize_message":"","jetpack_publicize_feature_enabled":false,"jetpack_social_post_already_shared":false,"jetpack_social_options":{"image_generator_settings":{"template":"highway","enabled":false},"version":2}},"categories":[31],"tags":[51],"class_list":["post-28871","post","type-post","status-publish","format-standard","has-post-thumbnail","hentry","category-estado","tag-estado"],"jetpack_publicize_connections":[],"jetpack_sharing_enabled":true,"jetpack_featured_media_url":"https:\/\/periodiconuevomilenio.com\/wp-content\/uploads\/2026\/03\/9e39333c-5870-4cfb-b3ff-92d459668071.jpg","_links":{"self":[{"href":"https:\/\/periodiconuevomilenio.com\/index.php\/wp-json\/wp\/v2\/posts\/28871","targetHints":{"allow":["GET"]}}],"collection":[{"href":"https:\/\/periodiconuevomilenio.com\/index.php\/wp-json\/wp\/v2\/posts"}],"about":[{"href":"https:\/\/periodiconuevomilenio.com\/index.php\/wp-json\/wp\/v2\/types\/post"}],"author":[{"embeddable":true,"href":"https:\/\/periodiconuevomilenio.com\/index.php\/wp-json\/wp\/v2\/users\/1"}],"replies":[{"embeddable":true,"href":"https:\/\/periodiconuevomilenio.com\/index.php\/wp-json\/wp\/v2\/comments?post=28871"}],"version-history":[{"count":1,"href":"https:\/\/periodiconuevomilenio.com\/index.php\/wp-json\/wp\/v2\/posts\/28871\/revisions"}],"predecessor-version":[{"id":28875,"href":"https:\/\/periodiconuevomilenio.com\/index.php\/wp-json\/wp\/v2\/posts\/28871\/revisions\/28875"}],"wp:featuredmedia":[{"embeddable":true,"href":"https:\/\/periodiconuevomilenio.com\/index.php\/wp-json\/wp\/v2\/media\/28874"}],"wp:attachment":[{"href":"https:\/\/periodiconuevomilenio.com\/index.php\/wp-json\/wp\/v2\/media?parent=28871"}],"wp:term":[{"taxonomy":"category","embeddable":true,"href":"https:\/\/periodiconuevomilenio.com\/index.php\/wp-json\/wp\/v2\/categories?post=28871"},{"taxonomy":"post_tag","embeddable":true,"href":"https:\/\/periodiconuevomilenio.com\/index.php\/wp-json\/wp\/v2\/tags?post=28871"}],"curies":[{"name":"wp","href":"https:\/\/api.w.org\/{rel}","templated":true}]}}