{"id":28889,"date":"2026-03-13T20:34:08","date_gmt":"2026-03-14T02:34:08","guid":{"rendered":"https:\/\/periodiconuevomilenio.com\/?p=28889"},"modified":"2026-03-13T20:34:10","modified_gmt":"2026-03-14T02:34:10","slug":"el-dirigente-abandona-el-partido-verde-en-valle","status":"publish","type":"post","link":"https:\/\/periodiconuevomilenio.com\/index.php\/2026\/03\/13\/el-dirigente-abandona-el-partido-verde-en-valle\/","title":{"rendered":"El dirigente abandona el partido verde en Valle"},"content":{"rendered":"\n<p>VALLE DE SANTIAGO, GTO. El Partido Verde Ecologista de M\u00e9xico (PVEM) se queda sin dirigente municipal y sin representaci\u00f3n en el Ayuntamiento, luego de que los hermanos Jorge e Indra Navarrete presentaran su renuncia a las filas del partido.<\/p>\n\n\n\n<p>Hace apenas unas horas se confirm\u00f3 que Jorge Navarrete, quien fung\u00eda como l\u00edder municipal del PVEM en Valle de Santiago, entreg\u00f3 su renuncia formal. De manera paralela, su hermana, la regidora Indra Navarrete, tambi\u00e9n decidi\u00f3 abandonar el instituto pol\u00edtico.<\/p>\n\n\n\n<p>Con estas dimisiones, el Partido Verde pierde presencia en el cabildo local y se abre la inc\u00f3gnita sobre el futuro pol\u00edtico del grupo. Se desconoce si los hermanos Navarrete optar\u00e1n por mantenerse como independientes o si buscar\u00e1n incorporarse a otro partido. Sin embargo, ya circulan versiones que apuntan a un posible acercamiento con Morena o Movimiento Ciudadano.<\/p>\n\n\n\n<p>Fuentes cercanas se\u00f1alan que podr\u00edan sumarse m\u00e1s renuncias dentro del PVEM en la regi\u00f3n, lo que fortalecer\u00eda la idea de que el partido fue utilizado como plataforma para obtener espacios de representaci\u00f3n y posteriormente migrar hacia otras fuerzas pol\u00edticas.<\/p>\n\n\n\n<p>\ud83d\udc49 La salida de los Navarrete marca un reacomodo en el escenario pol\u00edtico de Valle de Santiago y deja abierta la discusi\u00f3n sobre el rumbo que tomar\u00e1 la representaci\u00f3n ciudadana en el Ayuntamiento.<\/p>\n\n\n\n<figure class=\"wp-block-gallery has-nested-images columns-default is-cropped wp-block-gallery-1 is-layout-flex wp-block-gallery-is-layout-flex\">\n<figure class=\"wp-block-image size-large\"><img loading=\"lazy\" decoding=\"async\" width=\"722\" height=\"689\" data-id=\"28891\" src=\"https:\/\/periodiconuevomilenio.com\/wp-content\/uploads\/2026\/03\/fb260286-9d06-41c2-bbeb-7813d4c16586.jpg\" alt=\"\" class=\"wp-image-28891\" srcset=\"https:\/\/periodiconuevomilenio.com\/wp-content\/uploads\/2026\/03\/fb260286-9d06-41c2-bbeb-7813d4c16586.jpg 722w, https:\/\/periodiconuevomilenio.com\/wp-content\/uploads\/2026\/03\/fb260286-9d06-41c2-bbeb-7813d4c16586-300x286.jpg 300w\" sizes=\"auto, (max-width: 722px) 100vw, 722px\" \/><\/figure>\n\n\n\n<figure class=\"wp-block-image size-large\"><img loading=\"lazy\" decoding=\"async\" width=\"1024\" height=\"1014\" data-id=\"28890\" src=\"https:\/\/periodiconuevomilenio.com\/wp-content\/uploads\/2026\/03\/ae4bbed6-7223-4831-bc28-9ea6e8c9fa22-1024x1014.jpg\" alt=\"\" class=\"wp-image-28890\" srcset=\"https:\/\/periodiconuevomilenio.com\/wp-content\/uploads\/2026\/03\/ae4bbed6-7223-4831-bc28-9ea6e8c9fa22-1024x1014.jpg 1024w, https:\/\/periodiconuevomilenio.com\/wp-content\/uploads\/2026\/03\/ae4bbed6-7223-4831-bc28-9ea6e8c9fa22-300x297.jpg 300w, https:\/\/periodiconuevomilenio.com\/wp-content\/uploads\/2026\/03\/ae4bbed6-7223-4831-bc28-9ea6e8c9fa22-150x150.jpg 150w, https:\/\/periodiconuevomilenio.com\/wp-content\/uploads\/2026\/03\/ae4bbed6-7223-4831-bc28-9ea6e8c9fa22-768x761.jpg 768w, https:\/\/periodiconuevomilenio.com\/wp-content\/uploads\/2026\/03\/ae4bbed6-7223-4831-bc28-9ea6e8c9fa22.jpg 1066w\" sizes=\"auto, (max-width: 1024px) 100vw, 1024px\" \/><\/figure>\n<\/figure>\n\n\n","protected":false},"excerpt":{"rendered":"<p>VALLE DE SANTIAGO, GTO. El Partido Verde Ecologista de M\u00e9xico (PVEM) se queda sin dirigente municipal y sin<\/p>\n","protected":false},"author":1,"featured_media":28890,"comment_status":"open","ping_status":"open","sticky":false,"template":"","format":"standard","meta":{"jetpack_post_was_ever_published":false,"_jetpack_newsletter_access":"","_jetpack_dont_email_post_to_subs":false,"_jetpack_newsletter_tier_id":0,"_jetpack_memberships_contains_paywalled_content":false,"_jetpack_memberships_contains_paid_content":false,"footnotes":"","jetpack_publicize_message":"","jetpack_publicize_feature_enabled":false,"jetpack_social_post_already_shared":false,"jetpack_social_options":{"image_generator_settings":{"template":"highway","enabled":false},"version":2}},"categories":[31,39],"tags":[51,22],"class_list":["post-28889","post","type-post","status-publish","format-standard","has-post-thumbnail","hentry","category-estado","category-valle-de-santiago","tag-estado","tag-valle"],"jetpack_publicize_connections":[],"jetpack_sharing_enabled":true,"jetpack_featured_media_url":"https:\/\/periodiconuevomilenio.com\/wp-content\/uploads\/2026\/03\/ae4bbed6-7223-4831-bc28-9ea6e8c9fa22.jpg","_links":{"self":[{"href":"https:\/\/periodiconuevomilenio.com\/index.php\/wp-json\/wp\/v2\/posts\/28889","targetHints":{"allow":["GET"]}}],"collection":[{"href":"https:\/\/periodiconuevomilenio.com\/index.php\/wp-json\/wp\/v2\/posts"}],"about":[{"href":"https:\/\/periodiconuevomilenio.com\/index.php\/wp-json\/wp\/v2\/types\/post"}],"author":[{"embeddable":true,"href":"https:\/\/periodiconuevomilenio.com\/index.php\/wp-json\/wp\/v2\/users\/1"}],"replies":[{"embeddable":true,"href":"https:\/\/periodiconuevomilenio.com\/index.php\/wp-json\/wp\/v2\/comments?post=28889"}],"version-history":[{"count":1,"href":"https:\/\/periodiconuevomilenio.com\/index.php\/wp-json\/wp\/v2\/posts\/28889\/revisions"}],"predecessor-version":[{"id":28892,"href":"https:\/\/periodiconuevomilenio.com\/index.php\/wp-json\/wp\/v2\/posts\/28889\/revisions\/28892"}],"wp:featuredmedia":[{"embeddable":true,"href":"https:\/\/periodiconuevomilenio.com\/index.php\/wp-json\/wp\/v2\/media\/28890"}],"wp:attachment":[{"href":"https:\/\/periodiconuevomilenio.com\/index.php\/wp-json\/wp\/v2\/media?parent=28889"}],"wp:term":[{"taxonomy":"category","embeddable":true,"href":"https:\/\/periodiconuevomilenio.com\/index.php\/wp-json\/wp\/v2\/categories?post=28889"},{"taxonomy":"post_tag","embeddable":true,"href":"https:\/\/periodiconuevomilenio.com\/index.php\/wp-json\/wp\/v2\/tags?post=28889"}],"curies":[{"name":"wp","href":"https:\/\/api.w.org\/{rel}","templated":true}]}}