{"id":28899,"date":"2026-03-13T21:37:51","date_gmt":"2026-03-14T03:37:51","guid":{"rendered":"https:\/\/periodiconuevomilenio.com\/?p=28899"},"modified":"2026-03-13T21:37:53","modified_gmt":"2026-03-14T03:37:53","slug":"homicidio-en-el-centro-de-salvatierra","status":"publish","type":"post","link":"https:\/\/periodiconuevomilenio.com\/index.php\/2026\/03\/13\/homicidio-en-el-centro-de-salvatierra\/","title":{"rendered":"Homicidio en el centro de Salvatierra"},"content":{"rendered":"\n<p>Salvatierra, Gto.- La violencia alcanz\u00f3 nuevamente al municipio. Un hombre fue asesinado a balazos dentro de su vivienda ubicada en pleno centro de la ciudad.<\/p>\n\n\n\n<p>\ud83d\udccd El ataque ocurri\u00f3 en la calle Allende, donde vecinos reportaron varias detonaciones de arma de fuego. Al llegar al sitio, elementos de la Polic\u00eda encontraron la puerta abierta y, al ingresar, localizaron al hombre sin vida.<\/p>\n\n\n\n<p>La zona fue acordonada para que agentes de Investigaci\u00f3n Criminal recabaran indicios y trasladaran el cuerpo a la unidad forense.<\/p>\n\n\n\n<p>Hasta el momento, la v\u00edctima no ha sido identificada y tampoco se ha establecido c\u00f3mo ocurri\u00f3 el ataque ni cu\u00e1ntas personas participaron.<\/p>\n\n\n\n<p>\u26a0\ufe0f Este hecho se suma a la creciente ola de violencia que preocupa a la ciudadan\u00eda de Salvatierra, que exige mayor seguridad en espacios p\u00fablicos y privados.<\/p>\n\n\n\n<figure class=\"wp-block-image size-full\"><img loading=\"lazy\" decoding=\"async\" width=\"513\" height=\"351\" src=\"https:\/\/periodiconuevomilenio.com\/wp-content\/uploads\/2026\/03\/ea3fdc1a-0bf6-4524-8caf-45abe7911c0b.jpg\" alt=\"\" class=\"wp-image-28900\" srcset=\"https:\/\/periodiconuevomilenio.com\/wp-content\/uploads\/2026\/03\/ea3fdc1a-0bf6-4524-8caf-45abe7911c0b.jpg 513w, https:\/\/periodiconuevomilenio.com\/wp-content\/uploads\/2026\/03\/ea3fdc1a-0bf6-4524-8caf-45abe7911c0b-300x205.jpg 300w\" sizes=\"auto, (max-width: 513px) 100vw, 513px\" \/><\/figure>\n\n\n\n<hr class=\"wp-block-separator has-alpha-channel-opacity\"\/>\n\n\n","protected":false},"excerpt":{"rendered":"<p>Salvatierra, Gto.- La violencia alcanz\u00f3 nuevamente al municipio. Un hombre fue asesinado a balazos dentro de su vivienda<\/p>\n","protected":false},"author":1,"featured_media":28900,"comment_status":"open","ping_status":"open","sticky":false,"template":"","format":"standard","meta":{"jetpack_post_was_ever_published":false,"_jetpack_newsletter_access":"","_jetpack_dont_email_post_to_subs":false,"_jetpack_newsletter_tier_id":0,"_jetpack_memberships_contains_paywalled_content":false,"_jetpack_memberships_contains_paid_content":false,"footnotes":"","jetpack_publicize_message":"","jetpack_publicize_feature_enabled":false,"jetpack_social_post_already_shared":false,"jetpack_social_options":{"image_generator_settings":{"template":"highway","enabled":false},"version":2}},"categories":[31,48,37],"tags":[51],"class_list":["post-28899","post","type-post","status-publish","format-standard","has-post-thumbnail","hentry","category-estado","category-policiaca","category-salvatierra","tag-estado"],"jetpack_publicize_connections":[],"jetpack_sharing_enabled":true,"jetpack_featured_media_url":"https:\/\/periodiconuevomilenio.com\/wp-content\/uploads\/2026\/03\/ea3fdc1a-0bf6-4524-8caf-45abe7911c0b.jpg","_links":{"self":[{"href":"https:\/\/periodiconuevomilenio.com\/index.php\/wp-json\/wp\/v2\/posts\/28899","targetHints":{"allow":["GET"]}}],"collection":[{"href":"https:\/\/periodiconuevomilenio.com\/index.php\/wp-json\/wp\/v2\/posts"}],"about":[{"href":"https:\/\/periodiconuevomilenio.com\/index.php\/wp-json\/wp\/v2\/types\/post"}],"author":[{"embeddable":true,"href":"https:\/\/periodiconuevomilenio.com\/index.php\/wp-json\/wp\/v2\/users\/1"}],"replies":[{"embeddable":true,"href":"https:\/\/periodiconuevomilenio.com\/index.php\/wp-json\/wp\/v2\/comments?post=28899"}],"version-history":[{"count":1,"href":"https:\/\/periodiconuevomilenio.com\/index.php\/wp-json\/wp\/v2\/posts\/28899\/revisions"}],"predecessor-version":[{"id":28901,"href":"https:\/\/periodiconuevomilenio.com\/index.php\/wp-json\/wp\/v2\/posts\/28899\/revisions\/28901"}],"wp:featuredmedia":[{"embeddable":true,"href":"https:\/\/periodiconuevomilenio.com\/index.php\/wp-json\/wp\/v2\/media\/28900"}],"wp:attachment":[{"href":"https:\/\/periodiconuevomilenio.com\/index.php\/wp-json\/wp\/v2\/media?parent=28899"}],"wp:term":[{"taxonomy":"category","embeddable":true,"href":"https:\/\/periodiconuevomilenio.com\/index.php\/wp-json\/wp\/v2\/categories?post=28899"},{"taxonomy":"post_tag","embeddable":true,"href":"https:\/\/periodiconuevomilenio.com\/index.php\/wp-json\/wp\/v2\/tags?post=28899"}],"curies":[{"name":"wp","href":"https:\/\/api.w.org\/{rel}","templated":true}]}}