{"id":28951,"date":"2026-03-16T01:04:31","date_gmt":"2026-03-16T07:04:31","guid":{"rendered":"https:\/\/periodiconuevomilenio.com\/?p=28951"},"modified":"2026-03-16T01:27:38","modified_gmt":"2026-03-16T07:27:38","slug":"ataque-armado-en-el-centro-de-valle-de-santiago","status":"publish","type":"post","link":"https:\/\/periodiconuevomilenio.com\/index.php\/2026\/03\/16\/ataque-armado-en-el-centro-de-valle-de-santiago\/","title":{"rendered":"Ataque armado en el centro de Valle de Santiago"},"content":{"rendered":"\n<p>VALLE DE SANTIAGO, GTO.- La tarde de este domingo 15 de Marzo  se registr\u00f3 un ataque a balazos en la esquina de las calles Democracia y Obreg\u00f3n, justo afuera de la cantina \u201cEl Toro\u201d.<\/p>\n\n\n\n<p>En el lugar qued\u00f3 sin vida un hombre joven que a\u00fan no ha sido identificado. Vest\u00eda camisa tipo polo azul marino, pantal\u00f3n de mezclilla azul y tenis blancos.<\/p>\n\n\n\n<p>Otro masculino, identificado como Gerardo \u201cN\u201d, result\u00f3 gravemente herido con impactos de arma de fuego en la zona del om\u00f3plato izquierdo. Fue trasladado de emergencia al hospital en c\u00f3digo rojo.<\/p>\n\n\n\n<p>El hecho ocurri\u00f3 minutos antes de las 4:00 de la tarde, cuando vecinos reportaron m\u00faltiples detonaciones al sistema de emergencias 911. Elementos de la Polic\u00eda Municipal acudieron de inmediato y localizaron a las dos v\u00edctimas.<\/p>\n\n\n\n<p>La zona fue acordonada y peritos de la Fiscal\u00eda levantaron las evidencias correspondientes. El cuerpo del fallecido fue trasladado al Servicio M\u00e9dico Forense en la capital del estado.<\/p>\n\n\n\n<figure class=\"wp-block-gallery has-nested-images columns-default is-cropped wp-block-gallery-1 is-layout-flex wp-block-gallery-is-layout-flex\">\n<figure class=\"wp-block-image size-large\"><img loading=\"lazy\" decoding=\"async\" width=\"834\" height=\"523\" data-id=\"28952\" src=\"https:\/\/periodiconuevomilenio.com\/wp-content\/uploads\/2026\/03\/42c52f2b-06af-4aca-8d12-417953517d4d.jpg\" alt=\"\" class=\"wp-image-28952\" srcset=\"https:\/\/periodiconuevomilenio.com\/wp-content\/uploads\/2026\/03\/42c52f2b-06af-4aca-8d12-417953517d4d.jpg 834w, https:\/\/periodiconuevomilenio.com\/wp-content\/uploads\/2026\/03\/42c52f2b-06af-4aca-8d12-417953517d4d-300x188.jpg 300w, https:\/\/periodiconuevomilenio.com\/wp-content\/uploads\/2026\/03\/42c52f2b-06af-4aca-8d12-417953517d4d-768x482.jpg 768w\" sizes=\"auto, (max-width: 834px) 100vw, 834px\" \/><\/figure>\n\n\n\n<figure class=\"wp-block-image size-large\"><img loading=\"lazy\" decoding=\"async\" width=\"1024\" height=\"765\" data-id=\"28954\" src=\"https:\/\/periodiconuevomilenio.com\/wp-content\/uploads\/2026\/03\/7184851a-9bfb-4484-9ab2-2f772f8bf42d.jpg\" alt=\"\" class=\"wp-image-28954\" srcset=\"https:\/\/periodiconuevomilenio.com\/wp-content\/uploads\/2026\/03\/7184851a-9bfb-4484-9ab2-2f772f8bf42d.jpg 1024w, https:\/\/periodiconuevomilenio.com\/wp-content\/uploads\/2026\/03\/7184851a-9bfb-4484-9ab2-2f772f8bf42d-300x224.jpg 300w, https:\/\/periodiconuevomilenio.com\/wp-content\/uploads\/2026\/03\/7184851a-9bfb-4484-9ab2-2f772f8bf42d-768x574.jpg 768w\" sizes=\"auto, (max-width: 1024px) 100vw, 1024px\" \/><\/figure>\n\n\n\n<figure class=\"wp-block-image size-large\"><img loading=\"lazy\" decoding=\"async\" width=\"588\" height=\"410\" data-id=\"28953\" src=\"https:\/\/periodiconuevomilenio.com\/wp-content\/uploads\/2026\/03\/ada4a712-0144-46a1-930c-e56721337906.jpg\" alt=\"\" class=\"wp-image-28953\" srcset=\"https:\/\/periodiconuevomilenio.com\/wp-content\/uploads\/2026\/03\/ada4a712-0144-46a1-930c-e56721337906.jpg 588w, https:\/\/periodiconuevomilenio.com\/wp-content\/uploads\/2026\/03\/ada4a712-0144-46a1-930c-e56721337906-300x209.jpg 300w\" sizes=\"auto, (max-width: 588px) 100vw, 588px\" \/><\/figure>\n<\/figure>\n\n\n","protected":false},"excerpt":{"rendered":"<p>VALLE DE SANTIAGO, GTO.- La tarde de este domingo 15 de Marzo se registr\u00f3 un ataque a balazos<\/p>\n","protected":false},"author":1,"featured_media":28954,"comment_status":"open","ping_status":"open","sticky":false,"template":"","format":"standard","meta":{"jetpack_post_was_ever_published":false,"_jetpack_newsletter_access":"","_jetpack_dont_email_post_to_subs":false,"_jetpack_newsletter_tier_id":0,"_jetpack_memberships_contains_paywalled_content":false,"_jetpack_memberships_contains_paid_content":false,"footnotes":"","jetpack_publicize_message":"","jetpack_publicize_feature_enabled":false,"jetpack_social_post_already_shared":false,"jetpack_social_options":{"image_generator_settings":{"template":"highway","enabled":false},"version":2}},"categories":[31,48,39],"tags":[51,22],"class_list":["post-28951","post","type-post","status-publish","format-standard","has-post-thumbnail","hentry","category-estado","category-policiaca","category-valle-de-santiago","tag-estado","tag-valle"],"jetpack_publicize_connections":[],"jetpack_sharing_enabled":true,"jetpack_featured_media_url":"https:\/\/periodiconuevomilenio.com\/wp-content\/uploads\/2026\/03\/7184851a-9bfb-4484-9ab2-2f772f8bf42d.jpg","_links":{"self":[{"href":"https:\/\/periodiconuevomilenio.com\/index.php\/wp-json\/wp\/v2\/posts\/28951","targetHints":{"allow":["GET"]}}],"collection":[{"href":"https:\/\/periodiconuevomilenio.com\/index.php\/wp-json\/wp\/v2\/posts"}],"about":[{"href":"https:\/\/periodiconuevomilenio.com\/index.php\/wp-json\/wp\/v2\/types\/post"}],"author":[{"embeddable":true,"href":"https:\/\/periodiconuevomilenio.com\/index.php\/wp-json\/wp\/v2\/users\/1"}],"replies":[{"embeddable":true,"href":"https:\/\/periodiconuevomilenio.com\/index.php\/wp-json\/wp\/v2\/comments?post=28951"}],"version-history":[{"count":2,"href":"https:\/\/periodiconuevomilenio.com\/index.php\/wp-json\/wp\/v2\/posts\/28951\/revisions"}],"predecessor-version":[{"id":28956,"href":"https:\/\/periodiconuevomilenio.com\/index.php\/wp-json\/wp\/v2\/posts\/28951\/revisions\/28956"}],"wp:featuredmedia":[{"embeddable":true,"href":"https:\/\/periodiconuevomilenio.com\/index.php\/wp-json\/wp\/v2\/media\/28954"}],"wp:attachment":[{"href":"https:\/\/periodiconuevomilenio.com\/index.php\/wp-json\/wp\/v2\/media?parent=28951"}],"wp:term":[{"taxonomy":"category","embeddable":true,"href":"https:\/\/periodiconuevomilenio.com\/index.php\/wp-json\/wp\/v2\/categories?post=28951"},{"taxonomy":"post_tag","embeddable":true,"href":"https:\/\/periodiconuevomilenio.com\/index.php\/wp-json\/wp\/v2\/tags?post=28951"}],"curies":[{"name":"wp","href":"https:\/\/api.w.org\/{rel}","templated":true}]}}