{"id":2910,"date":"2023-05-04T15:31:40","date_gmt":"2023-05-04T21:31:40","guid":{"rendered":"https:\/\/periodiconuevomilenio.com\/?p=2910"},"modified":"2023-05-04T15:31:42","modified_gmt":"2023-05-04T21:31:42","slug":"participa-el-secretario-de-seguridad-publica-del-estado-alvar-cabeza-de-vaca-appendini-en-la-conferencia-plan-de-seguridad-regional-entre-estados-unidos-y-colombia","status":"publish","type":"post","link":"https:\/\/periodiconuevomilenio.com\/index.php\/2023\/05\/04\/participa-el-secretario-de-seguridad-publica-del-estado-alvar-cabeza-de-vaca-appendini-en-la-conferencia-plan-de-seguridad-regional-entre-estados-unidos-y-colombia\/","title":{"rendered":"Participa el Secretario de Seguridad P\u00fablica del Estado, Alvar Cabeza de Vaca Appendini, en la Conferencia Plan de Seguridad Regional entre Estados Unidos y Colombia."},"content":{"rendered":"\n<p><strong>Costa Rica, 04 de mayo de 2023.-<\/strong> En el marco del 10\u00ba Aniversario del Plan de Seguridad Regional entre Estados Unidos y Colombia (USCAP), el Secretario de Seguridad P\u00fablica del Estado, Alvar Cabeza de Vaca Appendini particip\u00f3 como parte de la delegaci\u00f3n mexicana.<\/p>\n\n\n\n<p>Durante la reuni\u00f3n estuvieron presentes los representantes de 13 pa\u00edses, entre ellos, Argentina, Costa Rica, Rep\u00fablica Dominicana, Ecuador, Honduras, Panama, Per\u00fa, El Salvador, Colombia, Estados Unido de Am\u00e9rica y M\u00e9xico, se analizaron distintos temas de relevancia.<\/p>\n\n\n\n<p>Como parte de la delegaci\u00f3n de M\u00e9xico participaron los estados de Guanajuato con el Secretario de Seguridad P\u00fablica del Estado, Alvar Cabeza de Vaca Apendinni; as\u00ed como loes estados de Michoac\u00e1n, Quer\u00e9taro y Tamaulipas, as\u00ed como la Secretar\u00eda de Marina (SEMAR).<\/p>\n\n\n\n<p>En esta mesa de trabajo internacional se abordaron diversos temas tales como: el Desarrollo e Implementaci\u00f3n del Centro de Investigaciones Forenses. Antisecuestros, Fuerzas Espaciales y Acreditaci\u00f3n de la Red de Internacionalizaci\u00f3n Educativa Policial, entre otros.<\/p>\n\n\n\n<p>En la Conferencia del Plan de Seguridad Regional entre Estados Unidos y Colombia, se cont\u00f3 con la presencia de la Se\u00f1ora Charisse Phillips, Subsecretaria Adjunta de Programas del Hemisferio Occidental y Aviaci\u00f3n de la Oficina de INL Washington; se\u00f1ora Cynthia Telles Embajadora de los Estados Unidos en Costa Rica, el se\u00f1or Jorge Torres, Ministro Ministerio de Seguridad P\u00fablica de Costa Rica<\/p>\n\n\n\n<p>As\u00ed como el se\u00f1or Alberto Lara Lozada; Viceministro de Defensa para las Pol\u00edticas de Defensa y Seguridad, el se\u00f1or Kevin Murakami, Director INL Colombia y el se\u00f1or Robert Alter, Director INL Costa Rica.<\/p>\n\n\n\n<figure class=\"wp-block-gallery has-nested-images columns-default is-cropped wp-block-gallery-1 is-layout-flex wp-block-gallery-is-layout-flex\">\n<figure class=\"wp-block-image size-large\"><img loading=\"lazy\" decoding=\"async\" width=\"1024\" height=\"768\" data-id=\"2911\" src=\"https:\/\/periodiconuevomilenio.com\/wp-content\/uploads\/2023\/05\/3-1024x768.jpg\" alt=\"\" class=\"wp-image-2911\" srcset=\"https:\/\/periodiconuevomilenio.com\/wp-content\/uploads\/2023\/05\/3-1024x768.jpg 1024w, https:\/\/periodiconuevomilenio.com\/wp-content\/uploads\/2023\/05\/3-300x225.jpg 300w, https:\/\/periodiconuevomilenio.com\/wp-content\/uploads\/2023\/05\/3-768x576.jpg 768w, https:\/\/periodiconuevomilenio.com\/wp-content\/uploads\/2023\/05\/3-1536x1152.jpg 1536w, https:\/\/periodiconuevomilenio.com\/wp-content\/uploads\/2023\/05\/3.jpg 1600w\" sizes=\"auto, (max-width: 1024px) 100vw, 1024px\" \/><\/figure>\n\n\n\n<figure class=\"wp-block-image size-large\"><img loading=\"lazy\" decoding=\"async\" width=\"1024\" height=\"768\" data-id=\"2912\" src=\"https:\/\/periodiconuevomilenio.com\/wp-content\/uploads\/2023\/05\/4-1024x768.jpg\" alt=\"\" class=\"wp-image-2912\" srcset=\"https:\/\/periodiconuevomilenio.com\/wp-content\/uploads\/2023\/05\/4-1024x768.jpg 1024w, https:\/\/periodiconuevomilenio.com\/wp-content\/uploads\/2023\/05\/4-300x225.jpg 300w, https:\/\/periodiconuevomilenio.com\/wp-content\/uploads\/2023\/05\/4-768x576.jpg 768w, https:\/\/periodiconuevomilenio.com\/wp-content\/uploads\/2023\/05\/4-1536x1152.jpg 1536w, https:\/\/periodiconuevomilenio.com\/wp-content\/uploads\/2023\/05\/4.jpg 1600w\" sizes=\"auto, (max-width: 1024px) 100vw, 1024px\" \/><\/figure>\n\n\n\n<figure class=\"wp-block-image size-large\"><img loading=\"lazy\" decoding=\"async\" width=\"1024\" height=\"682\" data-id=\"2916\" src=\"https:\/\/periodiconuevomilenio.com\/wp-content\/uploads\/2023\/05\/5-1024x682.jpg\" alt=\"\" class=\"wp-image-2916\" srcset=\"https:\/\/periodiconuevomilenio.com\/wp-content\/uploads\/2023\/05\/5-1024x682.jpg 1024w, https:\/\/periodiconuevomilenio.com\/wp-content\/uploads\/2023\/05\/5-300x200.jpg 300w, https:\/\/periodiconuevomilenio.com\/wp-content\/uploads\/2023\/05\/5-768x512.jpg 768w, https:\/\/periodiconuevomilenio.com\/wp-content\/uploads\/2023\/05\/5-1536x1023.jpg 1536w, https:\/\/periodiconuevomilenio.com\/wp-content\/uploads\/2023\/05\/5.jpg 1600w\" sizes=\"auto, (max-width: 1024px) 100vw, 1024px\" \/><\/figure>\n\n\n\n<figure class=\"wp-block-image size-large\"><img loading=\"lazy\" decoding=\"async\" width=\"706\" height=\"941\" data-id=\"2915\" src=\"https:\/\/periodiconuevomilenio.com\/wp-content\/uploads\/2023\/05\/6.jpg\" alt=\"\" class=\"wp-image-2915\" srcset=\"https:\/\/periodiconuevomilenio.com\/wp-content\/uploads\/2023\/05\/6.jpg 706w, https:\/\/periodiconuevomilenio.com\/wp-content\/uploads\/2023\/05\/6-225x300.jpg 225w\" sizes=\"auto, (max-width: 706px) 100vw, 706px\" \/><\/figure>\n\n\n\n<figure class=\"wp-block-image size-large\"><img loading=\"lazy\" decoding=\"async\" width=\"1024\" height=\"768\" data-id=\"2914\" src=\"https:\/\/periodiconuevomilenio.com\/wp-content\/uploads\/2023\/05\/1-1-1024x768.jpg\" alt=\"\" class=\"wp-image-2914\" srcset=\"https:\/\/periodiconuevomilenio.com\/wp-content\/uploads\/2023\/05\/1-1-1024x768.jpg 1024w, https:\/\/periodiconuevomilenio.com\/wp-content\/uploads\/2023\/05\/1-1-300x225.jpg 300w, https:\/\/periodiconuevomilenio.com\/wp-content\/uploads\/2023\/05\/1-1-768x576.jpg 768w, https:\/\/periodiconuevomilenio.com\/wp-content\/uploads\/2023\/05\/1-1-1536x1152.jpg 1536w, https:\/\/periodiconuevomilenio.com\/wp-content\/uploads\/2023\/05\/1-1.jpg 1600w\" sizes=\"auto, (max-width: 1024px) 100vw, 1024px\" \/><\/figure>\n\n\n\n<figure class=\"wp-block-image size-large\"><img loading=\"lazy\" decoding=\"async\" width=\"1024\" height=\"768\" data-id=\"2913\" src=\"https:\/\/periodiconuevomilenio.com\/wp-content\/uploads\/2023\/05\/2-1-1024x768.jpg\" alt=\"\" class=\"wp-image-2913\" srcset=\"https:\/\/periodiconuevomilenio.com\/wp-content\/uploads\/2023\/05\/2-1-1024x768.jpg 1024w, https:\/\/periodiconuevomilenio.com\/wp-content\/uploads\/2023\/05\/2-1-300x225.jpg 300w, https:\/\/periodiconuevomilenio.com\/wp-content\/uploads\/2023\/05\/2-1-768x576.jpg 768w, https:\/\/periodiconuevomilenio.com\/wp-content\/uploads\/2023\/05\/2-1-1536x1152.jpg 1536w, https:\/\/periodiconuevomilenio.com\/wp-content\/uploads\/2023\/05\/2-1.jpg 1600w\" sizes=\"auto, (max-width: 1024px) 100vw, 1024px\" \/><\/figure>\n<\/figure>\n","protected":false},"excerpt":{"rendered":"<p>Costa Rica, 04 de mayo de 2023.- En el marco del 10\u00ba Aniversario del Plan de Seguridad Regional<\/p>\n","protected":false},"author":1,"featured_media":2917,"comment_status":"open","ping_status":"open","sticky":false,"template":"","format":"standard","meta":{"jetpack_post_was_ever_published":false,"_jetpack_newsletter_access":"","_jetpack_dont_email_post_to_subs":false,"_jetpack_newsletter_tier_id":0,"_jetpack_memberships_contains_paywalled_content":false,"_jetpack_memberships_contains_paid_content":false,"footnotes":"","jetpack_publicize_message":"","jetpack_publicize_feature_enabled":false,"jetpack_social_post_already_shared":false,"jetpack_social_options":{"image_generator_settings":{"template":"highway","enabled":false},"version":2}},"categories":[46],"tags":[],"class_list":["post-2910","post","type-post","status-publish","format-standard","has-post-thumbnail","hentry","category-internacional"],"jetpack_publicize_connections":[],"jetpack_sharing_enabled":true,"jetpack_featured_media_url":"https:\/\/periodiconuevomilenio.com\/wp-content\/uploads\/2023\/05\/5-1.jpg","_links":{"self":[{"href":"https:\/\/periodiconuevomilenio.com\/index.php\/wp-json\/wp\/v2\/posts\/2910","targetHints":{"allow":["GET"]}}],"collection":[{"href":"https:\/\/periodiconuevomilenio.com\/index.php\/wp-json\/wp\/v2\/posts"}],"about":[{"href":"https:\/\/periodiconuevomilenio.com\/index.php\/wp-json\/wp\/v2\/types\/post"}],"author":[{"embeddable":true,"href":"https:\/\/periodiconuevomilenio.com\/index.php\/wp-json\/wp\/v2\/users\/1"}],"replies":[{"embeddable":true,"href":"https:\/\/periodiconuevomilenio.com\/index.php\/wp-json\/wp\/v2\/comments?post=2910"}],"version-history":[{"count":1,"href":"https:\/\/periodiconuevomilenio.com\/index.php\/wp-json\/wp\/v2\/posts\/2910\/revisions"}],"predecessor-version":[{"id":2919,"href":"https:\/\/periodiconuevomilenio.com\/index.php\/wp-json\/wp\/v2\/posts\/2910\/revisions\/2919"}],"wp:featuredmedia":[{"embeddable":true,"href":"https:\/\/periodiconuevomilenio.com\/index.php\/wp-json\/wp\/v2\/media\/2917"}],"wp:attachment":[{"href":"https:\/\/periodiconuevomilenio.com\/index.php\/wp-json\/wp\/v2\/media?parent=2910"}],"wp:term":[{"taxonomy":"category","embeddable":true,"href":"https:\/\/periodiconuevomilenio.com\/index.php\/wp-json\/wp\/v2\/categories?post=2910"},{"taxonomy":"post_tag","embeddable":true,"href":"https:\/\/periodiconuevomilenio.com\/index.php\/wp-json\/wp\/v2\/tags?post=2910"}],"curies":[{"name":"wp","href":"https:\/\/api.w.org\/{rel}","templated":true}]}}