{"id":29613,"date":"2026-04-27T00:21:19","date_gmt":"2026-04-27T06:21:19","guid":{"rendered":"https:\/\/periodiconuevomilenio.com\/?p=29613"},"modified":"2026-04-27T00:21:21","modified_gmt":"2026-04-27T06:21:21","slug":"la-familia-fox-en-la-feria-nacional-de-san-marcos","status":"publish","type":"post","link":"https:\/\/periodiconuevomilenio.com\/index.php\/2026\/04\/27\/la-familia-fox-en-la-feria-nacional-de-san-marcos\/","title":{"rendered":"La familia Fox En \u00a0La Feria Nacional de San Marcos \u00a0"},"content":{"rendered":"\n<p>Aguascalientes, Ags. \u2013 Este s\u00e1bado, la Feria Nacional de San Marcos 2026 con la presentaci\u00f3n de Andrea Bocelli se convirti\u00f3 en punto de encuentro de personas de todos los sectores sociales, quienes disfrutaron de la diversidad cultural y musical que caracteriza a esta celebraci\u00f3n.&nbsp;<\/p>\n\n\n\n<p>Entre los asistentes destac\u00f3 la presencia del expresidente de la Rep\u00fablica, Vicente Fox Quesada, acompa\u00f1ado de su esposa Marta Sahag\u00fan, quienes fueron vistos compartiendo el ambiente festivo y disfrutando del gran concierto que engalan\u00f3 la jornada.&nbsp;<\/p>\n\n\n\n<p>La Feria, considerada una de las m\u00e1s importantes de M\u00e9xico, reuni\u00f3 a familias, visitantes nacionales e internacionales, consolid\u00e1ndose como un espacio de identidad y proyecci\u00f3n cultural.&nbsp;<\/p>\n\n\n\n<p>La asistencia del expresidente y su esposa llam\u00f3 la atenci\u00f3n de los asistentes, quienes reconocieron la relevancia de figuras p\u00fablicas en un evento que refleja la uni\u00f3n social y el orgullo de Aguascalientes.&nbsp;<\/p>\n\n\n\n<figure class=\"wp-block-image size-large\"><img loading=\"lazy\" decoding=\"async\" width=\"768\" height=\"1024\" src=\"https:\/\/periodiconuevomilenio.com\/wp-content\/uploads\/2026\/04\/dbdf2f55-ff3d-429e-bce0-0340406fb245-768x1024.jpg\" alt=\"\" class=\"wp-image-29614\" srcset=\"https:\/\/periodiconuevomilenio.com\/wp-content\/uploads\/2026\/04\/dbdf2f55-ff3d-429e-bce0-0340406fb245-768x1024.jpg 768w, https:\/\/periodiconuevomilenio.com\/wp-content\/uploads\/2026\/04\/dbdf2f55-ff3d-429e-bce0-0340406fb245-225x300.jpg 225w, https:\/\/periodiconuevomilenio.com\/wp-content\/uploads\/2026\/04\/dbdf2f55-ff3d-429e-bce0-0340406fb245-1152x1536.jpg 1152w, https:\/\/periodiconuevomilenio.com\/wp-content\/uploads\/2026\/04\/dbdf2f55-ff3d-429e-bce0-0340406fb245-1024x1365.jpg 1024w, https:\/\/periodiconuevomilenio.com\/wp-content\/uploads\/2026\/04\/dbdf2f55-ff3d-429e-bce0-0340406fb245.jpg 1200w\" sizes=\"auto, (max-width: 768px) 100vw, 768px\" \/><\/figure>\n","protected":false},"excerpt":{"rendered":"<p>Aguascalientes, Ags. \u2013 Este s\u00e1bado, la Feria Nacional de San Marcos 2026 con la presentaci\u00f3n de Andrea Bocelli<\/p>\n","protected":false},"author":1,"featured_media":29614,"comment_status":"open","ping_status":"open","sticky":false,"template":"","format":"standard","meta":{"jetpack_post_was_ever_published":false,"_jetpack_newsletter_access":"","_jetpack_dont_email_post_to_subs":false,"_jetpack_newsletter_tier_id":0,"_jetpack_memberships_contains_paywalled_content":false,"_jetpack_memberships_contains_paid_content":false,"footnotes":"","jetpack_publicize_message":"","jetpack_publicize_feature_enabled":false,"jetpack_social_post_already_shared":false,"jetpack_social_options":{"image_generator_settings":{"template":"highway","enabled":false},"version":2}},"categories":[41,45,47],"tags":[51,50],"class_list":["post-29613","post","type-post","status-publish","format-standard","has-post-thumbnail","hentry","category-cultura","category-espectaculos","category-nacional","tag-estado","tag-nacional"],"jetpack_publicize_connections":[],"jetpack_sharing_enabled":true,"jetpack_featured_media_url":"https:\/\/periodiconuevomilenio.com\/wp-content\/uploads\/2026\/04\/dbdf2f55-ff3d-429e-bce0-0340406fb245.jpg","_links":{"self":[{"href":"https:\/\/periodiconuevomilenio.com\/index.php\/wp-json\/wp\/v2\/posts\/29613","targetHints":{"allow":["GET"]}}],"collection":[{"href":"https:\/\/periodiconuevomilenio.com\/index.php\/wp-json\/wp\/v2\/posts"}],"about":[{"href":"https:\/\/periodiconuevomilenio.com\/index.php\/wp-json\/wp\/v2\/types\/post"}],"author":[{"embeddable":true,"href":"https:\/\/periodiconuevomilenio.com\/index.php\/wp-json\/wp\/v2\/users\/1"}],"replies":[{"embeddable":true,"href":"https:\/\/periodiconuevomilenio.com\/index.php\/wp-json\/wp\/v2\/comments?post=29613"}],"version-history":[{"count":1,"href":"https:\/\/periodiconuevomilenio.com\/index.php\/wp-json\/wp\/v2\/posts\/29613\/revisions"}],"predecessor-version":[{"id":29615,"href":"https:\/\/periodiconuevomilenio.com\/index.php\/wp-json\/wp\/v2\/posts\/29613\/revisions\/29615"}],"wp:featuredmedia":[{"embeddable":true,"href":"https:\/\/periodiconuevomilenio.com\/index.php\/wp-json\/wp\/v2\/media\/29614"}],"wp:attachment":[{"href":"https:\/\/periodiconuevomilenio.com\/index.php\/wp-json\/wp\/v2\/media?parent=29613"}],"wp:term":[{"taxonomy":"category","embeddable":true,"href":"https:\/\/periodiconuevomilenio.com\/index.php\/wp-json\/wp\/v2\/categories?post=29613"},{"taxonomy":"post_tag","embeddable":true,"href":"https:\/\/periodiconuevomilenio.com\/index.php\/wp-json\/wp\/v2\/tags?post=29613"}],"curies":[{"name":"wp","href":"https:\/\/api.w.org\/{rel}","templated":true}]}}