{"id":29627,"date":"2026-04-28T00:28:10","date_gmt":"2026-04-28T06:28:10","guid":{"rendered":"https:\/\/periodiconuevomilenio.com\/?p=29627"},"modified":"2026-04-28T07:30:56","modified_gmt":"2026-04-28T13:30:56","slug":"fiscalia-de-guanajuato-sostuvo-mesa-de-trabajo-con-la-red-de-movimientos-feministas-en-seguimiento-a-pro","status":"publish","type":"post","link":"https:\/\/periodiconuevomilenio.com\/index.php\/2026\/04\/28\/fiscalia-de-guanajuato-sostuvo-mesa-de-trabajo-con-la-red-de-movimientos-feministas-en-seguimiento-a-pro\/","title":{"rendered":"FISCAL\u00cdA \u00a0DE \u00a0GUANAJUATO\u00a0 SOSTUVO \u00a0MESA \u00a0DE \u00a0TRABAJO\u00a0\u00a0 CON \u00a0LA RED \u00a0DE \u00a0MOVIMIENTOS \u00a0FEMINISTAS \u00a0EN \u00a0SEGUIMIENTO \u00a0A\u00a0 PROCESO PENAL POR AGRESIONES \u00a0EL 8M"},"content":{"rendered":"\n<p>En &nbsp;un ejercicio &nbsp;de transparencia y procuraci\u00f3n de justicia &nbsp;humanista, &nbsp;el Fiscal &nbsp;General &nbsp;del &nbsp;Estado de &nbsp;Guanajuato, &nbsp;Gerardo&nbsp; V\u00e1zquez &nbsp;Alatriste encabez\u00f3 una reuni\u00f3n de trabajo &nbsp;estrat\u00e9gica&nbsp; con las&nbsp; &nbsp;titulares &nbsp;de las Fiscal\u00edas Especializadas en Investigaci\u00f3n de Delitos Cometidos en Contra de Mujeres por Razones de G\u00e9nero de las cuatro regiones del estado, as\u00ed como &nbsp;con &nbsp;integrantes &nbsp;de &nbsp;la&nbsp; &nbsp;Red &nbsp;de&nbsp; &nbsp;Movimientos&nbsp; Feministas &nbsp;en Guanajuato Capital.<\/p>\n\n\n\n<p>El &nbsp;objetivo &nbsp;central &nbsp;del &nbsp;encuentro &nbsp;fue informar &nbsp;el &nbsp;estatus actual &nbsp;de&nbsp; la carpeta de investigaci\u00f3n &nbsp;derivada de los &nbsp;hechos violentos registrados el pasado 8 de marzo de 2026 en la &nbsp;capital &nbsp;del&nbsp; estado, en los &nbsp;cuales se identifica como imputado a <strong>ALBERTO \u201cN\u201d.<\/strong><\/p>\n\n\n\n<p>Desde el &nbsp;inicio de &nbsp;la &nbsp;investigaci\u00f3n, esta &nbsp;Fiscal\u00eda ha actuado &nbsp;bajo &nbsp;una debida diligencia, logrando los siguientes avances procesales:<\/p>\n\n\n\n<p>* Se &nbsp;recabaron datos de prueba con perspectiva de g\u00e9nero y se dictaron medidas de protecci\u00f3n para salvaguardar la integridad de las v\u00edctimas.<\/p>\n\n\n\n<p>* Ante el riesgo para las &nbsp;v\u00edctimas y la posibilidad de sustracci\u00f3n, se solicit\u00f3 y cumpliment\u00f3 una orden de aprehensi\u00f3n.<\/p>\n\n\n\n<p>*&nbsp;&nbsp;&nbsp; En &nbsp;la&nbsp; &nbsp;audiencia&nbsp;&nbsp; inicial,&nbsp;&nbsp; la&nbsp; &nbsp;agente &nbsp;del&nbsp;&nbsp; Ministerio &nbsp;P\u00fablico &nbsp;formul\u00f3 imputaci\u00f3n &nbsp;por los &nbsp;delitos de Lesiones &nbsp;(bajo &nbsp;la &nbsp;agravante de razones de g\u00e9nero), Amenazas, Tentativa de Lesiones y Da\u00f1os.<\/p>\n\n\n\n<p>Durante la &nbsp;audiencia, &nbsp;la &nbsp;Fiscal\u00eda&nbsp; solicit\u00f3 formalmente &nbsp;la &nbsp;imposici\u00f3n de \u00f3rdenes jurisdiccionales &nbsp;de protecci\u00f3n previstas en la &nbsp;Ley&nbsp; General &nbsp;de Acceso de las &nbsp;Mujeres a una &nbsp;Vida Libre de Violencia. No &nbsp;obstante, el Juez de Control, neg\u00f3 dichas medidas bas\u00e1ndose en la promesa del imputado de comparecer y no acercarse a las v\u00edctimas.<\/p>\n\n\n\n<p>Ante esta resoluci\u00f3n, la Fiscal\u00eda General present\u00f3 de inmediato un recurso de apelaci\u00f3n,&nbsp; por considerar que la &nbsp;simple promesa del imputado era insuficiente para garantizar la seguridad de las mujeres agraviadas.<\/p>\n\n\n\n<p>En &nbsp;la continuaci\u00f3n de la audiencia inicial, el imputado no se conect\u00f3 a la sesi\u00f3n, confirmando el riesgo de evasi\u00f3n advertido por esta instituci\u00f3n.<\/p>\n\n\n\n<p>Como consecuencia,\u00a0 se declar\u00f3 a <strong>ALBERTO \u00a0\u201cN\u201d \u00a0<\/strong>como sustra\u00eddo de la acci\u00f3n de la \u00a0justicia. \u00a0Se\u00a0\u00a0 gir\u00f3 una nueva orden de aprehensi\u00f3n en su contra, la \u00a0cual ha sido remitida a la Agencia de Investigaci\u00f3n Criminal (AIC) \u00a0para \u00a0su \u00a0inmediata \u00a0ejecuci\u00f3n, \u00a0por \u00a0lo\u00a0\u00a0 que, \u00a0el \u00a0proceso \u00a0penal \u00a0se encuentra suspendido hasta su captura. La Fiscal\u00eda General \u00a0del \u00a0Estado de Guanajuato \u00a0reitera que no descansar\u00e1 hasta \u00a0lograr que \u00a0los\u00a0 \u00a0responsables de \u00a0actos\u00a0 de \u00a0violencia \u00a0de \u00a0g\u00e9nero enfrenten las \u00a0consecuencias legales de sus actos. \u00a0Nuestra prioridad es y ser\u00e1 siempre garantizar el derecho de las \u00a0mujeres a una vida libre de violencia mediante investigaciones s\u00f3lidas y con perspectiva de g\u00e9nero.<\/p>\n\n\n\n<figure class=\"wp-block-gallery has-nested-images columns-default is-cropped wp-block-gallery-1 is-layout-flex wp-block-gallery-is-layout-flex\">\n<figure class=\"wp-block-image size-large\"><img loading=\"lazy\" decoding=\"async\" width=\"1024\" height=\"683\" data-id=\"29629\" src=\"https:\/\/periodiconuevomilenio.com\/wp-content\/uploads\/2026\/04\/COMUNICADO-FGE_207_2026_GUANAJUATO-1024x683.jpeg\" alt=\"\" class=\"wp-image-29629\" srcset=\"https:\/\/periodiconuevomilenio.com\/wp-content\/uploads\/2026\/04\/COMUNICADO-FGE_207_2026_GUANAJUATO-1024x683.jpeg 1024w, https:\/\/periodiconuevomilenio.com\/wp-content\/uploads\/2026\/04\/COMUNICADO-FGE_207_2026_GUANAJUATO-300x200.jpeg 300w, https:\/\/periodiconuevomilenio.com\/wp-content\/uploads\/2026\/04\/COMUNICADO-FGE_207_2026_GUANAJUATO-768x512.jpeg 768w, https:\/\/periodiconuevomilenio.com\/wp-content\/uploads\/2026\/04\/COMUNICADO-FGE_207_2026_GUANAJUATO.jpeg 1280w\" sizes=\"auto, (max-width: 1024px) 100vw, 1024px\" \/><\/figure>\n\n\n\n<figure class=\"wp-block-image size-large\"><img loading=\"lazy\" decoding=\"async\" width=\"1024\" height=\"683\" data-id=\"29630\" src=\"https:\/\/periodiconuevomilenio.com\/wp-content\/uploads\/2026\/04\/COMUNICADO-FGE_207_2026_GUANAJUATO_1-1024x683.jpeg\" alt=\"\" class=\"wp-image-29630\" srcset=\"https:\/\/periodiconuevomilenio.com\/wp-content\/uploads\/2026\/04\/COMUNICADO-FGE_207_2026_GUANAJUATO_1-1024x683.jpeg 1024w, https:\/\/periodiconuevomilenio.com\/wp-content\/uploads\/2026\/04\/COMUNICADO-FGE_207_2026_GUANAJUATO_1-300x200.jpeg 300w, https:\/\/periodiconuevomilenio.com\/wp-content\/uploads\/2026\/04\/COMUNICADO-FGE_207_2026_GUANAJUATO_1-768x512.jpeg 768w, https:\/\/periodiconuevomilenio.com\/wp-content\/uploads\/2026\/04\/COMUNICADO-FGE_207_2026_GUANAJUATO_1-1536x1024.jpeg 1536w, https:\/\/periodiconuevomilenio.com\/wp-content\/uploads\/2026\/04\/COMUNICADO-FGE_207_2026_GUANAJUATO_1-2048x1365.jpeg 2048w\" sizes=\"auto, (max-width: 1024px) 100vw, 1024px\" \/><\/figure>\n\n\n\n<figure class=\"wp-block-image size-large\"><img loading=\"lazy\" decoding=\"async\" width=\"1024\" height=\"683\" data-id=\"29631\" src=\"https:\/\/periodiconuevomilenio.com\/wp-content\/uploads\/2026\/04\/COMUNICADO-FGE_207_2026_GUANAJUATO_2-1024x683.jpeg\" alt=\"\" class=\"wp-image-29631\" srcset=\"https:\/\/periodiconuevomilenio.com\/wp-content\/uploads\/2026\/04\/COMUNICADO-FGE_207_2026_GUANAJUATO_2-1024x683.jpeg 1024w, https:\/\/periodiconuevomilenio.com\/wp-content\/uploads\/2026\/04\/COMUNICADO-FGE_207_2026_GUANAJUATO_2-300x200.jpeg 300w, https:\/\/periodiconuevomilenio.com\/wp-content\/uploads\/2026\/04\/COMUNICADO-FGE_207_2026_GUANAJUATO_2-768x512.jpeg 768w, https:\/\/periodiconuevomilenio.com\/wp-content\/uploads\/2026\/04\/COMUNICADO-FGE_207_2026_GUANAJUATO_2-1536x1024.jpeg 1536w, https:\/\/periodiconuevomilenio.com\/wp-content\/uploads\/2026\/04\/COMUNICADO-FGE_207_2026_GUANAJUATO_2-2048x1365.jpeg 2048w\" sizes=\"auto, (max-width: 1024px) 100vw, 1024px\" \/><\/figure>\n\n\n\n<figure class=\"wp-block-image size-large\"><img loading=\"lazy\" decoding=\"async\" width=\"1024\" height=\"683\" data-id=\"29632\" src=\"https:\/\/periodiconuevomilenio.com\/wp-content\/uploads\/2026\/04\/COMUNICADO-FGE_207_2026_GUANAJUATO_3-1024x683.jpeg\" alt=\"\" class=\"wp-image-29632\" srcset=\"https:\/\/periodiconuevomilenio.com\/wp-content\/uploads\/2026\/04\/COMUNICADO-FGE_207_2026_GUANAJUATO_3-1024x683.jpeg 1024w, https:\/\/periodiconuevomilenio.com\/wp-content\/uploads\/2026\/04\/COMUNICADO-FGE_207_2026_GUANAJUATO_3-300x200.jpeg 300w, https:\/\/periodiconuevomilenio.com\/wp-content\/uploads\/2026\/04\/COMUNICADO-FGE_207_2026_GUANAJUATO_3-768x512.jpeg 768w, https:\/\/periodiconuevomilenio.com\/wp-content\/uploads\/2026\/04\/COMUNICADO-FGE_207_2026_GUANAJUATO_3-1536x1024.jpeg 1536w, https:\/\/periodiconuevomilenio.com\/wp-content\/uploads\/2026\/04\/COMUNICADO-FGE_207_2026_GUANAJUATO_3-2048x1365.jpeg 2048w\" sizes=\"auto, (max-width: 1024px) 100vw, 1024px\" \/><\/figure>\n<\/figure>\n\n\n","protected":false},"excerpt":{"rendered":"<p>En &nbsp;un ejercicio &nbsp;de transparencia y procuraci\u00f3n de justicia &nbsp;humanista, &nbsp;el Fiscal &nbsp;General &nbsp;del &nbsp;Estado de &nbsp;Guanajuato, &nbsp;Gerardo&nbsp;<\/p>\n","protected":false},"author":1,"featured_media":29630,"comment_status":"open","ping_status":"open","sticky":false,"template":"","format":"standard","meta":{"jetpack_post_was_ever_published":false,"_jetpack_newsletter_access":"","_jetpack_dont_email_post_to_subs":false,"_jetpack_newsletter_tier_id":0,"_jetpack_memberships_contains_paywalled_content":false,"_jetpack_memberships_contains_paid_content":false,"footnotes":"","jetpack_publicize_message":"","jetpack_publicize_feature_enabled":false,"jetpack_social_post_already_shared":false,"jetpack_social_options":{"image_generator_settings":{"template":"highway","enabled":false},"version":2}},"categories":[31,39],"tags":[51,22],"class_list":["post-29627","post","type-post","status-publish","format-standard","has-post-thumbnail","hentry","category-estado","category-valle-de-santiago","tag-estado","tag-valle"],"jetpack_publicize_connections":[],"jetpack_sharing_enabled":true,"jetpack_featured_media_url":"https:\/\/periodiconuevomilenio.com\/wp-content\/uploads\/2026\/04\/COMUNICADO-FGE_207_2026_GUANAJUATO_1-scaled.jpeg","_links":{"self":[{"href":"https:\/\/periodiconuevomilenio.com\/index.php\/wp-json\/wp\/v2\/posts\/29627","targetHints":{"allow":["GET"]}}],"collection":[{"href":"https:\/\/periodiconuevomilenio.com\/index.php\/wp-json\/wp\/v2\/posts"}],"about":[{"href":"https:\/\/periodiconuevomilenio.com\/index.php\/wp-json\/wp\/v2\/types\/post"}],"author":[{"embeddable":true,"href":"https:\/\/periodiconuevomilenio.com\/index.php\/wp-json\/wp\/v2\/users\/1"}],"replies":[{"embeddable":true,"href":"https:\/\/periodiconuevomilenio.com\/index.php\/wp-json\/wp\/v2\/comments?post=29627"}],"version-history":[{"count":1,"href":"https:\/\/periodiconuevomilenio.com\/index.php\/wp-json\/wp\/v2\/posts\/29627\/revisions"}],"predecessor-version":[{"id":29633,"href":"https:\/\/periodiconuevomilenio.com\/index.php\/wp-json\/wp\/v2\/posts\/29627\/revisions\/29633"}],"wp:featuredmedia":[{"embeddable":true,"href":"https:\/\/periodiconuevomilenio.com\/index.php\/wp-json\/wp\/v2\/media\/29630"}],"wp:attachment":[{"href":"https:\/\/periodiconuevomilenio.com\/index.php\/wp-json\/wp\/v2\/media?parent=29627"}],"wp:term":[{"taxonomy":"category","embeddable":true,"href":"https:\/\/periodiconuevomilenio.com\/index.php\/wp-json\/wp\/v2\/categories?post=29627"},{"taxonomy":"post_tag","embeddable":true,"href":"https:\/\/periodiconuevomilenio.com\/index.php\/wp-json\/wp\/v2\/tags?post=29627"}],"curies":[{"name":"wp","href":"https:\/\/api.w.org\/{rel}","templated":true}]}}