{"id":3006,"date":"2023-05-06T01:20:51","date_gmt":"2023-05-06T07:20:51","guid":{"rendered":"https:\/\/periodiconuevomilenio.com\/?p=3006"},"modified":"2023-05-07T00:41:57","modified_gmt":"2023-05-07T06:41:57","slug":"nachito-el-paletero","status":"publish","type":"post","link":"https:\/\/periodiconuevomilenio.com\/index.php\/2023\/05\/06\/nachito-el-paletero\/","title":{"rendered":"Nachito el Paletero"},"content":{"rendered":"\n<p>VALLE DE SANTIAGO, GTO.- Recordando al amigo Nachito \u201cEl Caranch\u201d, \u00bfQuien no lo recuerda?, \u00a0con su tradicional grito \u201c\u00a1Va a querer \u00a0Paleta Mi Ni\u00f1ooo..!, con m\u00e1s de 40 a\u00f1os llevando sabor y alegr\u00eda a los peques, muchos de ellos ahora ya adultos.<\/p>\n\n\n\n<p>Al parecer se encuentra muy delicado de salud en su hogar, despu\u00e9s de m\u00e1s de &nbsp;un a\u00f1o que sufri\u00f3 una ca\u00edda que lo mantiene alejado de toda actividad y requiere de ayuda. Es hora de hacer el bien y apoyarlo.<\/p>\n\n\n\n<p>&nbsp;Una de sus muy caracter\u00edsticas &nbsp;y muy humanas es que muchos ni\u00f1os &nbsp;quer\u00edan paleta y no tra\u00edan dinero para pagarlo y bien les hac\u00eda cambio, trueque, aun y cuando muchos de los juguetes ya no serv\u00edan o una canica que su valor era muy poco<\/p>\n\n\n\n<figure class=\"wp-block-image size-large\"><img loading=\"lazy\" decoding=\"async\" width=\"951\" height=\"1024\" src=\"https:\/\/periodiconuevomilenio.com\/wp-content\/uploads\/2023\/05\/img_0086-1-951x1024.jpg\" alt=\"\" class=\"wp-image-3007\" srcset=\"https:\/\/periodiconuevomilenio.com\/wp-content\/uploads\/2023\/05\/img_0086-1-951x1024.jpg 951w, https:\/\/periodiconuevomilenio.com\/wp-content\/uploads\/2023\/05\/img_0086-1-278x300.jpg 278w, https:\/\/periodiconuevomilenio.com\/wp-content\/uploads\/2023\/05\/img_0086-1-768x827.jpg 768w, https:\/\/periodiconuevomilenio.com\/wp-content\/uploads\/2023\/05\/img_0086-1-1426x1536.jpg 1426w, https:\/\/periodiconuevomilenio.com\/wp-content\/uploads\/2023\/05\/img_0086-1-1901x2048.jpg 1901w, https:\/\/periodiconuevomilenio.com\/wp-content\/uploads\/2023\/05\/img_0086-1-1024x1103.jpg 1024w\" sizes=\"auto, (max-width: 951px) 100vw, 951px\" \/><\/figure>\n","protected":false},"excerpt":{"rendered":"<p>VALLE DE SANTIAGO, GTO.- Recordando al amigo Nachito \u201cEl Caranch\u201d, \u00bfQuien no lo recuerda?, \u00a0con su tradicional grito<\/p>\n","protected":false},"author":1,"featured_media":3007,"comment_status":"open","ping_status":"open","sticky":false,"template":"","format":"standard","meta":{"jetpack_post_was_ever_published":false,"_jetpack_newsletter_access":"","_jetpack_dont_email_post_to_subs":false,"_jetpack_newsletter_tier_id":0,"_jetpack_memberships_contains_paywalled_content":false,"_jetpack_memberships_contains_paid_content":false,"footnotes":"","jetpack_publicize_message":"","jetpack_publicize_feature_enabled":false,"jetpack_social_post_already_shared":false,"jetpack_social_options":{"image_generator_settings":{"template":"highway","enabled":false},"version":2}},"categories":[39],"tags":[22],"class_list":["post-3006","post","type-post","status-publish","format-standard","has-post-thumbnail","hentry","category-valle-de-santiago","tag-valle"],"jetpack_publicize_connections":[],"jetpack_sharing_enabled":true,"jetpack_featured_media_url":"https:\/\/periodiconuevomilenio.com\/wp-content\/uploads\/2023\/05\/img_0086-1-scaled.jpg","_links":{"self":[{"href":"https:\/\/periodiconuevomilenio.com\/index.php\/wp-json\/wp\/v2\/posts\/3006","targetHints":{"allow":["GET"]}}],"collection":[{"href":"https:\/\/periodiconuevomilenio.com\/index.php\/wp-json\/wp\/v2\/posts"}],"about":[{"href":"https:\/\/periodiconuevomilenio.com\/index.php\/wp-json\/wp\/v2\/types\/post"}],"author":[{"embeddable":true,"href":"https:\/\/periodiconuevomilenio.com\/index.php\/wp-json\/wp\/v2\/users\/1"}],"replies":[{"embeddable":true,"href":"https:\/\/periodiconuevomilenio.com\/index.php\/wp-json\/wp\/v2\/comments?post=3006"}],"version-history":[{"count":2,"href":"https:\/\/periodiconuevomilenio.com\/index.php\/wp-json\/wp\/v2\/posts\/3006\/revisions"}],"predecessor-version":[{"id":3028,"href":"https:\/\/periodiconuevomilenio.com\/index.php\/wp-json\/wp\/v2\/posts\/3006\/revisions\/3028"}],"wp:featuredmedia":[{"embeddable":true,"href":"https:\/\/periodiconuevomilenio.com\/index.php\/wp-json\/wp\/v2\/media\/3007"}],"wp:attachment":[{"href":"https:\/\/periodiconuevomilenio.com\/index.php\/wp-json\/wp\/v2\/media?parent=3006"}],"wp:term":[{"taxonomy":"category","embeddable":true,"href":"https:\/\/periodiconuevomilenio.com\/index.php\/wp-json\/wp\/v2\/categories?post=3006"},{"taxonomy":"post_tag","embeddable":true,"href":"https:\/\/periodiconuevomilenio.com\/index.php\/wp-json\/wp\/v2\/tags?post=3006"}],"curies":[{"name":"wp","href":"https:\/\/api.w.org\/{rel}","templated":true}]}}