{"id":3010,"date":"2023-05-06T13:17:43","date_gmt":"2023-05-06T19:17:43","guid":{"rendered":"https:\/\/periodiconuevomilenio.com\/?p=3010"},"modified":"2023-05-06T13:17:45","modified_gmt":"2023-05-06T19:17:45","slug":"oscar-arredondo-sera-condecorado-como-ilustre-vallense","status":"publish","type":"post","link":"https:\/\/periodiconuevomilenio.com\/index.php\/2023\/05\/06\/oscar-arredondo-sera-condecorado-como-ilustre-vallense\/","title":{"rendered":"Oscar Arredondo\u00a0 ser\u00e1 condecorado Como Ilustre V\u00e1llense"},"content":{"rendered":"\n<p>VALLE DE SANTIAGO, GTO.- Oscar Arredondo Ram\u00edrez ser\u00e1 Galardonado con distintivo de&nbsp; v\u00e1llense distinguido, dentro del marco de los festejos del 416 aniversario de la fundaci\u00f3n de al ciudad ya que gracias a esta persona el Valle de las Luminares es conocido a nivel Mundial.<\/p>\n\n\n\n<p>Esto como&nbsp; un reconocimiento pleno a su labor de&nbsp; difundir tur\u00edsticamente&nbsp; al pueblo de las siete luminares, un comit\u00e9 decidi\u00f3 que este pergamino como V\u00e1llense distinguido sea para esta ilustre persona&nbsp; que es el V\u00e1llense mas conocido a nivel Mundial que ser\u00e1 entregado el 28 d Mayo fecha en que se celebra la fundaci\u00f3n del Antiguo Camembaro hoy Valle de Santiago.<\/p>\n","protected":false},"excerpt":{"rendered":"<p>VALLE DE SANTIAGO, GTO.- Oscar Arredondo Ram\u00edrez ser\u00e1 Galardonado con distintivo de&nbsp; v\u00e1llense distinguido, dentro del marco de<\/p>\n","protected":false},"author":1,"featured_media":3011,"comment_status":"open","ping_status":"open","sticky":false,"template":"","format":"standard","meta":{"jetpack_post_was_ever_published":false,"_jetpack_newsletter_access":"","_jetpack_dont_email_post_to_subs":false,"_jetpack_newsletter_tier_id":0,"_jetpack_memberships_contains_paywalled_content":false,"_jetpack_memberships_contains_paid_content":false,"footnotes":"","jetpack_publicize_message":"","jetpack_publicize_feature_enabled":false,"jetpack_social_post_already_shared":false,"jetpack_social_options":{"image_generator_settings":{"template":"highway","enabled":false},"version":2}},"categories":[41,39],"tags":[22],"class_list":["post-3010","post","type-post","status-publish","format-standard","has-post-thumbnail","hentry","category-cultura","category-valle-de-santiago","tag-valle"],"jetpack_publicize_connections":[],"jetpack_sharing_enabled":true,"jetpack_featured_media_url":"https:\/\/periodiconuevomilenio.com\/wp-content\/uploads\/2023\/05\/img_0553-1-1.jpg","_links":{"self":[{"href":"https:\/\/periodiconuevomilenio.com\/index.php\/wp-json\/wp\/v2\/posts\/3010","targetHints":{"allow":["GET"]}}],"collection":[{"href":"https:\/\/periodiconuevomilenio.com\/index.php\/wp-json\/wp\/v2\/posts"}],"about":[{"href":"https:\/\/periodiconuevomilenio.com\/index.php\/wp-json\/wp\/v2\/types\/post"}],"author":[{"embeddable":true,"href":"https:\/\/periodiconuevomilenio.com\/index.php\/wp-json\/wp\/v2\/users\/1"}],"replies":[{"embeddable":true,"href":"https:\/\/periodiconuevomilenio.com\/index.php\/wp-json\/wp\/v2\/comments?post=3010"}],"version-history":[{"count":1,"href":"https:\/\/periodiconuevomilenio.com\/index.php\/wp-json\/wp\/v2\/posts\/3010\/revisions"}],"predecessor-version":[{"id":3012,"href":"https:\/\/periodiconuevomilenio.com\/index.php\/wp-json\/wp\/v2\/posts\/3010\/revisions\/3012"}],"wp:featuredmedia":[{"embeddable":true,"href":"https:\/\/periodiconuevomilenio.com\/index.php\/wp-json\/wp\/v2\/media\/3011"}],"wp:attachment":[{"href":"https:\/\/periodiconuevomilenio.com\/index.php\/wp-json\/wp\/v2\/media?parent=3010"}],"wp:term":[{"taxonomy":"category","embeddable":true,"href":"https:\/\/periodiconuevomilenio.com\/index.php\/wp-json\/wp\/v2\/categories?post=3010"},{"taxonomy":"post_tag","embeddable":true,"href":"https:\/\/periodiconuevomilenio.com\/index.php\/wp-json\/wp\/v2\/tags?post=3010"}],"curies":[{"name":"wp","href":"https:\/\/api.w.org\/{rel}","templated":true}]}}