{"id":31550,"date":"2026-09-01T23:09:20","date_gmt":"2026-09-02T05:09:20","guid":{"rendered":"https:\/\/periodiconuevomilenio.com\/?p=31550"},"modified":"2026-09-01T23:09:22","modified_gmt":"2026-09-02T05:09:22","slug":"localizan-a-hombre-sin-vida-en-canal-de-riego-en-valle-de-santiago","status":"publish","type":"post","link":"https:\/\/periodiconuevomilenio.com\/index.php\/2026\/09\/01\/localizan-a-hombre-sin-vida-en-canal-de-riego-en-valle-de-santiago\/","title":{"rendered":"Localizan a hombre sin vida en canal de riego en Valle de Santiago"},"content":{"rendered":"\n<p>Valle de Santiago, Gto. \u2013 La tarde de este martes 1 de septiembre, alrededor de las 13:48 horas, se report\u00f3 al sistema de emergencias la presencia de una persona sin vida al interior de un canal de riego agr\u00edcola en la comunidad El Altito, ubicada al norte del municipio.<\/p>\n\n\n\n<p>De acuerdo con los primeros informes, elementos de la Comisar\u00eda de Seguridad P\u00fablica acudieron al sitio tras recibir el aviso y confirmaron la presencia de un masculino dentro del canal. El cuerpo se encontraba en posici\u00f3n dec\u00fabito dorsal, con vestimenta consistente en playera roja y trusa negra.<\/p>\n\n\n\n<p>La zona fue asegurada por las autoridades municipales, quienes notificaron a la Fiscal\u00eda del Estado. Al lugar arribaron agentes de la Agencia de Investigaci\u00f3n Criminal (AIC), quienes realizaron la recabaci\u00f3n de indicios para integrar la carpeta de investigaci\u00f3n correspondiente.<\/p>\n\n\n\n<p>Posteriormente, se orden\u00f3 el traslado del cuerpo al Servicio M\u00e9dico Forense (SEMEFO), donde se continuar\u00e1 con las indagatorias para determinar la identidad de la persona, as\u00ed como las causas y circunstancias de su fallecimiento.<strong><\/strong><\/p>\n\n\n\n<figure class=\"wp-block-image size-large\"><img loading=\"lazy\" decoding=\"async\" width=\"1024\" height=\"683\" src=\"https:\/\/periodiconuevomilenio.com\/wp-content\/uploads\/2026\/09\/img_0021-1024x683.jpg\" alt=\"\" class=\"wp-image-31551\" srcset=\"https:\/\/periodiconuevomilenio.com\/wp-content\/uploads\/2026\/09\/img_0021-1024x683.jpg 1024w, https:\/\/periodiconuevomilenio.com\/wp-content\/uploads\/2026\/09\/img_0021-300x200.jpg 300w, https:\/\/periodiconuevomilenio.com\/wp-content\/uploads\/2026\/09\/img_0021-768x512.jpg 768w, https:\/\/periodiconuevomilenio.com\/wp-content\/uploads\/2026\/09\/img_0021-1536x1024.jpg 1536w, https:\/\/periodiconuevomilenio.com\/wp-content\/uploads\/2026\/09\/img_0021-2048x1365.jpg 2048w\" sizes=\"auto, (max-width: 1024px) 100vw, 1024px\" \/><\/figure>\n","protected":false},"excerpt":{"rendered":"<p>Valle de Santiago, Gto. \u2013 La tarde de este martes 1 de septiembre, alrededor de las 13:48 horas,<\/p>\n","protected":false},"author":1,"featured_media":31551,"comment_status":"open","ping_status":"open","sticky":false,"template":"","format":"standard","meta":{"jetpack_post_was_ever_published":false,"_jetpack_newsletter_access":"","_jetpack_dont_email_post_to_subs":false,"_jetpack_newsletter_tier_id":0,"_jetpack_memberships_contains_paywalled_content":false,"_jetpack_memberships_contains_paid_content":false,"footnotes":"","jetpack_publicize_message":"","jetpack_publicize_feature_enabled":false,"jetpack_social_post_already_shared":false,"jetpack_social_options":{"image_generator_settings":{"template":"highway","enabled":false},"version":2}},"categories":[31,48,39],"tags":[51,22],"class_list":["post-31550","post","type-post","status-publish","format-standard","has-post-thumbnail","hentry","category-estado","category-policiaca","category-valle-de-santiago","tag-estado","tag-valle"],"jetpack_publicize_connections":[],"jetpack_sharing_enabled":true,"jetpack_featured_media_url":"https:\/\/periodiconuevomilenio.com\/wp-content\/uploads\/2026\/09\/img_0021-scaled.jpg","_links":{"self":[{"href":"https:\/\/periodiconuevomilenio.com\/index.php\/wp-json\/wp\/v2\/posts\/31550","targetHints":{"allow":["GET"]}}],"collection":[{"href":"https:\/\/periodiconuevomilenio.com\/index.php\/wp-json\/wp\/v2\/posts"}],"about":[{"href":"https:\/\/periodiconuevomilenio.com\/index.php\/wp-json\/wp\/v2\/types\/post"}],"author":[{"embeddable":true,"href":"https:\/\/periodiconuevomilenio.com\/index.php\/wp-json\/wp\/v2\/users\/1"}],"replies":[{"embeddable":true,"href":"https:\/\/periodiconuevomilenio.com\/index.php\/wp-json\/wp\/v2\/comments?post=31550"}],"version-history":[{"count":1,"href":"https:\/\/periodiconuevomilenio.com\/index.php\/wp-json\/wp\/v2\/posts\/31550\/revisions"}],"predecessor-version":[{"id":31552,"href":"https:\/\/periodiconuevomilenio.com\/index.php\/wp-json\/wp\/v2\/posts\/31550\/revisions\/31552"}],"wp:featuredmedia":[{"embeddable":true,"href":"https:\/\/periodiconuevomilenio.com\/index.php\/wp-json\/wp\/v2\/media\/31551"}],"wp:attachment":[{"href":"https:\/\/periodiconuevomilenio.com\/index.php\/wp-json\/wp\/v2\/media?parent=31550"}],"wp:term":[{"taxonomy":"category","embeddable":true,"href":"https:\/\/periodiconuevomilenio.com\/index.php\/wp-json\/wp\/v2\/categories?post=31550"},{"taxonomy":"post_tag","embeddable":true,"href":"https:\/\/periodiconuevomilenio.com\/index.php\/wp-json\/wp\/v2\/tags?post=31550"}],"curies":[{"name":"wp","href":"https:\/\/api.w.org\/{rel}","templated":true}]}}