{"id":31554,"date":"2026-09-02T00:03:05","date_gmt":"2026-09-02T06:03:05","guid":{"rendered":"https:\/\/periodiconuevomilenio.com\/?p=31554"},"modified":"2026-09-02T00:04:46","modified_gmt":"2026-09-02T06:04:46","slug":"joven-logra-llegar-herido-a-su-casa-tras-ataque-en-la-colonia-la-loma","status":"publish","type":"post","link":"https:\/\/periodiconuevomilenio.com\/index.php\/2026\/09\/02\/joven-logra-llegar-herido-a-su-casa-tras-ataque-en-la-colonia-la-loma\/","title":{"rendered":"Joven logra llegar herido a su casa tras ataque en la colonia La Loma"},"content":{"rendered":"\n<p>Valle de Santiago, Gto. \u2013 La noche de este martes 1 de septiembre, alrededor de las 8:11 p.m., se registr\u00f3 un ataque armado en la colonia La Loma, donde un joven result\u00f3 lesionado en el abdomen.<\/p>\n\n\n\n<p>De acuerdo con los primeros informes, el sistema de emergencias 911 recibi\u00f3 la solicitud de una ambulancia para atender a una persona herida en la calle 20 de Abril. Al arribar al domicilio se\u00f1alado, elementos de Seguridad P\u00fablica localizaron a un masculino sentado en una cama, con vestimenta de camiseta blanca y shorts negros, presentando lesiones en la zona abdominal.<\/p>\n\n\n\n<p>El lesionado fue trasladado de inmediato al hospital en c\u00f3digo amarillo, con el objetivo de recibir atenci\u00f3n m\u00e9dica especializada. La madre del joven relat\u00f3 que su hijo lleg\u00f3 corriendo a la vivienda, indicando que momentos antes, en calles cercanas, dos individuos a bordo de una motocicleta negra se le acercaron y le dispararon. Tras la agresi\u00f3n, logr\u00f3 escapar y refugiarse en su domicilio, donde pidi\u00f3 ayuda.<\/p>\n\n\n\n<p>La zona fue asegurada por las autoridades, mientras que se dio aviso a la Fiscal\u00eda del Estado, que inici\u00f3 las investigaciones correspondientes para esclarecer los hechos y dar con los responsables.<\/p>\n\n\n\n<figure class=\"wp-block-image size-large\"><img loading=\"lazy\" decoding=\"async\" width=\"1024\" height=\"683\" src=\"https:\/\/periodiconuevomilenio.com\/wp-content\/uploads\/2026\/09\/ambulance_night_photograph.webp_snapshot_2026.09.01_23.55.53-1024x683.jpg\" alt=\"\" class=\"wp-image-31555\" srcset=\"https:\/\/periodiconuevomilenio.com\/wp-content\/uploads\/2026\/09\/ambulance_night_photograph.webp_snapshot_2026.09.01_23.55.53-1024x683.jpg 1024w, https:\/\/periodiconuevomilenio.com\/wp-content\/uploads\/2026\/09\/ambulance_night_photograph.webp_snapshot_2026.09.01_23.55.53-300x200.jpg 300w, https:\/\/periodiconuevomilenio.com\/wp-content\/uploads\/2026\/09\/ambulance_night_photograph.webp_snapshot_2026.09.01_23.55.53-768x512.jpg 768w, https:\/\/periodiconuevomilenio.com\/wp-content\/uploads\/2026\/09\/ambulance_night_photograph.webp_snapshot_2026.09.01_23.55.53-1536x1024.jpg 1536w, https:\/\/periodiconuevomilenio.com\/wp-content\/uploads\/2026\/09\/ambulance_night_photograph.webp_snapshot_2026.09.01_23.55.53.jpg 1920w\" sizes=\"auto, (max-width: 1024px) 100vw, 1024px\" \/><\/figure>\n","protected":false},"excerpt":{"rendered":"<p>Valle de Santiago, Gto. \u2013 La noche de este martes 1 de septiembre, alrededor de las 8:11 p.m.,<\/p>\n","protected":false},"author":1,"featured_media":31555,"comment_status":"open","ping_status":"open","sticky":false,"template":"","format":"standard","meta":{"jetpack_post_was_ever_published":false,"_jetpack_newsletter_access":"","_jetpack_dont_email_post_to_subs":false,"_jetpack_newsletter_tier_id":0,"_jetpack_memberships_contains_paywalled_content":false,"_jetpack_memberships_contains_paid_content":false,"footnotes":"","jetpack_publicize_message":"","jetpack_publicize_feature_enabled":false,"jetpack_social_post_already_shared":false,"jetpack_social_options":{"image_generator_settings":{"template":"highway","enabled":false},"version":2}},"categories":[31,48,39],"tags":[51,22],"class_list":["post-31554","post","type-post","status-publish","format-standard","has-post-thumbnail","hentry","category-estado","category-policiaca","category-valle-de-santiago","tag-estado","tag-valle"],"jetpack_publicize_connections":[],"jetpack_sharing_enabled":true,"jetpack_featured_media_url":"https:\/\/periodiconuevomilenio.com\/wp-content\/uploads\/2026\/09\/ambulance_night_photograph.webp_snapshot_2026.09.01_23.55.53.jpg","_links":{"self":[{"href":"https:\/\/periodiconuevomilenio.com\/index.php\/wp-json\/wp\/v2\/posts\/31554","targetHints":{"allow":["GET"]}}],"collection":[{"href":"https:\/\/periodiconuevomilenio.com\/index.php\/wp-json\/wp\/v2\/posts"}],"about":[{"href":"https:\/\/periodiconuevomilenio.com\/index.php\/wp-json\/wp\/v2\/types\/post"}],"author":[{"embeddable":true,"href":"https:\/\/periodiconuevomilenio.com\/index.php\/wp-json\/wp\/v2\/users\/1"}],"replies":[{"embeddable":true,"href":"https:\/\/periodiconuevomilenio.com\/index.php\/wp-json\/wp\/v2\/comments?post=31554"}],"version-history":[{"count":1,"href":"https:\/\/periodiconuevomilenio.com\/index.php\/wp-json\/wp\/v2\/posts\/31554\/revisions"}],"predecessor-version":[{"id":31556,"href":"https:\/\/periodiconuevomilenio.com\/index.php\/wp-json\/wp\/v2\/posts\/31554\/revisions\/31556"}],"wp:featuredmedia":[{"embeddable":true,"href":"https:\/\/periodiconuevomilenio.com\/index.php\/wp-json\/wp\/v2\/media\/31555"}],"wp:attachment":[{"href":"https:\/\/periodiconuevomilenio.com\/index.php\/wp-json\/wp\/v2\/media?parent=31554"}],"wp:term":[{"taxonomy":"category","embeddable":true,"href":"https:\/\/periodiconuevomilenio.com\/index.php\/wp-json\/wp\/v2\/categories?post=31554"},{"taxonomy":"post_tag","embeddable":true,"href":"https:\/\/periodiconuevomilenio.com\/index.php\/wp-json\/wp\/v2\/tags?post=31554"}],"curies":[{"name":"wp","href":"https:\/\/api.w.org\/{rel}","templated":true}]}}