{"id":31624,"date":"2026-09-04T14:08:28","date_gmt":"2026-09-04T20:08:28","guid":{"rendered":"https:\/\/periodiconuevomilenio.com\/?p=31624"},"modified":"2026-09-04T14:08:30","modified_gmt":"2026-09-04T20:08:30","slug":"ataque-armado-en-pleno-centro-de-valle","status":"publish","type":"post","link":"https:\/\/periodiconuevomilenio.com\/index.php\/2026\/09\/04\/ataque-armado-en-pleno-centro-de-valle\/","title":{"rendered":"Ataque armado en pleno centro de Valle"},"content":{"rendered":"\n<p><strong>Valle de Santiago, Gto. \u2013 La ma\u00f1ana de este viernes 4 de septiembre, alrededor de las 10:37 horas, se registr\u00f3 un ataque con arma de fuego en la calle 5 de Mayo, entre Allende y Manuel Doblado, en pleno centro de la ciudad.<\/strong><\/p>\n\n\n\n<p><strong>De acuerdo con los primeros reportes, vecinos alertaron al sistema de emergencias 911 sobre detonaciones en la zona de taxis ubicada en dicha calle.<\/strong><\/p>\n\n\n\n<p><strong>Al arribar, elementos de Seguridad P\u00fablica Municipal confirmaron el hecho al localizar aproximadamente siete casquillos y dos ojivas sobre el arroyo vehicular, frente a un establecimiento denominado Gran Panda.<\/strong><\/p>\n\n\n\n<p><strong>Un testigo se\u00f1al\u00f3 que la agresi\u00f3n habr\u00eda sido dirigida contra un taxista, quien se retir\u00f3 del lugar, desconoci\u00e9ndose si result\u00f3 lesionado.<\/strong><\/p>\n\n\n\n<p><strong>Posteriormente, el \u00e1rea fue resguardada por Polic\u00eda Municipal, Guardia Nacional, Ej\u00e9rcito Mexicano y agentes de Investigaci\u00f3n Criminal, quienes recabaron indicios bal\u00edsticos y abrieron una carpeta de investigaci\u00f3n para esclarecer lo ocurrido<\/strong><\/p>\n\n\n\n<figure class=\"wp-block-image size-large\"><img loading=\"lazy\" decoding=\"async\" width=\"1024\" height=\"623\" src=\"https:\/\/periodiconuevomilenio.com\/wp-content\/uploads\/2026\/09\/street_scene_restoration-1024x623.jpg\" alt=\"\" class=\"wp-image-31625\" srcset=\"https:\/\/periodiconuevomilenio.com\/wp-content\/uploads\/2026\/09\/street_scene_restoration-1024x623.jpg 1024w, https:\/\/periodiconuevomilenio.com\/wp-content\/uploads\/2026\/09\/street_scene_restoration-300x183.jpg 300w, https:\/\/periodiconuevomilenio.com\/wp-content\/uploads\/2026\/09\/street_scene_restoration-768x467.jpg 768w, https:\/\/periodiconuevomilenio.com\/wp-content\/uploads\/2026\/09\/street_scene_restoration-1536x935.jpg 1536w, https:\/\/periodiconuevomilenio.com\/wp-content\/uploads\/2026\/09\/street_scene_restoration.jpg 1840w\" sizes=\"auto, (max-width: 1024px) 100vw, 1024px\" \/><\/figure>\n","protected":false},"excerpt":{"rendered":"<p>Valle de Santiago, Gto. \u2013 La ma\u00f1ana de este viernes 4 de septiembre, alrededor de las 10:37 horas,<\/p>\n","protected":false},"author":1,"featured_media":31625,"comment_status":"open","ping_status":"open","sticky":false,"template":"","format":"standard","meta":{"jetpack_post_was_ever_published":false,"_jetpack_newsletter_access":"","_jetpack_dont_email_post_to_subs":false,"_jetpack_newsletter_tier_id":0,"_jetpack_memberships_contains_paywalled_content":false,"_jetpack_memberships_contains_paid_content":false,"footnotes":"","jetpack_publicize_message":"","jetpack_publicize_feature_enabled":false,"jetpack_social_post_already_shared":false,"jetpack_social_options":{"image_generator_settings":{"template":"highway","enabled":false},"version":2}},"categories":[31,48,39],"tags":[51,22],"class_list":["post-31624","post","type-post","status-publish","format-standard","has-post-thumbnail","hentry","category-estado","category-policiaca","category-valle-de-santiago","tag-estado","tag-valle"],"jetpack_publicize_connections":[],"jetpack_sharing_enabled":true,"jetpack_featured_media_url":"https:\/\/periodiconuevomilenio.com\/wp-content\/uploads\/2026\/09\/street_scene_restoration.jpg","_links":{"self":[{"href":"https:\/\/periodiconuevomilenio.com\/index.php\/wp-json\/wp\/v2\/posts\/31624","targetHints":{"allow":["GET"]}}],"collection":[{"href":"https:\/\/periodiconuevomilenio.com\/index.php\/wp-json\/wp\/v2\/posts"}],"about":[{"href":"https:\/\/periodiconuevomilenio.com\/index.php\/wp-json\/wp\/v2\/types\/post"}],"author":[{"embeddable":true,"href":"https:\/\/periodiconuevomilenio.com\/index.php\/wp-json\/wp\/v2\/users\/1"}],"replies":[{"embeddable":true,"href":"https:\/\/periodiconuevomilenio.com\/index.php\/wp-json\/wp\/v2\/comments?post=31624"}],"version-history":[{"count":1,"href":"https:\/\/periodiconuevomilenio.com\/index.php\/wp-json\/wp\/v2\/posts\/31624\/revisions"}],"predecessor-version":[{"id":31626,"href":"https:\/\/periodiconuevomilenio.com\/index.php\/wp-json\/wp\/v2\/posts\/31624\/revisions\/31626"}],"wp:featuredmedia":[{"embeddable":true,"href":"https:\/\/periodiconuevomilenio.com\/index.php\/wp-json\/wp\/v2\/media\/31625"}],"wp:attachment":[{"href":"https:\/\/periodiconuevomilenio.com\/index.php\/wp-json\/wp\/v2\/media?parent=31624"}],"wp:term":[{"taxonomy":"category","embeddable":true,"href":"https:\/\/periodiconuevomilenio.com\/index.php\/wp-json\/wp\/v2\/categories?post=31624"},{"taxonomy":"post_tag","embeddable":true,"href":"https:\/\/periodiconuevomilenio.com\/index.php\/wp-json\/wp\/v2\/tags?post=31624"}],"curies":[{"name":"wp","href":"https:\/\/api.w.org\/{rel}","templated":true}]}}