{"id":3174,"date":"2023-05-10T09:42:21","date_gmt":"2023-05-10T15:42:21","guid":{"rendered":"https:\/\/periodiconuevomilenio.com\/?p=3174"},"modified":"2023-05-10T09:42:23","modified_gmt":"2023-05-10T15:42:23","slug":"concluyen-colectivos-de-busqueda-de-personas-desaparecidas-del-estado-de-guanajuato-realizan-jornadas-de-rastreo-en-el-sistema-penitenciario-estatal-de-valle-de-santiago","status":"publish","type":"post","link":"https:\/\/periodiconuevomilenio.com\/index.php\/2023\/05\/10\/concluyen-colectivos-de-busqueda-de-personas-desaparecidas-del-estado-de-guanajuato-realizan-jornadas-de-rastreo-en-el-sistema-penitenciario-estatal-de-valle-de-santiago\/","title":{"rendered":"Concluyen Colectivos de B\u00fasqueda de personas Desaparecidas del estado de Guanajuato, realizan jornadas de rastreo en el Sistema Penitenciario Estatal de Valle de Santiago."},"content":{"rendered":"\n<p><strong>Guanajuato, Gto.- <\/strong>Diversos Colectivosde B\u00fasqueda de Personas Desaparecidas del Estado de Guanajuato, concluyeron con su jornada de labores de rastreo de personas el Centro de Prevenci\u00f3n y Reinserci\u00f3n Social (Ce.Pre.Re.So) de Valle de Santiago.<\/p>\n\n\n\n<p>Para cumplir con ese prop\u00f3sito, en todo momento los Colectivos contaron con la absoluta apertura, colaboraci\u00f3n y el respeto irrestricto a sus derechos humanos, por parte de la Secretar\u00eda de Seguridad P\u00fablica del Estado, a trav\u00e9s del Sistema Estatal Penitenciario.<\/p>\n\n\n\n<p>Los integrantes de los Colectivos, luego de concluir con estas actividades de b\u00fasqueda en el Centro de Prevenci\u00f3n y Reinserci\u00f3n Social de Valle de Santiago, expresaron su agradecimiento al Gobernador Diego Sinhue Rodr\u00edguez Vallejo, as\u00ed como al titular de la Secretar\u00eda de Seguridad P\u00fablica del Estado, Alvar Cabeza de Vaca Appendini, por haber recibido todas las facilidades para las labores de b\u00fasqueda de personas desaparecidas.<\/p>\n\n\n\n<p>Cabe mencionar que los Colectivos fueron acompa\u00f1ados en todo momento por personal de la Procuradur\u00eda de los Derechos Humanos del Estado de Guanajuato, siendo las siguientes organizaciones las que asistieron:<\/p>\n\n\n\n<ul class=\"wp-block-list\">\n<li>De Pie Hasta Encontrarte.<\/li>\n\n\n\n<li>Salamanca Unidos.<\/li>\n\n\n\n<li>Unidos por los Desaparecidos de Le\u00f3n.<\/li>\n\n\n\n<li>Proyecto de B\u00fasqueda.<\/li>\n\n\n\n<li>\u00c1ngeles de Pie.<\/li>\n\n\n\n<li>De Pie Hasta Encontrarte Guanajuato.<\/li>\n<\/ul>\n\n\n\n<p>Durante estas actividades, en el \u00e1rea varonil no se tuvieron posibles casos positivos de localizaci\u00f3n. En tanto, en el \u00e1rea femenil, una de las personas privadas legalmente de su libertad, refiri\u00f3 encontrar algunas coincidencias en las fotograf\u00edas mostradas sobre varias personas desaparecidas, las cuales pudieran ser localizadas en otros estados de la Rep\u00fablica.<\/p>\n\n\n\n<figure class=\"wp-block-gallery has-nested-images columns-default is-cropped wp-block-gallery-1 is-layout-flex wp-block-gallery-is-layout-flex\">\n<figure class=\"wp-block-image size-large\"><img loading=\"lazy\" decoding=\"async\" width=\"1024\" height=\"771\" data-id=\"3176\" src=\"https:\/\/periodiconuevomilenio.com\/wp-content\/uploads\/2023\/05\/CERESO-1-1024x771.jpg\" alt=\"\" class=\"wp-image-3176\" srcset=\"https:\/\/periodiconuevomilenio.com\/wp-content\/uploads\/2023\/05\/CERESO-1-1024x771.jpg 1024w, https:\/\/periodiconuevomilenio.com\/wp-content\/uploads\/2023\/05\/CERESO-1-300x226.jpg 300w, https:\/\/periodiconuevomilenio.com\/wp-content\/uploads\/2023\/05\/CERESO-1-768x578.jpg 768w, https:\/\/periodiconuevomilenio.com\/wp-content\/uploads\/2023\/05\/CERESO-1.jpg 1280w\" sizes=\"auto, (max-width: 1024px) 100vw, 1024px\" \/><\/figure>\n\n\n\n<figure class=\"wp-block-image size-large\"><img loading=\"lazy\" decoding=\"async\" width=\"1024\" height=\"771\" data-id=\"3177\" src=\"https:\/\/periodiconuevomilenio.com\/wp-content\/uploads\/2023\/05\/CRESOS-3-1024x771.jpg\" alt=\"\" class=\"wp-image-3177\" srcset=\"https:\/\/periodiconuevomilenio.com\/wp-content\/uploads\/2023\/05\/CRESOS-3-1024x771.jpg 1024w, https:\/\/periodiconuevomilenio.com\/wp-content\/uploads\/2023\/05\/CRESOS-3-300x226.jpg 300w, https:\/\/periodiconuevomilenio.com\/wp-content\/uploads\/2023\/05\/CRESOS-3-768x578.jpg 768w, https:\/\/periodiconuevomilenio.com\/wp-content\/uploads\/2023\/05\/CRESOS-3.jpg 1280w\" sizes=\"auto, (max-width: 1024px) 100vw, 1024px\" \/><\/figure>\n\n\n\n<figure class=\"wp-block-image size-large\"><img loading=\"lazy\" decoding=\"async\" width=\"1024\" height=\"771\" data-id=\"3178\" src=\"https:\/\/periodiconuevomilenio.com\/wp-content\/uploads\/2023\/05\/CRESO-4-1024x771.jpg\" alt=\"\" class=\"wp-image-3178\" srcset=\"https:\/\/periodiconuevomilenio.com\/wp-content\/uploads\/2023\/05\/CRESO-4-1024x771.jpg 1024w, https:\/\/periodiconuevomilenio.com\/wp-content\/uploads\/2023\/05\/CRESO-4-300x226.jpg 300w, https:\/\/periodiconuevomilenio.com\/wp-content\/uploads\/2023\/05\/CRESO-4-768x578.jpg 768w, https:\/\/periodiconuevomilenio.com\/wp-content\/uploads\/2023\/05\/CRESO-4.jpg 1280w\" sizes=\"auto, (max-width: 1024px) 100vw, 1024px\" \/><\/figure>\n\n\n\n<figure class=\"wp-block-image size-large\"><img loading=\"lazy\" decoding=\"async\" width=\"1024\" height=\"770\" data-id=\"3175\" src=\"https:\/\/periodiconuevomilenio.com\/wp-content\/uploads\/2023\/05\/CERESO-1024x770.jpg\" alt=\"\" class=\"wp-image-3175\" srcset=\"https:\/\/periodiconuevomilenio.com\/wp-content\/uploads\/2023\/05\/CERESO-1024x770.jpg 1024w, https:\/\/periodiconuevomilenio.com\/wp-content\/uploads\/2023\/05\/CERESO-300x226.jpg 300w, https:\/\/periodiconuevomilenio.com\/wp-content\/uploads\/2023\/05\/CERESO-768x578.jpg 768w, https:\/\/periodiconuevomilenio.com\/wp-content\/uploads\/2023\/05\/CERESO.jpg 1046w\" sizes=\"auto, (max-width: 1024px) 100vw, 1024px\" \/><\/figure>\n<\/figure>\n","protected":false},"excerpt":{"rendered":"<p>Guanajuato, Gto.- Diversos Colectivosde B\u00fasqueda de Personas Desaparecidas del Estado de Guanajuato, concluyeron con su jornada de labores<\/p>\n","protected":false},"author":1,"featured_media":3177,"comment_status":"open","ping_status":"open","sticky":false,"template":"","format":"standard","meta":{"jetpack_post_was_ever_published":false,"_jetpack_newsletter_access":"","_jetpack_dont_email_post_to_subs":false,"_jetpack_newsletter_tier_id":0,"_jetpack_memberships_contains_paywalled_content":false,"_jetpack_memberships_contains_paid_content":false,"footnotes":"","jetpack_publicize_message":"","jetpack_publicize_feature_enabled":false,"jetpack_social_post_already_shared":false,"jetpack_social_options":{"image_generator_settings":{"template":"highway","enabled":false},"version":2}},"categories":[48,39],"tags":[],"class_list":["post-3174","post","type-post","status-publish","format-standard","has-post-thumbnail","hentry","category-policiaca","category-valle-de-santiago"],"jetpack_publicize_connections":[],"jetpack_sharing_enabled":true,"jetpack_featured_media_url":"https:\/\/periodiconuevomilenio.com\/wp-content\/uploads\/2023\/05\/CRESOS-3.jpg","_links":{"self":[{"href":"https:\/\/periodiconuevomilenio.com\/index.php\/wp-json\/wp\/v2\/posts\/3174","targetHints":{"allow":["GET"]}}],"collection":[{"href":"https:\/\/periodiconuevomilenio.com\/index.php\/wp-json\/wp\/v2\/posts"}],"about":[{"href":"https:\/\/periodiconuevomilenio.com\/index.php\/wp-json\/wp\/v2\/types\/post"}],"author":[{"embeddable":true,"href":"https:\/\/periodiconuevomilenio.com\/index.php\/wp-json\/wp\/v2\/users\/1"}],"replies":[{"embeddable":true,"href":"https:\/\/periodiconuevomilenio.com\/index.php\/wp-json\/wp\/v2\/comments?post=3174"}],"version-history":[{"count":1,"href":"https:\/\/periodiconuevomilenio.com\/index.php\/wp-json\/wp\/v2\/posts\/3174\/revisions"}],"predecessor-version":[{"id":3179,"href":"https:\/\/periodiconuevomilenio.com\/index.php\/wp-json\/wp\/v2\/posts\/3174\/revisions\/3179"}],"wp:featuredmedia":[{"embeddable":true,"href":"https:\/\/periodiconuevomilenio.com\/index.php\/wp-json\/wp\/v2\/media\/3177"}],"wp:attachment":[{"href":"https:\/\/periodiconuevomilenio.com\/index.php\/wp-json\/wp\/v2\/media?parent=3174"}],"wp:term":[{"taxonomy":"category","embeddable":true,"href":"https:\/\/periodiconuevomilenio.com\/index.php\/wp-json\/wp\/v2\/categories?post=3174"},{"taxonomy":"post_tag","embeddable":true,"href":"https:\/\/periodiconuevomilenio.com\/index.php\/wp-json\/wp\/v2\/tags?post=3174"}],"curies":[{"name":"wp","href":"https:\/\/api.w.org\/{rel}","templated":true}]}}