{"id":3238,"date":"2023-05-10T22:42:37","date_gmt":"2023-05-11T04:42:37","guid":{"rendered":"https:\/\/periodiconuevomilenio.com\/?p=3238"},"modified":"2023-05-10T22:42:40","modified_gmt":"2023-05-11T04:42:40","slug":"instituciones-deben-garantizar-la-seguridad-de-menores-que-crecen-en-hogares-violentos-erandi-bermudez","status":"publish","type":"post","link":"https:\/\/periodiconuevomilenio.com\/index.php\/2023\/05\/10\/instituciones-deben-garantizar-la-seguridad-de-menores-que-crecen-en-hogares-violentos-erandi-bermudez\/","title":{"rendered":"INSTITUCIONES DEBEN GARANTIZAR LA SEGURIDAD DE MENORES QUE CRECEN EN HOGARES VIOLENTOS: ERANDI BERM\u00daDEZ"},"content":{"rendered":"\n<ul class=\"wp-block-list\">\n<li><strong>El senador present\u00f3 una propuesta para reducir los da\u00f1os colaterales que genera la violencia contra las mujeres.<\/strong><\/li>\n<\/ul>\n\n\n\n<p>El senador Erandi Berm\u00fadez M\u00e9ndez se\u00f1al\u00f3 que la violencia contra las mujeres se ha convertido en un problema social y de salud p\u00fablica, que ha aumentado gravemente y ha servido como el reflejo m\u00e1s evidente de la ineficiencia del sistema de justicia, as\u00ed como del fracaso de los programas para la prevenci\u00f3n o erradicaci\u00f3n de la violencia.<\/p>\n\n\n\n<p>Por lo que, para reiterar su compromiso con las mujeres de M\u00e9xico y sus familias, present\u00f3 una iniciativa con Proyecto de Decreto por el que se reforma la Fracci\u00f3n XIV, al Art\u00edculo 38 de la Ley General de Acceso de las Mujeres a Una Vida Libre de Violencia.<\/p>\n\n\n\n<p>La propuesta busca que las instituciones competentes tambi\u00e9n garanticen la seguridad e integridad de los menores o dependientes econ\u00f3micos, en particular personas con discapacidad, de mujeres violentadas, as\u00ed como garantizar el acceso a programas sociales con fines de fortalecimiento econ\u00f3mico, psicol\u00f3gico y legal, esto como una medida para frenar y contener los da\u00f1os colaterales que sufren los menores que crecen en hogares violentos.<\/p>\n\n\n\n<p>Insisti\u00f3 en que es prioritario dar soluci\u00f3n a la violencia contra mujeres y ni\u00f1as, misma que no se debe ignorar ni tolerar bajo ninguna forma, que M\u00e9xico siendo un Estado de Derecho, reconoce que todas las personas deber\u00edan de gozar de una vida de paz, por lo que es inadmisible que se permita que las mujeres y sus dependientes menores y\/o incapacitados vean restringidos sus derechos humanos m\u00e1s fundamentales.<\/p>\n\n\n\n<p>Las alarmantes cifras de feminicidios de los \u00faltimos meses son una prueba tangible de que este tipo de iniciativas no pueden esperar.<\/p>\n\n\n\n<figure class=\"wp-block-image size-large\"><img loading=\"lazy\" decoding=\"async\" width=\"1024\" height=\"682\" src=\"https:\/\/periodiconuevomilenio.com\/wp-content\/uploads\/2023\/05\/70a217f9-c170-4840-89a6-55f80856ea00-1-1024x682.jpg\" alt=\"\" class=\"wp-image-3239\" srcset=\"https:\/\/periodiconuevomilenio.com\/wp-content\/uploads\/2023\/05\/70a217f9-c170-4840-89a6-55f80856ea00-1-1024x682.jpg 1024w, https:\/\/periodiconuevomilenio.com\/wp-content\/uploads\/2023\/05\/70a217f9-c170-4840-89a6-55f80856ea00-1-300x200.jpg 300w, https:\/\/periodiconuevomilenio.com\/wp-content\/uploads\/2023\/05\/70a217f9-c170-4840-89a6-55f80856ea00-1-768x512.jpg 768w, https:\/\/periodiconuevomilenio.com\/wp-content\/uploads\/2023\/05\/70a217f9-c170-4840-89a6-55f80856ea00-1.jpg 1280w\" sizes=\"auto, (max-width: 1024px) 100vw, 1024px\" \/><\/figure>\n","protected":false},"excerpt":{"rendered":"<p>El senador Erandi Berm\u00fadez M\u00e9ndez se\u00f1al\u00f3 que la violencia contra las mujeres se ha convertido en un problema<\/p>\n","protected":false},"author":1,"featured_media":3240,"comment_status":"open","ping_status":"open","sticky":false,"template":"","format":"standard","meta":{"jetpack_post_was_ever_published":false,"_jetpack_newsletter_access":"","_jetpack_dont_email_post_to_subs":false,"_jetpack_newsletter_tier_id":0,"_jetpack_memberships_contains_paywalled_content":false,"_jetpack_memberships_contains_paid_content":false,"footnotes":"","jetpack_publicize_message":"","jetpack_publicize_feature_enabled":false,"jetpack_social_post_already_shared":false,"jetpack_social_options":{"image_generator_settings":{"template":"highway","enabled":false},"version":2}},"categories":[47],"tags":[25],"class_list":["post-3238","post","type-post","status-publish","format-standard","has-post-thumbnail","hentry","category-nacional","tag-abasolo"],"jetpack_publicize_connections":[],"jetpack_sharing_enabled":true,"jetpack_featured_media_url":"https:\/\/periodiconuevomilenio.com\/wp-content\/uploads\/2023\/05\/70a217f9-c170-4840-89a6-55f80856ea00-1-1.jpg","_links":{"self":[{"href":"https:\/\/periodiconuevomilenio.com\/index.php\/wp-json\/wp\/v2\/posts\/3238","targetHints":{"allow":["GET"]}}],"collection":[{"href":"https:\/\/periodiconuevomilenio.com\/index.php\/wp-json\/wp\/v2\/posts"}],"about":[{"href":"https:\/\/periodiconuevomilenio.com\/index.php\/wp-json\/wp\/v2\/types\/post"}],"author":[{"embeddable":true,"href":"https:\/\/periodiconuevomilenio.com\/index.php\/wp-json\/wp\/v2\/users\/1"}],"replies":[{"embeddable":true,"href":"https:\/\/periodiconuevomilenio.com\/index.php\/wp-json\/wp\/v2\/comments?post=3238"}],"version-history":[{"count":1,"href":"https:\/\/periodiconuevomilenio.com\/index.php\/wp-json\/wp\/v2\/posts\/3238\/revisions"}],"predecessor-version":[{"id":3241,"href":"https:\/\/periodiconuevomilenio.com\/index.php\/wp-json\/wp\/v2\/posts\/3238\/revisions\/3241"}],"wp:featuredmedia":[{"embeddable":true,"href":"https:\/\/periodiconuevomilenio.com\/index.php\/wp-json\/wp\/v2\/media\/3240"}],"wp:attachment":[{"href":"https:\/\/periodiconuevomilenio.com\/index.php\/wp-json\/wp\/v2\/media?parent=3238"}],"wp:term":[{"taxonomy":"category","embeddable":true,"href":"https:\/\/periodiconuevomilenio.com\/index.php\/wp-json\/wp\/v2\/categories?post=3238"},{"taxonomy":"post_tag","embeddable":true,"href":"https:\/\/periodiconuevomilenio.com\/index.php\/wp-json\/wp\/v2\/tags?post=3238"}],"curies":[{"name":"wp","href":"https:\/\/api.w.org\/{rel}","templated":true}]}}