{"id":3248,"date":"2023-05-11T11:31:53","date_gmt":"2023-05-11T17:31:53","guid":{"rendered":"https:\/\/periodiconuevomilenio.com\/?p=3248"},"modified":"2023-05-11T11:31:55","modified_gmt":"2023-05-11T17:31:55","slug":"con-la-presencia-del-secretario-de-educacion-se-entregan-programas-municipales-de-becas-y-apoyos-a-instituciones-educativas-de-jaral-del-progreso","status":"publish","type":"post","link":"https:\/\/periodiconuevomilenio.com\/index.php\/2023\/05\/11\/con-la-presencia-del-secretario-de-educacion-se-entregan-programas-municipales-de-becas-y-apoyos-a-instituciones-educativas-de-jaral-del-progreso\/","title":{"rendered":"CON LA PRESENCIA DEL SECRETARIO DE EDUCACI\u00d3N SE ENTREGAN PROGRAMAS MUNICIPALES DE BECAS Y APOYOS A INSTITUCIONES EDUCATIVAS DE JARAL DEL PROGRESO"},"content":{"rendered":"\n<p>Jaral del Progreso, Gto.- Dentro de los programas para apoyo a la educaci\u00f3n que se manejan en la administraci\u00f3n municipal 2021 \u2013 2024 a trav\u00e9s de la direcci\u00f3n de desarrollo social, con el apoyo brindado por parte de los integrantes del ayuntamiento, acciones las cuales tienen como objetivo mantener la educaci\u00f3n de calidad, la retenci\u00f3n escolar y el aumento de nivel educativo, se realiz\u00f3 la entrega de apoyos a instituciones educativas del municipio, tanto de cabecera como de sus comunidades, contando con la presencia del presidente municipal Pepe Gonzalez Ojeda, acompa\u00f1ado del Secretario de Educaci\u00f3n Ing. Jorge Hern\u00e1ndez Meza, el diputado local por el Distrito XIX Poncho Borja Pimentel y la directora de Desarrollo Social Olga Lidia Tierranegra Ojeda.<\/p>\n\n\n\n<p>Los programas de becas de educaci\u00f3n b\u00e1sica \u201cContigo de la Mano\u201d, de las becas universitarias \u201cJuntos por tus sue\u00f1os\u201d, dos programas en los que se invertir\u00e1 un recurso&nbsp; total de $693 mil 200 pesos beneficiando a un total de 500 alumnos de nivel b\u00e1sico y superior.<\/p>\n\n\n\n<p>En su mensaje el Presidente Municipal Pepe Gonz\u00e1lez Ojeda resalt\u00f3 que adem\u00e1s por segundo a\u00f1o consecutivo se realizar\u00e1 la entrega del programa \u201cApoyo a instituciones educativas\u201d , en el que se destin\u00f3 un recurso de $384 mil pesos que se distribuir\u00e1 entre las 48 instituciones educativas del municipio de nivel b\u00e1sico media superior.<\/p>\n\n\n\n<p>Dando una inversi\u00f3n total estos tres programas de superior al mill\u00f3n de pesos ($1,077,200) en apoyo y fortalecimiento de la educaci\u00f3n en Jaral del Progreso.<\/p>\n\n\n\n<p>Todas estas acciones son el compromiso y los esfuerzos que se suman en esta administraci\u00f3n para seguir apoyando a los j\u00f3venes y pr\u00f3ximos profesionistas.<\/p>\n\n\n\n<p>En el evento tambi\u00e9n estuvieron presentes la S\u00edndico Municipal Ayerim Daniela S\u00e1nchez, la Delegada Regional de Educaci\u00f3n Mtra. Ver\u00f3nica Orozco Guti\u00e9rrez, los regidores Enrique Camargo Meza, Jorge Luis Galv\u00e1n Esparza y Neftal\u00ed Ruiz Le\u00f3n, adem\u00e1s de la distinguida presencia de las supervisoras escolares.<\/p>\n\n\n\n<p>Sumada a estas acciones, en su mensaje el presidente municipal anunci\u00f3 la creaci\u00f3n de centros de c\u00f3mputo en tres comunidades del municipio, las cuales se dotar\u00e1 tambi\u00e9n de servicio de internet durante el resto de la actual administraci\u00f3n municipal, para brindar las herramientas de conocimiento a los estudiantes que radican en la zona rural de Jaral del Progreso.<\/p>\n\n\n\n<figure class=\"wp-block-gallery has-nested-images columns-default is-cropped wp-block-gallery-1 is-layout-flex wp-block-gallery-is-layout-flex\">\n<figure class=\"wp-block-image size-large\"><img loading=\"lazy\" decoding=\"async\" width=\"1024\" height=\"522\" data-id=\"3249\" src=\"https:\/\/periodiconuevomilenio.com\/wp-content\/uploads\/2023\/05\/47e189e7-37ce-4547-90fb-b05ef94df1a4-1024x522.jpg\" alt=\"\" class=\"wp-image-3249\" srcset=\"https:\/\/periodiconuevomilenio.com\/wp-content\/uploads\/2023\/05\/47e189e7-37ce-4547-90fb-b05ef94df1a4-1024x522.jpg 1024w, https:\/\/periodiconuevomilenio.com\/wp-content\/uploads\/2023\/05\/47e189e7-37ce-4547-90fb-b05ef94df1a4-300x153.jpg 300w, https:\/\/periodiconuevomilenio.com\/wp-content\/uploads\/2023\/05\/47e189e7-37ce-4547-90fb-b05ef94df1a4-768x392.jpg 768w, https:\/\/periodiconuevomilenio.com\/wp-content\/uploads\/2023\/05\/47e189e7-37ce-4547-90fb-b05ef94df1a4-1536x783.jpg 1536w, https:\/\/periodiconuevomilenio.com\/wp-content\/uploads\/2023\/05\/47e189e7-37ce-4547-90fb-b05ef94df1a4.jpg 1600w\" sizes=\"auto, (max-width: 1024px) 100vw, 1024px\" \/><\/figure>\n\n\n\n<figure class=\"wp-block-image size-large\"><img loading=\"lazy\" decoding=\"async\" width=\"768\" height=\"1024\" data-id=\"3250\" src=\"https:\/\/periodiconuevomilenio.com\/wp-content\/uploads\/2023\/05\/0829d7a5-9a1f-43fd-a20d-0b461480b6c7-768x1024.jpg\" alt=\"\" class=\"wp-image-3250\" srcset=\"https:\/\/periodiconuevomilenio.com\/wp-content\/uploads\/2023\/05\/0829d7a5-9a1f-43fd-a20d-0b461480b6c7-768x1024.jpg 768w, https:\/\/periodiconuevomilenio.com\/wp-content\/uploads\/2023\/05\/0829d7a5-9a1f-43fd-a20d-0b461480b6c7-225x300.jpg 225w, https:\/\/periodiconuevomilenio.com\/wp-content\/uploads\/2023\/05\/0829d7a5-9a1f-43fd-a20d-0b461480b6c7-1152x1536.jpg 1152w, https:\/\/periodiconuevomilenio.com\/wp-content\/uploads\/2023\/05\/0829d7a5-9a1f-43fd-a20d-0b461480b6c7-1024x1365.jpg 1024w, https:\/\/periodiconuevomilenio.com\/wp-content\/uploads\/2023\/05\/0829d7a5-9a1f-43fd-a20d-0b461480b6c7.jpg 1200w\" sizes=\"auto, (max-width: 768px) 100vw, 768px\" \/><\/figure>\n\n\n\n<figure class=\"wp-block-image size-large\"><img loading=\"lazy\" decoding=\"async\" width=\"1024\" height=\"531\" data-id=\"3251\" src=\"https:\/\/periodiconuevomilenio.com\/wp-content\/uploads\/2023\/05\/b9ef3df1-a447-4f5e-8a87-97d00d386247-1024x531.jpg\" alt=\"\" class=\"wp-image-3251\" srcset=\"https:\/\/periodiconuevomilenio.com\/wp-content\/uploads\/2023\/05\/b9ef3df1-a447-4f5e-8a87-97d00d386247-1024x531.jpg 1024w, https:\/\/periodiconuevomilenio.com\/wp-content\/uploads\/2023\/05\/b9ef3df1-a447-4f5e-8a87-97d00d386247-300x156.jpg 300w, https:\/\/periodiconuevomilenio.com\/wp-content\/uploads\/2023\/05\/b9ef3df1-a447-4f5e-8a87-97d00d386247-768x398.jpg 768w, https:\/\/periodiconuevomilenio.com\/wp-content\/uploads\/2023\/05\/b9ef3df1-a447-4f5e-8a87-97d00d386247-1536x797.jpg 1536w, https:\/\/periodiconuevomilenio.com\/wp-content\/uploads\/2023\/05\/b9ef3df1-a447-4f5e-8a87-97d00d386247.jpg 1600w\" sizes=\"auto, (max-width: 1024px) 100vw, 1024px\" \/><\/figure>\n<\/figure>\n\n\n\n<figure class=\"wp-block-gallery has-nested-images columns-default is-cropped wp-block-gallery-2 is-layout-flex wp-block-gallery-is-layout-flex\"><\/figure>\n","protected":false},"excerpt":{"rendered":"<p>Jaral del Progreso, Gto.- Dentro de los programas para apoyo a la educaci\u00f3n que se manejan en la<\/p>\n","protected":false},"author":1,"featured_media":3252,"comment_status":"open","ping_status":"open","sticky":false,"template":"","format":"standard","meta":{"jetpack_post_was_ever_published":false,"_jetpack_newsletter_access":"","_jetpack_dont_email_post_to_subs":false,"_jetpack_newsletter_tier_id":0,"_jetpack_memberships_contains_paywalled_content":false,"_jetpack_memberships_contains_paid_content":false,"footnotes":"","jetpack_publicize_message":"","jetpack_publicize_feature_enabled":false,"jetpack_social_post_already_shared":false,"jetpack_social_options":{"image_generator_settings":{"template":"highway","enabled":false},"version":2}},"categories":[34],"tags":[23],"class_list":["post-3248","post","type-post","status-publish","format-standard","has-post-thumbnail","hentry","category-jaral-del-progreso","tag-jaral"],"jetpack_publicize_connections":[],"jetpack_sharing_enabled":true,"jetpack_featured_media_url":"https:\/\/periodiconuevomilenio.com\/wp-content\/uploads\/2023\/05\/b9ef3df1-a447-4f5e-8a87-97d00d386247-1.jpg","_links":{"self":[{"href":"https:\/\/periodiconuevomilenio.com\/index.php\/wp-json\/wp\/v2\/posts\/3248","targetHints":{"allow":["GET"]}}],"collection":[{"href":"https:\/\/periodiconuevomilenio.com\/index.php\/wp-json\/wp\/v2\/posts"}],"about":[{"href":"https:\/\/periodiconuevomilenio.com\/index.php\/wp-json\/wp\/v2\/types\/post"}],"author":[{"embeddable":true,"href":"https:\/\/periodiconuevomilenio.com\/index.php\/wp-json\/wp\/v2\/users\/1"}],"replies":[{"embeddable":true,"href":"https:\/\/periodiconuevomilenio.com\/index.php\/wp-json\/wp\/v2\/comments?post=3248"}],"version-history":[{"count":1,"href":"https:\/\/periodiconuevomilenio.com\/index.php\/wp-json\/wp\/v2\/posts\/3248\/revisions"}],"predecessor-version":[{"id":3253,"href":"https:\/\/periodiconuevomilenio.com\/index.php\/wp-json\/wp\/v2\/posts\/3248\/revisions\/3253"}],"wp:featuredmedia":[{"embeddable":true,"href":"https:\/\/periodiconuevomilenio.com\/index.php\/wp-json\/wp\/v2\/media\/3252"}],"wp:attachment":[{"href":"https:\/\/periodiconuevomilenio.com\/index.php\/wp-json\/wp\/v2\/media?parent=3248"}],"wp:term":[{"taxonomy":"category","embeddable":true,"href":"https:\/\/periodiconuevomilenio.com\/index.php\/wp-json\/wp\/v2\/categories?post=3248"},{"taxonomy":"post_tag","embeddable":true,"href":"https:\/\/periodiconuevomilenio.com\/index.php\/wp-json\/wp\/v2\/tags?post=3248"}],"curies":[{"name":"wp","href":"https:\/\/api.w.org\/{rel}","templated":true}]}}