{"id":3286,"date":"2023-05-11T23:31:34","date_gmt":"2023-05-12T05:31:34","guid":{"rendered":"https:\/\/periodiconuevomilenio.com\/?p=3286"},"modified":"2023-05-11T23:31:36","modified_gmt":"2023-05-12T05:31:36","slug":"ejecutan-a-un-hombre-en-pleno-centro-de-la-ciudad","status":"publish","type":"post","link":"https:\/\/periodiconuevomilenio.com\/index.php\/2023\/05\/11\/ejecutan-a-un-hombre-en-pleno-centro-de-la-ciudad\/","title":{"rendered":"Ejecutan a un hombre en pleno Centro de la Ciudad"},"content":{"rendered":"\n<p><strong>\u2022&nbsp;&nbsp;&nbsp;&nbsp;&nbsp;&nbsp;&nbsp; <\/strong>Fue identificado por sus familias como Jos\u00e9<\/p>\n\n\n\n<p>VALLE DE SANTIAGO, GTO.-&nbsp; La noche de este jueves 11 de mayo fue asesinada una&nbsp; persona en pleno centro de la ciudad, a escasos metros de la presidencia Municipal, recibi\u00f3 varios impactos de arma de fuego y cay\u00f3 sin vida a la entrada de un negocio de venta de regalos.<\/p>\n\n\n\n<p>De acuerdo a los informes de la comisaria de seguridad p\u00fablica, fue cerca de las 8 de la noche cuando al sistema de emergencias 911, llego una llamada de auxilio solicitado la presencia de polic\u00eda y param\u00e9dicos, ya que hab\u00eda\u00a0 una persona herida por impactos de arma de fuego.<\/p>\n\n\n\n<p>Cuando la polic\u00eda lleg\u00f3 al lugar indicado en la calle Ju\u00e1rez, casi esquina con Manuel Doblado, en la zona centro, visualizando a una persona del sexo masculino de tez morena, de aproximadamente 1.75\u202fm de estatura.<\/p>\n\n\n\n<p>&nbsp;El cual se encontraba tirado boca arriba con l\u00edquido hem\u00e1tico, pidiendo de inmediato las unidades de emergencia, arribando la unidad de Cruz Roja, indicando que dicha persona ya no cuenta con signos vitales.<\/p>\n\n\n\n<p>Se realiz\u00f3 el acordonamiento por&nbsp; parte de los oficiales&nbsp; y resguardo del lugar, haciendo de conocimiento a las autoridades competentes, procediendo a entrevistar a los familiares de dicha personas, en el lugar se visualizan 5 casquillos, sin especificar el calibre.<\/p>\n\n\n\n<p>M\u00e1s tarde llegaron agentes de investigaci\u00f3n criminal, quienes comenzaron con la indagatoria correspondiente,&nbsp;&nbsp; se\u00f1alando los familiares que la persona sin vida se llamaba Jos\u00e9 N. al parecer originario de&nbsp; Loma tendida.<\/p>\n\n\n\n<p>&nbsp;Su cuerpo fue traslado a la capital del estado, donde mediante la necropsia&nbsp;&nbsp;&nbsp; de ley se contin\u00faa con las investigaciones&nbsp; a fin de esclarecer este delito de acto impact\u00f3.<\/p>\n\n\n\n<figure class=\"wp-block-gallery has-nested-images columns-default is-cropped wp-block-gallery-1 is-layout-flex wp-block-gallery-is-layout-flex\">\n<figure class=\"wp-block-image size-large\"><img loading=\"lazy\" decoding=\"async\" width=\"1024\" height=\"473\" data-id=\"3289\" src=\"https:\/\/periodiconuevomilenio.com\/wp-content\/uploads\/2023\/05\/img_20230511_202924-1024x473.jpg\" alt=\"\" class=\"wp-image-3289\" srcset=\"https:\/\/periodiconuevomilenio.com\/wp-content\/uploads\/2023\/05\/img_20230511_202924-1024x473.jpg 1024w, https:\/\/periodiconuevomilenio.com\/wp-content\/uploads\/2023\/05\/img_20230511_202924-300x139.jpg 300w, https:\/\/periodiconuevomilenio.com\/wp-content\/uploads\/2023\/05\/img_20230511_202924-768x355.jpg 768w, https:\/\/periodiconuevomilenio.com\/wp-content\/uploads\/2023\/05\/img_20230511_202924-1536x709.jpg 1536w, https:\/\/periodiconuevomilenio.com\/wp-content\/uploads\/2023\/05\/img_20230511_202924-2048x946.jpg 2048w\" sizes=\"auto, (max-width: 1024px) 100vw, 1024px\" \/><\/figure>\n\n\n\n<figure class=\"wp-block-image size-large\"><img loading=\"lazy\" decoding=\"async\" width=\"733\" height=\"487\" data-id=\"3287\" src=\"https:\/\/periodiconuevomilenio.com\/wp-content\/uploads\/2023\/05\/2162cb6c-2024-4820-8cd7-4b024d777719.jpg\" alt=\"\" class=\"wp-image-3287\" srcset=\"https:\/\/periodiconuevomilenio.com\/wp-content\/uploads\/2023\/05\/2162cb6c-2024-4820-8cd7-4b024d777719.jpg 733w, https:\/\/periodiconuevomilenio.com\/wp-content\/uploads\/2023\/05\/2162cb6c-2024-4820-8cd7-4b024d777719-300x199.jpg 300w\" sizes=\"auto, (max-width: 733px) 100vw, 733px\" \/><\/figure>\n\n\n\n<figure class=\"wp-block-image size-large\"><img loading=\"lazy\" decoding=\"async\" width=\"1024\" height=\"599\" data-id=\"3288\" src=\"https:\/\/periodiconuevomilenio.com\/wp-content\/uploads\/2023\/05\/img_20230511_203008-1024x599.jpg\" alt=\"\" class=\"wp-image-3288\" srcset=\"https:\/\/periodiconuevomilenio.com\/wp-content\/uploads\/2023\/05\/img_20230511_203008-1024x599.jpg 1024w, https:\/\/periodiconuevomilenio.com\/wp-content\/uploads\/2023\/05\/img_20230511_203008-300x175.jpg 300w, https:\/\/periodiconuevomilenio.com\/wp-content\/uploads\/2023\/05\/img_20230511_203008-768x449.jpg 768w, https:\/\/periodiconuevomilenio.com\/wp-content\/uploads\/2023\/05\/img_20230511_203008-1536x898.jpg 1536w, https:\/\/periodiconuevomilenio.com\/wp-content\/uploads\/2023\/05\/img_20230511_203008-2048x1198.jpg 2048w\" sizes=\"auto, (max-width: 1024px) 100vw, 1024px\" \/><\/figure>\n<\/figure>\n","protected":false},"excerpt":{"rendered":"<p>\u2022&nbsp;&nbsp;&nbsp;&nbsp;&nbsp;&nbsp;&nbsp; Fue identificado por sus familias como Jos\u00e9 VALLE DE SANTIAGO, GTO.-&nbsp; La noche de este jueves 11<\/p>\n","protected":false},"author":1,"featured_media":3289,"comment_status":"open","ping_status":"open","sticky":false,"template":"","format":"standard","meta":{"jetpack_post_was_ever_published":false,"_jetpack_newsletter_access":"","_jetpack_dont_email_post_to_subs":false,"_jetpack_newsletter_tier_id":0,"_jetpack_memberships_contains_paywalled_content":false,"_jetpack_memberships_contains_paid_content":false,"footnotes":"","jetpack_publicize_message":"","jetpack_publicize_feature_enabled":false,"jetpack_social_post_already_shared":false,"jetpack_social_options":{"image_generator_settings":{"template":"highway","enabled":false},"version":2}},"categories":[48,39],"tags":[22],"class_list":["post-3286","post","type-post","status-publish","format-standard","has-post-thumbnail","hentry","category-policiaca","category-valle-de-santiago","tag-valle"],"jetpack_publicize_connections":[],"jetpack_sharing_enabled":true,"jetpack_featured_media_url":"https:\/\/periodiconuevomilenio.com\/wp-content\/uploads\/2023\/05\/img_20230511_202924-scaled.jpg","_links":{"self":[{"href":"https:\/\/periodiconuevomilenio.com\/index.php\/wp-json\/wp\/v2\/posts\/3286","targetHints":{"allow":["GET"]}}],"collection":[{"href":"https:\/\/periodiconuevomilenio.com\/index.php\/wp-json\/wp\/v2\/posts"}],"about":[{"href":"https:\/\/periodiconuevomilenio.com\/index.php\/wp-json\/wp\/v2\/types\/post"}],"author":[{"embeddable":true,"href":"https:\/\/periodiconuevomilenio.com\/index.php\/wp-json\/wp\/v2\/users\/1"}],"replies":[{"embeddable":true,"href":"https:\/\/periodiconuevomilenio.com\/index.php\/wp-json\/wp\/v2\/comments?post=3286"}],"version-history":[{"count":1,"href":"https:\/\/periodiconuevomilenio.com\/index.php\/wp-json\/wp\/v2\/posts\/3286\/revisions"}],"predecessor-version":[{"id":3290,"href":"https:\/\/periodiconuevomilenio.com\/index.php\/wp-json\/wp\/v2\/posts\/3286\/revisions\/3290"}],"wp:featuredmedia":[{"embeddable":true,"href":"https:\/\/periodiconuevomilenio.com\/index.php\/wp-json\/wp\/v2\/media\/3289"}],"wp:attachment":[{"href":"https:\/\/periodiconuevomilenio.com\/index.php\/wp-json\/wp\/v2\/media?parent=3286"}],"wp:term":[{"taxonomy":"category","embeddable":true,"href":"https:\/\/periodiconuevomilenio.com\/index.php\/wp-json\/wp\/v2\/categories?post=3286"},{"taxonomy":"post_tag","embeddable":true,"href":"https:\/\/periodiconuevomilenio.com\/index.php\/wp-json\/wp\/v2\/tags?post=3286"}],"curies":[{"name":"wp","href":"https:\/\/api.w.org\/{rel}","templated":true}]}}