{"id":3291,"date":"2023-05-12T00:12:21","date_gmt":"2023-05-12T06:12:21","guid":{"rendered":"https:\/\/periodiconuevomilenio.com\/?p=3291"},"modified":"2023-05-12T00:12:23","modified_gmt":"2023-05-12T06:12:23","slug":"buscan-a-sus-hijos-desaparecidos-en-carceles-del-estado","status":"publish","type":"post","link":"https:\/\/periodiconuevomilenio.com\/index.php\/2023\/05\/12\/buscan-a-sus-hijos-desaparecidos-en-carceles-del-estado\/","title":{"rendered":"BUSCAN A SUS HIJOS DESAPARECIDOS EN C\u00c1RCELES DEL ESTADO"},"content":{"rendered":"\n<p><strong>Realizan Colectivos de B\u00fasqueda de Personas Desaparecidas, una jornada de rastreo y localizaci\u00f3n en el Centro de Prevenci\u00f3n y Reinserci\u00f3n Social de P\u00e9njamo.<\/strong><\/p>\n\n\n\n<p><strong>Guanajuato, Gto., 11 de mayo de 2023.- <\/strong>Mediante la absoluta disposici\u00f3n, el apoyo y las facilidades otorgadas por parte de la Secretar\u00eda de Seguridad P\u00fablica del Estado, un grupo de Colectivosde B\u00fasqueda de Personas Desaparecidas en Guanajuato, realiz\u00f3 la jornada de labores de rastreo de personas en el Centro de Prevenci\u00f3n y Reinserci\u00f3n Social (Ce.Pre.Re.So.) del municipio de P\u00e9njamo.<\/p>\n\n\n\n<p>Durante la ma\u00f1ana de este jueves, los Colectivos de B\u00fasqueda contaron con la total colaboraci\u00f3n, disposici\u00f3n y el respeto irrestricto a sus Derechos Humanos, por parte de la Secretar\u00eda de Seguridad P\u00fablica del Estado a trav\u00e9s de la Direcci\u00f3n General del Sistema Penitenciario Estatal.<\/p>\n\n\n\n<p>Como parte de las labores realizadas, los colectivos de b\u00fasqueda recibieron en todo momento el acompa\u00f1amiento de funcionarios de la Procuradur\u00eda de los Derechos Humanos del Estado de Guanajuato (<strong>PRODHEG).<\/strong><\/p>\n\n\n\n<p>Los Colectivos que asistieron a las instalaciones del Centro de Prevenci\u00f3n y Reinserci\u00f3n Social de P\u00e9njamo, son los siguientes:<\/p>\n\n\n\n<ul class=\"wp-block-list\">\n<li>Desaparecidos Justicia Guanajuato.<\/li>\n\n\n\n<li>Buscadoras Guanajuato.<\/li>\n\n\n\n<li>De pie Hasta Encontrarte en Guanajuato.<\/li>\n\n\n\n<li>Unidos por los Desaparecidos de Le\u00f3n.<\/li>\n\n\n\n<li>Buscando con el Coraz\u00f3n.<\/li>\n\n\n\n<li>Fundaci\u00f3n Girasoles.<\/li>\n\n\n\n<li>Hasta Encontrarte.<\/li>\n\n\n\n<li>Proyecto de B\u00fasqueda.<\/li>\n\n\n\n<li>Colectivos Independientes.<\/li>\n<\/ul>\n\n\n\n<p>Durante esta jornada, el Sistema Penitenciario Estatal, dispuso de la asistencia de personal m\u00e9dico y especialistas en caso de que as\u00ed requerido para atender cualquier emergencia de esa naturaleza.<\/p>\n\n\n\n<p>Derivado de dichas actividades, no se obtuvieron resultados positivos para los colectivos sobre la b\u00fasqueda de personas desaparecidas.<\/p>\n\n\n\n<p>Por \u00faltimo, los Colectivos manifestaron su agradecimiento al gobierno de Guanajuato, al Gobernador Diego Sinhue Rodr\u00edguez Vallejo, as\u00ed como al titular de la Secretar\u00eda de Seguridad P\u00fablica del Estado, Alvar Cabeza de Vaca Appendini, por mostrar una total apertura para los trabajos de&nbsp; b\u00fasqueda de personas desaparecidas en el Ce.Pre.Re.So. del municipio de P\u00e9njamo.<\/p>\n\n\n\n<figure class=\"wp-block-gallery has-nested-images columns-default is-cropped wp-block-gallery-1 is-layout-flex wp-block-gallery-is-layout-flex\">\n<figure class=\"wp-block-image size-large\"><img loading=\"lazy\" decoding=\"async\" width=\"504\" height=\"378\" data-id=\"3294\" src=\"https:\/\/periodiconuevomilenio.com\/wp-content\/uploads\/2023\/05\/CAR-2.jpg\" alt=\"\" class=\"wp-image-3294\" srcset=\"https:\/\/periodiconuevomilenio.com\/wp-content\/uploads\/2023\/05\/CAR-2.jpg 504w, https:\/\/periodiconuevomilenio.com\/wp-content\/uploads\/2023\/05\/CAR-2-300x225.jpg 300w\" sizes=\"auto, (max-width: 504px) 100vw, 504px\" \/><\/figure>\n\n\n\n<figure class=\"wp-block-image size-large\"><img loading=\"lazy\" decoding=\"async\" width=\"504\" height=\"378\" data-id=\"3293\" src=\"https:\/\/periodiconuevomilenio.com\/wp-content\/uploads\/2023\/05\/CAR-3.jpg\" alt=\"\" class=\"wp-image-3293\" srcset=\"https:\/\/periodiconuevomilenio.com\/wp-content\/uploads\/2023\/05\/CAR-3.jpg 504w, https:\/\/periodiconuevomilenio.com\/wp-content\/uploads\/2023\/05\/CAR-3-300x225.jpg 300w\" sizes=\"auto, (max-width: 504px) 100vw, 504px\" \/><\/figure>\n\n\n\n<figure class=\"wp-block-image size-large\"><img loading=\"lazy\" decoding=\"async\" width=\"504\" height=\"378\" data-id=\"3296\" src=\"https:\/\/periodiconuevomilenio.com\/wp-content\/uploads\/2023\/05\/CAR-4.jpg\" alt=\"\" class=\"wp-image-3296\" srcset=\"https:\/\/periodiconuevomilenio.com\/wp-content\/uploads\/2023\/05\/CAR-4.jpg 504w, https:\/\/periodiconuevomilenio.com\/wp-content\/uploads\/2023\/05\/CAR-4-300x225.jpg 300w\" sizes=\"auto, (max-width: 504px) 100vw, 504px\" \/><\/figure>\n\n\n\n<figure class=\"wp-block-image size-large\"><img loading=\"lazy\" decoding=\"async\" width=\"504\" height=\"378\" data-id=\"3295\" src=\"https:\/\/periodiconuevomilenio.com\/wp-content\/uploads\/2023\/05\/CAR.jpg\" alt=\"\" class=\"wp-image-3295\" srcset=\"https:\/\/periodiconuevomilenio.com\/wp-content\/uploads\/2023\/05\/CAR.jpg 504w, https:\/\/periodiconuevomilenio.com\/wp-content\/uploads\/2023\/05\/CAR-300x225.jpg 300w\" sizes=\"auto, (max-width: 504px) 100vw, 504px\" \/><\/figure>\n\n\n\n<figure class=\"wp-block-image size-large\"><img loading=\"lazy\" decoding=\"async\" width=\"504\" height=\"378\" data-id=\"3292\" src=\"https:\/\/periodiconuevomilenio.com\/wp-content\/uploads\/2023\/05\/CAR-1.jpg\" alt=\"\" class=\"wp-image-3292\" srcset=\"https:\/\/periodiconuevomilenio.com\/wp-content\/uploads\/2023\/05\/CAR-1.jpg 504w, https:\/\/periodiconuevomilenio.com\/wp-content\/uploads\/2023\/05\/CAR-1-300x225.jpg 300w\" sizes=\"auto, (max-width: 504px) 100vw, 504px\" \/><\/figure>\n<\/figure>\n","protected":false},"excerpt":{"rendered":"<p>Realizan Colectivos de B\u00fasqueda de Personas Desaparecidas, una jornada de rastreo y localizaci\u00f3n en el Centro de Prevenci\u00f3n<\/p>\n","protected":false},"author":1,"featured_media":3296,"comment_status":"open","ping_status":"open","sticky":false,"template":"","format":"standard","meta":{"jetpack_post_was_ever_published":false,"_jetpack_newsletter_access":"","_jetpack_dont_email_post_to_subs":false,"_jetpack_newsletter_tier_id":0,"_jetpack_memberships_contains_paywalled_content":false,"_jetpack_memberships_contains_paid_content":false,"footnotes":"","jetpack_publicize_message":"","jetpack_publicize_feature_enabled":false,"jetpack_social_post_already_shared":false,"jetpack_social_options":{"image_generator_settings":{"template":"highway","enabled":false},"version":2}},"categories":[36,48],"tags":[29],"class_list":["post-3291","post","type-post","status-publish","format-standard","has-post-thumbnail","hentry","category-penjamo","category-policiaca","tag-penjamo"],"jetpack_publicize_connections":[],"jetpack_sharing_enabled":true,"jetpack_featured_media_url":"https:\/\/periodiconuevomilenio.com\/wp-content\/uploads\/2023\/05\/CAR-4.jpg","_links":{"self":[{"href":"https:\/\/periodiconuevomilenio.com\/index.php\/wp-json\/wp\/v2\/posts\/3291","targetHints":{"allow":["GET"]}}],"collection":[{"href":"https:\/\/periodiconuevomilenio.com\/index.php\/wp-json\/wp\/v2\/posts"}],"about":[{"href":"https:\/\/periodiconuevomilenio.com\/index.php\/wp-json\/wp\/v2\/types\/post"}],"author":[{"embeddable":true,"href":"https:\/\/periodiconuevomilenio.com\/index.php\/wp-json\/wp\/v2\/users\/1"}],"replies":[{"embeddable":true,"href":"https:\/\/periodiconuevomilenio.com\/index.php\/wp-json\/wp\/v2\/comments?post=3291"}],"version-history":[{"count":1,"href":"https:\/\/periodiconuevomilenio.com\/index.php\/wp-json\/wp\/v2\/posts\/3291\/revisions"}],"predecessor-version":[{"id":3297,"href":"https:\/\/periodiconuevomilenio.com\/index.php\/wp-json\/wp\/v2\/posts\/3291\/revisions\/3297"}],"wp:featuredmedia":[{"embeddable":true,"href":"https:\/\/periodiconuevomilenio.com\/index.php\/wp-json\/wp\/v2\/media\/3296"}],"wp:attachment":[{"href":"https:\/\/periodiconuevomilenio.com\/index.php\/wp-json\/wp\/v2\/media?parent=3291"}],"wp:term":[{"taxonomy":"category","embeddable":true,"href":"https:\/\/periodiconuevomilenio.com\/index.php\/wp-json\/wp\/v2\/categories?post=3291"},{"taxonomy":"post_tag","embeddable":true,"href":"https:\/\/periodiconuevomilenio.com\/index.php\/wp-json\/wp\/v2\/tags?post=3291"}],"curies":[{"name":"wp","href":"https:\/\/api.w.org\/{rel}","templated":true}]}}