{"id":3999,"date":"2023-06-01T12:26:12","date_gmt":"2023-06-01T18:26:12","guid":{"rendered":"https:\/\/periodiconuevomilenio.com\/?p=3999"},"modified":"2023-06-01T12:26:14","modified_gmt":"2023-06-01T18:26:14","slug":"como-todos-tengo-aspiraciones-donato-mendoza","status":"publish","type":"post","link":"https:\/\/periodiconuevomilenio.com\/index.php\/2023\/06\/01\/como-todos-tengo-aspiraciones-donato-mendoza\/","title":{"rendered":"Como todos, \u201cTengo aspiraciones\u201d: Donato Mendoza"},"content":{"rendered":"\n<p>*Podr\u00eda ser el candidato del PRD a la presidencia Municipal.<\/p>\n\n\n\n<p>VALLE DE SANTIAGO, GTO.-&nbsp; Como cualquier personas y son lent\u00edsimas las aspiraciones \u201cSi me gustar\u00eda ser presidente de Valle\u201d,&nbsp; dijo Donato Mendoza Amezquita, quien aclaro que este no es un destape simplemente respondiendo a la pregunta de la prensa y&nbsp; simplemente es una aspiraci\u00f3n.<\/p>\n\n\n\n<p>Comento que una de sus aspiraciones y si se dan las condiciones, es ser presidente Municipal de Valle de Santiago y si Dios lo permite, estaremos participando.<\/p>\n\n\n\n<p>En torno a si existe un partido que lo respalda dijo que desde hace a\u00f1os Milita en el PRD el cual nunca ha dejado pues asegur\u00f3 no ser \u201cChapul\u00edn\u201d de esos que se brinca de un partido a otro buscando solo el beneficio personal.<\/p>\n\n\n\n<p>Sigo y seguir\u00e9 en ese partido y si las condiciones se dan, pedirle a los ciudadanos de nuestro querido Valle, nos apoyen cuando se perquiren con el firme compromiso de que no les estaremos fallando.<\/p>\n\n\n\n<p>Dijo que quiere ser presidente municipal, no aspira a ning\u00fan otro puesto de elecci\u00f3n popular , porque solo desde aqu\u00ed es como se pude ayudar a la gente del Pueblo, viendo que por ahora el municipio no tiene rumbo y se busca dar ese cambio y modernizaci\u00f3n que tanto queremos y anhelos los que habitamos esta tierra.<\/p>\n\n\n\n<p>&nbsp;Precis\u00f3 estar listo y preparado&nbsp; para enfrentar este reto y coment\u00f3 que primero que nada es gente de campo no solo como eso que dicen que usan sombre solo cuando sales al campo o al sol, somos y venimos de abajo queremos dar algo de lo mucho que Dios nos ha bendecido, \u201cSomos&nbsp; de trabaj\u00f3, somos de chamaba, a mi mis amigos&nbsp; agricultores necesito a hora de su apoyo para seguir trabajando en favor del campo V\u00e1llense\u201d.<\/p>\n\n\n\n<div class=\"wp-block-cover is-light\"><span aria-hidden=\"true\" class=\"wp-block-cover__background has-background-dim\"><\/span><img loading=\"lazy\" decoding=\"async\" width=\"945\" height=\"1024\" class=\"wp-block-cover__image-background wp-image-4000\" alt=\"\" src=\"https:\/\/periodiconuevomilenio.com\/wp-content\/uploads\/2023\/06\/DONATO-945x1024.jpg\" data-object-fit=\"cover\" srcset=\"https:\/\/periodiconuevomilenio.com\/wp-content\/uploads\/2023\/06\/DONATO-945x1024.jpg 945w, https:\/\/periodiconuevomilenio.com\/wp-content\/uploads\/2023\/06\/DONATO-277x300.jpg 277w, https:\/\/periodiconuevomilenio.com\/wp-content\/uploads\/2023\/06\/DONATO-768x832.jpg 768w, https:\/\/periodiconuevomilenio.com\/wp-content\/uploads\/2023\/06\/DONATO-1417x1536.jpg 1417w, https:\/\/periodiconuevomilenio.com\/wp-content\/uploads\/2023\/06\/DONATO-1890x2048.jpg 1890w, https:\/\/periodiconuevomilenio.com\/wp-content\/uploads\/2023\/06\/DONATO-1024x1110.jpg 1024w\" sizes=\"auto, (max-width: 945px) 100vw, 945px\" \/><div class=\"wp-block-cover__inner-container is-layout-flow wp-block-cover-is-layout-flow\">\n<p class=\"has-text-align-center has-large-font-size\"><\/p>\n<\/div><\/div>\n\n\n\n<p>VALLE.- Donato Mendoza dijo que no se confundan no es ning\u00fan destape, simplemente son aspiraciones.<\/p>\n","protected":false},"excerpt":{"rendered":"<p>*Podr\u00eda ser el candidato del PRD a la presidencia Municipal. VALLE DE SANTIAGO, GTO.-&nbsp; Como cualquier personas y<\/p>\n","protected":false},"author":1,"featured_media":4000,"comment_status":"open","ping_status":"open","sticky":false,"template":"","format":"standard","meta":{"jetpack_post_was_ever_published":false,"_jetpack_newsletter_access":"","_jetpack_dont_email_post_to_subs":false,"_jetpack_newsletter_tier_id":0,"_jetpack_memberships_contains_paywalled_content":false,"_jetpack_memberships_contains_paid_content":false,"footnotes":"","jetpack_publicize_message":"","jetpack_publicize_feature_enabled":false,"jetpack_social_post_already_shared":false,"jetpack_social_options":{"image_generator_settings":{"template":"highway","enabled":false},"version":2}},"categories":[39],"tags":[22],"class_list":["post-3999","post","type-post","status-publish","format-standard","has-post-thumbnail","hentry","category-valle-de-santiago","tag-valle"],"jetpack_publicize_connections":[],"jetpack_sharing_enabled":true,"jetpack_featured_media_url":"https:\/\/periodiconuevomilenio.com\/wp-content\/uploads\/2023\/06\/DONATO-scaled.jpg","_links":{"self":[{"href":"https:\/\/periodiconuevomilenio.com\/index.php\/wp-json\/wp\/v2\/posts\/3999","targetHints":{"allow":["GET"]}}],"collection":[{"href":"https:\/\/periodiconuevomilenio.com\/index.php\/wp-json\/wp\/v2\/posts"}],"about":[{"href":"https:\/\/periodiconuevomilenio.com\/index.php\/wp-json\/wp\/v2\/types\/post"}],"author":[{"embeddable":true,"href":"https:\/\/periodiconuevomilenio.com\/index.php\/wp-json\/wp\/v2\/users\/1"}],"replies":[{"embeddable":true,"href":"https:\/\/periodiconuevomilenio.com\/index.php\/wp-json\/wp\/v2\/comments?post=3999"}],"version-history":[{"count":1,"href":"https:\/\/periodiconuevomilenio.com\/index.php\/wp-json\/wp\/v2\/posts\/3999\/revisions"}],"predecessor-version":[{"id":4001,"href":"https:\/\/periodiconuevomilenio.com\/index.php\/wp-json\/wp\/v2\/posts\/3999\/revisions\/4001"}],"wp:featuredmedia":[{"embeddable":true,"href":"https:\/\/periodiconuevomilenio.com\/index.php\/wp-json\/wp\/v2\/media\/4000"}],"wp:attachment":[{"href":"https:\/\/periodiconuevomilenio.com\/index.php\/wp-json\/wp\/v2\/media?parent=3999"}],"wp:term":[{"taxonomy":"category","embeddable":true,"href":"https:\/\/periodiconuevomilenio.com\/index.php\/wp-json\/wp\/v2\/categories?post=3999"},{"taxonomy":"post_tag","embeddable":true,"href":"https:\/\/periodiconuevomilenio.com\/index.php\/wp-json\/wp\/v2\/tags?post=3999"}],"curies":[{"name":"wp","href":"https:\/\/api.w.org\/{rel}","templated":true}]}}