{"id":4006,"date":"2023-06-01T14:08:22","date_gmt":"2023-06-01T20:08:22","guid":{"rendered":"https:\/\/periodiconuevomilenio.com\/?p=4006"},"modified":"2023-06-01T14:08:24","modified_gmt":"2023-06-01T20:08:24","slug":"el-10-de-junio-correspondera-su-participacion-en-el-corpus-al-gremio-de-los-mecanicos","status":"publish","type":"post","link":"https:\/\/periodiconuevomilenio.com\/index.php\/2023\/06\/01\/el-10-de-junio-correspondera-su-participacion-en-el-corpus-al-gremio-de-los-mecanicos\/","title":{"rendered":"El 10 de junio corresponder\u00e1 su participaci\u00f3n En el Corpus al gremio de los Mec\u00e1nicos"},"content":{"rendered":"\n<p>VALLE DE SANTIAGO, GTO.- El pr\u00f3ximo s\u00e1bado 10 de junio corresponder\u00e1 la participaci\u00f3n al gremio automotriz en las octavas de Corpus, es apenas la cuarta vez&nbsp; que corresponde su participaci\u00f3n luego de que vinieran a suplir al gremio de los arrieros.<\/p>\n\n\n\n<p>&nbsp;Javier Moreno uno de los organizadores coment\u00f3 que ya se est\u00e1n realizando los preparativos para esta festividad donde como cada a\u00f1o como se viene haciendo en los \u00faltimos 5 corresponde su participaci\u00f3n.<\/p>\n\n\n\n<p>&nbsp;Preciso que durante todo el a\u00f1o se viene realizando las aportaciones econ\u00f3micas de los mec\u00e1nicos y organizaci\u00f3n que se han integrado al gremio automotriz para la reuni\u00f3n de recursos que servir\u00e1 para sufragar los festejos.<\/p>\n\n\n\n<p>&nbsp;Indic\u00f3 que desde temprano&nbsp; recorrer\u00e1n con la banda cada uno de los talleres que participan para luego congregarse en la comida y de ah\u00ed salir al templo del santuario de la virgen de Guadalupe en la colonia lindavista y al termino comenzar la procesi\u00f3n que la encabeza el Sant\u00edsimo.<\/p>\n\n\n\n<p>&nbsp;Mencion\u00f3 que caminaran&nbsp; por la calle Heroico y pasaran por&nbsp; distintas&nbsp; calles como la democracia y Zaragoza hasta llegar al templo de la parroquia de Santiago ap\u00f3stol d\u00f3nde depositaran la cera y continuar\u00e1n con el festejo en el jard\u00edn principal, al siguiente d\u00eda domingo 11 participaran por&nbsp; la ma\u00f1ana en la santa misa.<\/p>\n\n\n\n<figure class=\"wp-block-gallery has-nested-images columns-default is-cropped wp-block-gallery-1 is-layout-flex wp-block-gallery-is-layout-flex\">\n<figure class=\"wp-block-image size-large\"><img loading=\"lazy\" decoding=\"async\" width=\"1024\" height=\"683\" data-id=\"4007\" src=\"https:\/\/periodiconuevomilenio.com\/wp-content\/uploads\/2023\/06\/img_0181-1024x683.jpg\" alt=\"\" class=\"wp-image-4007\" srcset=\"https:\/\/periodiconuevomilenio.com\/wp-content\/uploads\/2023\/06\/img_0181-1024x683.jpg 1024w, https:\/\/periodiconuevomilenio.com\/wp-content\/uploads\/2023\/06\/img_0181-300x200.jpg 300w, https:\/\/periodiconuevomilenio.com\/wp-content\/uploads\/2023\/06\/img_0181-768x512.jpg 768w, https:\/\/periodiconuevomilenio.com\/wp-content\/uploads\/2023\/06\/img_0181-1536x1024.jpg 1536w, https:\/\/periodiconuevomilenio.com\/wp-content\/uploads\/2023\/06\/img_0181-2048x1365.jpg 2048w\" sizes=\"auto, (max-width: 1024px) 100vw, 1024px\" \/><\/figure>\n\n\n\n<figure class=\"wp-block-image size-large\"><img loading=\"lazy\" decoding=\"async\" width=\"1024\" height=\"683\" data-id=\"4008\" src=\"https:\/\/periodiconuevomilenio.com\/wp-content\/uploads\/2023\/06\/img_0221-1024x683.jpg\" alt=\"\" class=\"wp-image-4008\" srcset=\"https:\/\/periodiconuevomilenio.com\/wp-content\/uploads\/2023\/06\/img_0221-1024x683.jpg 1024w, https:\/\/periodiconuevomilenio.com\/wp-content\/uploads\/2023\/06\/img_0221-300x200.jpg 300w, https:\/\/periodiconuevomilenio.com\/wp-content\/uploads\/2023\/06\/img_0221-768x512.jpg 768w, https:\/\/periodiconuevomilenio.com\/wp-content\/uploads\/2023\/06\/img_0221-1536x1024.jpg 1536w, https:\/\/periodiconuevomilenio.com\/wp-content\/uploads\/2023\/06\/img_0221-2048x1365.jpg 2048w\" sizes=\"auto, (max-width: 1024px) 100vw, 1024px\" \/><\/figure>\n<\/figure>\n\n\n\n<figure class=\"wp-block-gallery has-nested-images columns-default is-cropped wp-block-gallery-2 is-layout-flex wp-block-gallery-is-layout-flex\"><\/figure>\n","protected":false},"excerpt":{"rendered":"<p>VALLE DE SANTIAGO, GTO.- El pr\u00f3ximo s\u00e1bado 10 de junio corresponder\u00e1 la participaci\u00f3n al gremio automotriz en las<\/p>\n","protected":false},"author":1,"featured_media":4007,"comment_status":"open","ping_status":"open","sticky":false,"template":"","format":"standard","meta":{"jetpack_post_was_ever_published":false,"_jetpack_newsletter_access":"","_jetpack_dont_email_post_to_subs":false,"_jetpack_newsletter_tier_id":0,"_jetpack_memberships_contains_paywalled_content":false,"_jetpack_memberships_contains_paid_content":false,"footnotes":"","jetpack_publicize_message":"","jetpack_publicize_feature_enabled":false,"jetpack_social_post_already_shared":false,"jetpack_social_options":{"image_generator_settings":{"template":"highway","enabled":false},"version":2}},"categories":[39],"tags":[22],"class_list":["post-4006","post","type-post","status-publish","format-standard","has-post-thumbnail","hentry","category-valle-de-santiago","tag-valle"],"jetpack_publicize_connections":[],"jetpack_sharing_enabled":true,"jetpack_featured_media_url":"https:\/\/periodiconuevomilenio.com\/wp-content\/uploads\/2023\/06\/img_0181-scaled.jpg","_links":{"self":[{"href":"https:\/\/periodiconuevomilenio.com\/index.php\/wp-json\/wp\/v2\/posts\/4006","targetHints":{"allow":["GET"]}}],"collection":[{"href":"https:\/\/periodiconuevomilenio.com\/index.php\/wp-json\/wp\/v2\/posts"}],"about":[{"href":"https:\/\/periodiconuevomilenio.com\/index.php\/wp-json\/wp\/v2\/types\/post"}],"author":[{"embeddable":true,"href":"https:\/\/periodiconuevomilenio.com\/index.php\/wp-json\/wp\/v2\/users\/1"}],"replies":[{"embeddable":true,"href":"https:\/\/periodiconuevomilenio.com\/index.php\/wp-json\/wp\/v2\/comments?post=4006"}],"version-history":[{"count":1,"href":"https:\/\/periodiconuevomilenio.com\/index.php\/wp-json\/wp\/v2\/posts\/4006\/revisions"}],"predecessor-version":[{"id":4009,"href":"https:\/\/periodiconuevomilenio.com\/index.php\/wp-json\/wp\/v2\/posts\/4006\/revisions\/4009"}],"wp:featuredmedia":[{"embeddable":true,"href":"https:\/\/periodiconuevomilenio.com\/index.php\/wp-json\/wp\/v2\/media\/4007"}],"wp:attachment":[{"href":"https:\/\/periodiconuevomilenio.com\/index.php\/wp-json\/wp\/v2\/media?parent=4006"}],"wp:term":[{"taxonomy":"category","embeddable":true,"href":"https:\/\/periodiconuevomilenio.com\/index.php\/wp-json\/wp\/v2\/categories?post=4006"},{"taxonomy":"post_tag","embeddable":true,"href":"https:\/\/periodiconuevomilenio.com\/index.php\/wp-json\/wp\/v2\/tags?post=4006"}],"curies":[{"name":"wp","href":"https:\/\/api.w.org\/{rel}","templated":true}]}}