{"id":4010,"date":"2023-06-01T14:25:53","date_gmt":"2023-06-01T20:25:53","guid":{"rendered":"https:\/\/periodiconuevomilenio.com\/?p=4010"},"modified":"2023-06-01T14:25:55","modified_gmt":"2023-06-01T20:25:55","slug":"apoyo-a-familias-vulnerables","status":"publish","type":"post","link":"https:\/\/periodiconuevomilenio.com\/index.php\/2023\/06\/01\/apoyo-a-familias-vulnerables\/","title":{"rendered":"Apoyo a familias Vulnerables"},"content":{"rendered":"\n<p>Una familia Vallense desafortunadamente lo perdi\u00f3 todo en un incendio ocurrido este domingo en las inmediaciones del fraccionamiento Bugambilias.<\/p>\n\n\n\n<p>Alcalde Alejandro Alan\u00eds dio instrucciones al secretario particular para que se atendiera de inmediato una brigada de Apoyo estas familias y poder generar las condiciones para que su hogar pueda ser habitable nuevamente.<\/p>\n\n\n\n<p>En coordinaci\u00f3n con dependencias municipales se atendi\u00f3 la indicaci\u00f3n del alcalde y se brind\u00f3 todo el apoyo para <a><\/a>atender a esta familia.\ufffc<\/p>\n\n\n\n<figure class=\"wp-block-image size-large\"><img loading=\"lazy\" decoding=\"async\" width=\"1024\" height=\"765\" src=\"https:\/\/periodiconuevomilenio.com\/wp-content\/uploads\/2023\/06\/350695011_202917952678542_2595732105527231631_n-1024x765.jpg\" alt=\"\" class=\"wp-image-4011\" srcset=\"https:\/\/periodiconuevomilenio.com\/wp-content\/uploads\/2023\/06\/350695011_202917952678542_2595732105527231631_n-1024x765.jpg 1024w, https:\/\/periodiconuevomilenio.com\/wp-content\/uploads\/2023\/06\/350695011_202917952678542_2595732105527231631_n-300x224.jpg 300w, https:\/\/periodiconuevomilenio.com\/wp-content\/uploads\/2023\/06\/350695011_202917952678542_2595732105527231631_n-768x574.jpg 768w, https:\/\/periodiconuevomilenio.com\/wp-content\/uploads\/2023\/06\/350695011_202917952678542_2595732105527231631_n-1536x1148.jpg 1536w, https:\/\/periodiconuevomilenio.com\/wp-content\/uploads\/2023\/06\/350695011_202917952678542_2595732105527231631_n.jpg 1600w\" sizes=\"auto, (max-width: 1024px) 100vw, 1024px\" \/><\/figure>\n\n\n\n<figure class=\"wp-block-image size-large\"><img loading=\"lazy\" decoding=\"async\" width=\"1024\" height=\"765\" src=\"https:\/\/periodiconuevomilenio.com\/wp-content\/uploads\/2023\/06\/350667400_744937174081605_1740220892810441396_n-1-1024x765.jpg\" alt=\"\" class=\"wp-image-4013\" srcset=\"https:\/\/periodiconuevomilenio.com\/wp-content\/uploads\/2023\/06\/350667400_744937174081605_1740220892810441396_n-1-1024x765.jpg 1024w, https:\/\/periodiconuevomilenio.com\/wp-content\/uploads\/2023\/06\/350667400_744937174081605_1740220892810441396_n-1-300x224.jpg 300w, https:\/\/periodiconuevomilenio.com\/wp-content\/uploads\/2023\/06\/350667400_744937174081605_1740220892810441396_n-1-768x574.jpg 768w, https:\/\/periodiconuevomilenio.com\/wp-content\/uploads\/2023\/06\/350667400_744937174081605_1740220892810441396_n-1-1536x1148.jpg 1536w, https:\/\/periodiconuevomilenio.com\/wp-content\/uploads\/2023\/06\/350667400_744937174081605_1740220892810441396_n-1.jpg 1600w\" sizes=\"auto, (max-width: 1024px) 100vw, 1024px\" \/><\/figure>\n","protected":false},"excerpt":{"rendered":"<p>Una familia Vallense desafortunadamente lo perdi\u00f3 todo en un incendio ocurrido este domingo en las inmediaciones del fraccionamiento<\/p>\n","protected":false},"author":1,"featured_media":4012,"comment_status":"open","ping_status":"open","sticky":false,"template":"","format":"standard","meta":{"jetpack_post_was_ever_published":false,"_jetpack_newsletter_access":"","_jetpack_dont_email_post_to_subs":false,"_jetpack_newsletter_tier_id":0,"_jetpack_memberships_contains_paywalled_content":false,"_jetpack_memberships_contains_paid_content":false,"footnotes":"","jetpack_publicize_message":"","jetpack_publicize_feature_enabled":false,"jetpack_social_post_already_shared":false,"jetpack_social_options":{"image_generator_settings":{"template":"highway","enabled":false},"version":2}},"categories":[39],"tags":[22],"class_list":["post-4010","post","type-post","status-publish","format-standard","has-post-thumbnail","hentry","category-valle-de-santiago","tag-valle"],"jetpack_publicize_connections":[],"jetpack_sharing_enabled":true,"jetpack_featured_media_url":"https:\/\/periodiconuevomilenio.com\/wp-content\/uploads\/2023\/06\/350667400_744937174081605_1740220892810441396_n.jpg","_links":{"self":[{"href":"https:\/\/periodiconuevomilenio.com\/index.php\/wp-json\/wp\/v2\/posts\/4010","targetHints":{"allow":["GET"]}}],"collection":[{"href":"https:\/\/periodiconuevomilenio.com\/index.php\/wp-json\/wp\/v2\/posts"}],"about":[{"href":"https:\/\/periodiconuevomilenio.com\/index.php\/wp-json\/wp\/v2\/types\/post"}],"author":[{"embeddable":true,"href":"https:\/\/periodiconuevomilenio.com\/index.php\/wp-json\/wp\/v2\/users\/1"}],"replies":[{"embeddable":true,"href":"https:\/\/periodiconuevomilenio.com\/index.php\/wp-json\/wp\/v2\/comments?post=4010"}],"version-history":[{"count":1,"href":"https:\/\/periodiconuevomilenio.com\/index.php\/wp-json\/wp\/v2\/posts\/4010\/revisions"}],"predecessor-version":[{"id":4014,"href":"https:\/\/periodiconuevomilenio.com\/index.php\/wp-json\/wp\/v2\/posts\/4010\/revisions\/4014"}],"wp:featuredmedia":[{"embeddable":true,"href":"https:\/\/periodiconuevomilenio.com\/index.php\/wp-json\/wp\/v2\/media\/4012"}],"wp:attachment":[{"href":"https:\/\/periodiconuevomilenio.com\/index.php\/wp-json\/wp\/v2\/media?parent=4010"}],"wp:term":[{"taxonomy":"category","embeddable":true,"href":"https:\/\/periodiconuevomilenio.com\/index.php\/wp-json\/wp\/v2\/categories?post=4010"},{"taxonomy":"post_tag","embeddable":true,"href":"https:\/\/periodiconuevomilenio.com\/index.php\/wp-json\/wp\/v2\/tags?post=4010"}],"curies":[{"name":"wp","href":"https:\/\/api.w.org\/{rel}","templated":true}]}}