{"id":4038,"date":"2023-06-01T18:58:38","date_gmt":"2023-06-02T00:58:38","guid":{"rendered":"https:\/\/periodiconuevomilenio.com\/?p=4038"},"modified":"2023-06-01T18:58:40","modified_gmt":"2023-06-02T00:58:40","slug":"ataque-a-balazos-en-fabrica-deataudes-en-el-cuatro-de-altamira","status":"publish","type":"post","link":"https:\/\/periodiconuevomilenio.com\/index.php\/2023\/06\/01\/ataque-a-balazos-en-fabrica-deataudes-en-el-cuatro-de-altamira\/","title":{"rendered":"ATAQUE A BALAZOS EN FABRICA DEATA\u00daDES EN EL CUATRO DE ALTAMIRA"},"content":{"rendered":"\n<p>Un Hombre&nbsp; perdi\u00f3&nbsp; vida y tres m\u00e1s est\u00e1n heridos<\/p>\n\n\n\n<p>SALAMANCA, GTO. Un muerto y tres personas lesionadas fue el saldo de un ataque a balazos a una f\u00e1brica de ata\u00fades en la comunidad de 4 de Altamira, perteneciente al municipio de Salamanca, pero muy cerca con los l\u00edmites con Valle de Santiago.<\/p>\n\n\n\n<p>De acuerdo a los primeros informes que se tiene, fue poco antes de las 5 de la tarde cuando&nbsp; reprobaron al sistema de emergencia 911 que se hab\u00edan escuchado muchos balazos en el comando y solicitaban la presencia de la polic\u00eda y ambulabais de rescate, ya que hab\u00eda personas heridas.<\/p>\n\n\n\n<p>Cuando se trasladaron al lugar los preventivos observaron varias personas que sangraban y tiradas en el piso, casi de manera inmediata ambulancias de rescate y auxilio arribaron al lugar y procedieron a revisarlos&nbsp; confinando que uno de ellos ya no contaba con signos vitales y tres m\u00e1s con heridas graves.<\/p>\n\n\n\n<p>Vecinos y familiares&nbsp; dijeron que se encontraban cargando una camioneta de ata\u00fades a la puerta de la f\u00e1brica, cuando pasaron&nbsp; personas en motos y sin decir nada sacaron armas de grueso calibre y dispararon contra los que se encontraba en el lugar.<\/p>\n\n\n\n<p>&nbsp;Aunque est\u00e1n plenamente identificados por&nbsp; sus familiares, a\u00fan no se ha dado a conocer de manera oficial, el nombre de las personas afectadas, solo se dijo que la persona que muri\u00f3 es un hombre de aproximadamente unos 55 a\u00f1os de edad&nbsp; y tres personas m\u00e1s heridas, uno de ellos adolescente.<\/p>\n\n\n\n<p>El lugar est\u00e1 custodiado&nbsp;&nbsp; por elementos del ej\u00e9rcito y polic\u00eda preventiva, mientras los agentes de investigaci\u00f3n criminal trabajan en el lugar, recabando las evidencias necesarias para saber c\u00f3mo ocurrieron los hechos y poder identificar a los asesinos, as\u00ed como la identidad de la persona que perdi\u00f3 la vida y los tres heridos<\/p>\n\n\n\n<figure class=\"wp-block-gallery has-nested-images columns-default is-cropped wp-block-gallery-1 is-layout-flex wp-block-gallery-is-layout-flex\">\n<figure class=\"wp-block-image size-large\"><img loading=\"lazy\" decoding=\"async\" width=\"843\" height=\"613\" data-id=\"4039\" src=\"https:\/\/periodiconuevomilenio.com\/wp-content\/uploads\/2023\/06\/0e7f4c2f-13d0-4a2a-902f-6b9f08ec98a7.jpg\" alt=\"\" class=\"wp-image-4039\" srcset=\"https:\/\/periodiconuevomilenio.com\/wp-content\/uploads\/2023\/06\/0e7f4c2f-13d0-4a2a-902f-6b9f08ec98a7.jpg 843w, https:\/\/periodiconuevomilenio.com\/wp-content\/uploads\/2023\/06\/0e7f4c2f-13d0-4a2a-902f-6b9f08ec98a7-300x218.jpg 300w, https:\/\/periodiconuevomilenio.com\/wp-content\/uploads\/2023\/06\/0e7f4c2f-13d0-4a2a-902f-6b9f08ec98a7-768x558.jpg 768w\" sizes=\"auto, (max-width: 843px) 100vw, 843px\" \/><\/figure>\n<\/figure>\n","protected":false},"excerpt":{"rendered":"<p>Un Hombre&nbsp; perdi\u00f3&nbsp; vida y tres m\u00e1s est\u00e1n heridos SALAMANCA, GTO. Un muerto y tres personas lesionadas fue<\/p>\n","protected":false},"author":1,"featured_media":4039,"comment_status":"open","ping_status":"open","sticky":false,"template":"","format":"standard","meta":{"jetpack_post_was_ever_published":false,"_jetpack_newsletter_access":"","_jetpack_dont_email_post_to_subs":false,"_jetpack_newsletter_tier_id":0,"_jetpack_memberships_contains_paywalled_content":false,"_jetpack_memberships_contains_paid_content":false,"footnotes":"","jetpack_publicize_message":"","jetpack_publicize_feature_enabled":false,"jetpack_social_post_already_shared":false,"jetpack_social_options":{"image_generator_settings":{"template":"highway","enabled":false},"version":2}},"categories":[48],"tags":[],"class_list":["post-4038","post","type-post","status-publish","format-standard","has-post-thumbnail","hentry","category-policiaca"],"jetpack_publicize_connections":[],"jetpack_sharing_enabled":true,"jetpack_featured_media_url":"https:\/\/periodiconuevomilenio.com\/wp-content\/uploads\/2023\/06\/0e7f4c2f-13d0-4a2a-902f-6b9f08ec98a7.jpg","_links":{"self":[{"href":"https:\/\/periodiconuevomilenio.com\/index.php\/wp-json\/wp\/v2\/posts\/4038","targetHints":{"allow":["GET"]}}],"collection":[{"href":"https:\/\/periodiconuevomilenio.com\/index.php\/wp-json\/wp\/v2\/posts"}],"about":[{"href":"https:\/\/periodiconuevomilenio.com\/index.php\/wp-json\/wp\/v2\/types\/post"}],"author":[{"embeddable":true,"href":"https:\/\/periodiconuevomilenio.com\/index.php\/wp-json\/wp\/v2\/users\/1"}],"replies":[{"embeddable":true,"href":"https:\/\/periodiconuevomilenio.com\/index.php\/wp-json\/wp\/v2\/comments?post=4038"}],"version-history":[{"count":1,"href":"https:\/\/periodiconuevomilenio.com\/index.php\/wp-json\/wp\/v2\/posts\/4038\/revisions"}],"predecessor-version":[{"id":4040,"href":"https:\/\/periodiconuevomilenio.com\/index.php\/wp-json\/wp\/v2\/posts\/4038\/revisions\/4040"}],"wp:featuredmedia":[{"embeddable":true,"href":"https:\/\/periodiconuevomilenio.com\/index.php\/wp-json\/wp\/v2\/media\/4039"}],"wp:attachment":[{"href":"https:\/\/periodiconuevomilenio.com\/index.php\/wp-json\/wp\/v2\/media?parent=4038"}],"wp:term":[{"taxonomy":"category","embeddable":true,"href":"https:\/\/periodiconuevomilenio.com\/index.php\/wp-json\/wp\/v2\/categories?post=4038"},{"taxonomy":"post_tag","embeddable":true,"href":"https:\/\/periodiconuevomilenio.com\/index.php\/wp-json\/wp\/v2\/tags?post=4038"}],"curies":[{"name":"wp","href":"https:\/\/api.w.org\/{rel}","templated":true}]}}