{"id":4081,"date":"2023-06-04T14:53:51","date_gmt":"2023-06-04T20:53:51","guid":{"rendered":"https:\/\/periodiconuevomilenio.com\/?p=4081"},"modified":"2023-06-04T14:53:53","modified_gmt":"2023-06-04T20:53:53","slug":"la-secretaria-de-seguridad-publica-del-estado-en-coordinacion-con-la-fge-y-con-el-apoyo-de-autoridades-federales-capturan-en-apaseo-el-grande-a-un-par-de-hombres-en-posesion-de-armas-largas-cartucho","status":"publish","type":"post","link":"https:\/\/periodiconuevomilenio.com\/index.php\/2023\/06\/04\/la-secretaria-de-seguridad-publica-del-estado-en-coordinacion-con-la-fge-y-con-el-apoyo-de-autoridades-federales-capturan-en-apaseo-el-grande-a-un-par-de-hombres-en-posesion-de-armas-largas-cartucho\/","title":{"rendered":"La Secretar\u00eda de Seguridad P\u00fablica del Estado en coordinaci\u00f3n con la FGE y con el apoyo de autoridades federales, capturan en Apaseo el Grande a un par de hombres en posesi\u00f3n de armas largas, cartuchos, cargadores, drogas y aseguraron un veh\u00edculo."},"content":{"rendered":"\n<p><strong>Apaseo el Grande, Gto.-<\/strong>&nbsp;La Secretar\u00eda de Seguridad P\u00fablica del Estado en coordinaci\u00f3n con la Fiscal\u00eda General del Estado y con el apoyo de autoridades federales, capturaron en este municipio a un par de hombres en posesi\u00f3n de armas largas, cartuchos \u00fatiles, cargadores, drogas y un veh\u00edculo.<\/p>\n\n\n\n<p>El hecho se deriv\u00f3 de los patrullajes implementados por&nbsp;efectivos&nbsp;de&nbsp;las diversas corporaciones de seguridad,&nbsp;cuando en las inmediaciones de la comunidad San Ram\u00f3n, los efectivos tuvieron a la vista a un par de sujetos a bordo de una camioneta tipo minivan, quienes al notar la presencia policial adoptaron una actitud evasiva.<\/p>\n\n\n\n<p>Al activar los protocolos de actuaci\u00f3n policial, los efectivos le dieron alcance al veh\u00edculo e inmediatamente se procedi\u00f3 al aseguramiento de las personas, adem\u00e1s de procederse a una revisi\u00f3n del interior del veh\u00edculo:<\/p>\n\n\n\n<p><strong>Detenidos:<\/strong><\/p>\n\n\n\n<ul class=\"wp-block-list\">\n<li>Edgar \u2018N\u2019 de 34 a\u00f1os de edad, vecino del municipio de Celaya.<\/li>\n\n\n\n<li>Dante \u2018N\u2019 de 24 a\u00f1os de edad, vecino del municipio de Celaya<\/li>\n<\/ul>\n\n\n\n<p><strong>Armamento asegurado:<\/strong><\/p>\n\n\n\n<ul class=\"wp-block-list\">\n<li>02 arma de fuego largas calibre .223.<\/li>\n\n\n\n<li>255 cartuchos \u00fatiles calibre .223.<\/li>\n\n\n\n<li>09 cargadores para arma de fuego.<\/li>\n<\/ul>\n\n\n\n<p><strong>Droga asegurada:<\/strong><\/p>\n\n\n\n<ul class=\"wp-block-list\">\n<li>1,000 dosis de mariguana.<\/li>\n\n\n\n<li>85 dosis de cristal.<\/li>\n\n\n\n<li>13 dosis de coca\u00edna.<\/li>\n<\/ul>\n\n\n\n<p><strong>Equipo de telefon\u00eda:<\/strong><\/p>\n\n\n\n<ul class=\"wp-block-list\">\n<li>05 equipos de telefon\u00eda celular.<\/li>\n<\/ul>\n\n\n\n<p><strong>Veh\u00edculo asegurado:<\/strong><\/p>\n\n\n\n<ul class=\"wp-block-list\">\n<li>01 veh\u00edculo marca Toyota, versi\u00f3n Sienna, tipo minivan, sin reporte de robo hasta el momento.<\/li>\n<\/ul>\n\n\n\n<p>Tras lo ocurrido, tanto las personas como las armas, cartuchos, cargadores, drogas y el veh\u00edculo fueron puestos a disposici\u00f3n de las autoridades competentes.<\/p>\n\n\n\n<figure class=\"wp-block-image size-full\"><img loading=\"lazy\" decoding=\"async\" width=\"849\" height=\"576\" src=\"https:\/\/periodiconuevomilenio.com\/wp-content\/uploads\/2023\/06\/1.jpg\" alt=\"\" class=\"wp-image-4083\" srcset=\"https:\/\/periodiconuevomilenio.com\/wp-content\/uploads\/2023\/06\/1.jpg 849w, https:\/\/periodiconuevomilenio.com\/wp-content\/uploads\/2023\/06\/1-300x204.jpg 300w, https:\/\/periodiconuevomilenio.com\/wp-content\/uploads\/2023\/06\/1-768x521.jpg 768w\" sizes=\"auto, (max-width: 849px) 100vw, 849px\" \/><\/figure>\n\n\n\n<figure class=\"wp-block-image size-full\"><img loading=\"lazy\" decoding=\"async\" width=\"850\" height=\"463\" src=\"https:\/\/periodiconuevomilenio.com\/wp-content\/uploads\/2023\/06\/2.jpg\" alt=\"\" class=\"wp-image-4082\" srcset=\"https:\/\/periodiconuevomilenio.com\/wp-content\/uploads\/2023\/06\/2.jpg 850w, https:\/\/periodiconuevomilenio.com\/wp-content\/uploads\/2023\/06\/2-300x163.jpg 300w, https:\/\/periodiconuevomilenio.com\/wp-content\/uploads\/2023\/06\/2-768x418.jpg 768w\" sizes=\"auto, (max-width: 850px) 100vw, 850px\" \/><\/figure>\n\n\n\n<figure class=\"wp-block-gallery has-nested-images columns-default is-cropped wp-block-gallery-1 is-layout-flex wp-block-gallery-is-layout-flex\"><\/figure>\n","protected":false},"excerpt":{"rendered":"<p>Apaseo el Grande, Gto.-&nbsp;La Secretar\u00eda de Seguridad P\u00fablica del Estado en coordinaci\u00f3n con la Fiscal\u00eda General del Estado<\/p>\n","protected":false},"author":1,"featured_media":4083,"comment_status":"open","ping_status":"open","sticky":false,"template":"","format":"standard","meta":{"jetpack_post_was_ever_published":false,"_jetpack_newsletter_access":"","_jetpack_dont_email_post_to_subs":false,"_jetpack_newsletter_tier_id":0,"_jetpack_memberships_contains_paywalled_content":false,"_jetpack_memberships_contains_paid_content":false,"footnotes":"","jetpack_publicize_message":"","jetpack_publicize_feature_enabled":false,"jetpack_social_post_already_shared":false,"jetpack_social_options":{"image_generator_settings":{"template":"highway","enabled":false},"version":2}},"categories":[31,48],"tags":[51],"class_list":["post-4081","post","type-post","status-publish","format-standard","has-post-thumbnail","hentry","category-estado","category-policiaca","tag-estado"],"jetpack_publicize_connections":[],"jetpack_sharing_enabled":true,"jetpack_featured_media_url":"https:\/\/periodiconuevomilenio.com\/wp-content\/uploads\/2023\/06\/1.jpg","_links":{"self":[{"href":"https:\/\/periodiconuevomilenio.com\/index.php\/wp-json\/wp\/v2\/posts\/4081","targetHints":{"allow":["GET"]}}],"collection":[{"href":"https:\/\/periodiconuevomilenio.com\/index.php\/wp-json\/wp\/v2\/posts"}],"about":[{"href":"https:\/\/periodiconuevomilenio.com\/index.php\/wp-json\/wp\/v2\/types\/post"}],"author":[{"embeddable":true,"href":"https:\/\/periodiconuevomilenio.com\/index.php\/wp-json\/wp\/v2\/users\/1"}],"replies":[{"embeddable":true,"href":"https:\/\/periodiconuevomilenio.com\/index.php\/wp-json\/wp\/v2\/comments?post=4081"}],"version-history":[{"count":1,"href":"https:\/\/periodiconuevomilenio.com\/index.php\/wp-json\/wp\/v2\/posts\/4081\/revisions"}],"predecessor-version":[{"id":4084,"href":"https:\/\/periodiconuevomilenio.com\/index.php\/wp-json\/wp\/v2\/posts\/4081\/revisions\/4084"}],"wp:featuredmedia":[{"embeddable":true,"href":"https:\/\/periodiconuevomilenio.com\/index.php\/wp-json\/wp\/v2\/media\/4083"}],"wp:attachment":[{"href":"https:\/\/periodiconuevomilenio.com\/index.php\/wp-json\/wp\/v2\/media?parent=4081"}],"wp:term":[{"taxonomy":"category","embeddable":true,"href":"https:\/\/periodiconuevomilenio.com\/index.php\/wp-json\/wp\/v2\/categories?post=4081"},{"taxonomy":"post_tag","embeddable":true,"href":"https:\/\/periodiconuevomilenio.com\/index.php\/wp-json\/wp\/v2\/tags?post=4081"}],"curies":[{"name":"wp","href":"https:\/\/api.w.org\/{rel}","templated":true}]}}