{"id":4117,"date":"2023-06-07T01:26:53","date_gmt":"2023-06-07T07:26:53","guid":{"rendered":"https:\/\/periodiconuevomilenio.com\/?p=4117"},"modified":"2023-06-07T01:29:47","modified_gmt":"2023-06-07T07:29:47","slug":"hoy-7-de-junio","status":"publish","type":"post","link":"https:\/\/periodiconuevomilenio.com\/index.php\/2023\/06\/07\/hoy-7-de-junio\/","title":{"rendered":"Hoy, 7 de junio"},"content":{"rendered":"\n<p>D\u00cdA DE LA LIBERTAD DE EXPRESI\u00d3N&#8230;<\/p>\n\n\n\n<p>DESDE, la m\u00e1s remota antig\u00fcedad,&nbsp; el hombre busc\u00f3 la forma de expresarse y manifestar sus ideas. En principio,&nbsp; mediante las se\u00f1as y gesticulaciones y cuando aprendi\u00f3 a hablar, trato de encontrar la forma de expresar sus ideas, sus sentimientos. Fue un proceso largo que fue perfeccion\u00e1ndose y que no fue sencillo, pues, la libertad de expresi\u00f3n,&nbsp; costar\u00eda muchas vidas hasta&nbsp; que, finalmente,&nbsp; se logr\u00f3 plasmar en nuestra Carta Magna.<\/p>\n\n\n\n<p>Hoy, es un derecho constitucional que ejercemos con toda libertad y que con la llegada de las redes sociales, se ha visto trastocado de forma tal, que ahora, con un tel\u00e9fono celular en la mano, ejercemos esa libertad sin darnos cuenta en que momento,&nbsp; rebasamos la delgada l\u00ednea que separa la libertad, del libertinaje.<\/p>\n\n\n\n<p>Las redes sociales han permitido que, cualquier persona sin la menor idea de lo que hace, sin conocimiento del poder de esta arma, sin ning\u00fan medio de comunicaci\u00f3n que lo respalde, sin responsabilidad alguna y sin una ley que lo regule (cosa que si tenemos los que contamos con una trayectoria period\u00edstica), se erigen como \u00abperiodistas\u00bb y se convierten en pont\u00edfices de la pluma, sin medir riesgos de lo que dicen y hacen.<\/p>\n\n\n\n<p>Sin darse cuenta de que el poder de la libertad de expresi\u00f3n,&nbsp; es un estilete que puede elevar o matar figuradamente hablando a una persona. Que puede destruir reputaciones, cuando sus ataques van en contra de la vida de una persona o de su familia.<\/p>\n\n\n\n<p>Considerando que esos se\u00f1alamientos&nbsp; tienen en la mayor\u00eda de las ocasiones de gentes sin escr\u00fapulos, sin conocimientos b\u00e1sicos de lo que es esta labor, sin respaldo de alg\u00fan medio informativo y desde el anonimato,&nbsp; quienes hacen esto, denigran la labor de quienes hemos abrazado esta profesi\u00f3n,&nbsp; como un apostolado.<\/p>\n\n\n\n<p>Y aunque no somos poseedores de la verdad absoluta, creo que nadie la tiene y tenemos errores como cualquier ser humano, nos respalda un medio period\u00edstico y muchos a\u00f1os de experiencia.&nbsp; De estar al pie del ca\u00f1\u00f3n,&nbsp; corriendo los riesgos propios de nuestra profesi\u00f3n, en el que muchos compa\u00f1eros han ca\u00eddo en el cumplimiento del sagrado deber de informar, de manera veraz y oportuna a la ciudadan\u00eda,&nbsp; del diario acontecer de un municipio,&nbsp; de una regi\u00f3n, de un estado, de un pa\u00eds y hasta del mundo.<\/p>\n\n\n\n<p>Y esta degradaci\u00f3n que se da a causa de quienes se sienten todopoderosos por el simple hecho de tener un tel\u00e9fono y redes sociales, ocasionan la perdida del respeto que antes nos profesaban las autoridades y la misma ciudadan\u00eda.<\/p>\n\n\n\n<p>Confundiendo lo que es la noble y dif\u00edcil tarea de informar,&nbsp; con los chismes de banqueta que dan a conocer esta oleada de nuevos \u00abcomunicadores\u00bb quienes sin escr\u00fapulos y sin responsabilidad alguna, desde la cobard\u00eda del anonimato, se sienten los nuevos dioses de la comunicaci\u00f3n cuando no son m\u00e1s que remedos de lo que es verdaderamente un comunicador.<\/p>\n\n\n\n<p>Y desemboca en que luego de ser una profesi\u00f3n respetada, ahora nos ninguneen al compararnos con estos pasquineros de la informaci\u00f3n&nbsp; cibern\u00e9tica y esto conduzca a muchas autoridades a denigrar esta noble profesi\u00f3n y contratar a quienes han dado al traste con la noble profesi\u00f3n del comunicador.<\/p>\n\n\n\n<p>Y esas autoridades creen que con la creaci\u00f3n de una p\u00e1gina para difundir sus logros, tienen un enlace con la ciudadan\u00eda.&nbsp; Sin ver que al ciudadano le vale un comino,&nbsp; el oficialismo y estas p\u00e1ginas solo sirven para hacer recordatorios maternales a la autoridad en turno.<\/p>\n\n\n\n<p>Recordamos con nostalgia, aquellos tiempos en que las autoridades,&nbsp; los pol\u00edticos y la sociedad civil, se peleaban el derecho de organizar los homenajes a los comunicadores.<\/p>\n\n\n\n<p>El 7 de junio. D\u00cdA DE LA LIBERTAD DE EXPRESI\u00d3N han pasado a ser una fecha m\u00e1s, que muy pocos recuerdan y todo gracias a las \u00abbenditas redes sociales\u00bb que han provocado una verdadera plaga de panfleteros,&nbsp; que se autodenominan \u00abperiodistas\u00bb son contar con la trayectoria, la experiencia y el respaldo de un medio de comunicaci\u00f3n.&nbsp; Felicidades a los colegas que, en su andar, se han convertido en periodistas&nbsp; y que, arriesgando sus propias vidas, han cumplido con la noble tarea de informar<\/p>\n\n\n\n<p><\/p>\n\n\n\n<figure class=\"wp-block-image size-large\"><img loading=\"lazy\" decoding=\"async\" width=\"1024\" height=\"768\" src=\"https:\/\/periodiconuevomilenio.com\/wp-content\/uploads\/2023\/06\/c588b4e5-cb16-4c92-834c-53e38b3281eb-1024x768.jpg\" alt=\"\" class=\"wp-image-4118\" srcset=\"https:\/\/periodiconuevomilenio.com\/wp-content\/uploads\/2023\/06\/c588b4e5-cb16-4c92-834c-53e38b3281eb-1024x768.jpg 1024w, https:\/\/periodiconuevomilenio.com\/wp-content\/uploads\/2023\/06\/c588b4e5-cb16-4c92-834c-53e38b3281eb-300x225.jpg 300w, https:\/\/periodiconuevomilenio.com\/wp-content\/uploads\/2023\/06\/c588b4e5-cb16-4c92-834c-53e38b3281eb-768x576.jpg 768w, https:\/\/periodiconuevomilenio.com\/wp-content\/uploads\/2023\/06\/c588b4e5-cb16-4c92-834c-53e38b3281eb-1536x1152.jpg 1536w, https:\/\/periodiconuevomilenio.com\/wp-content\/uploads\/2023\/06\/c588b4e5-cb16-4c92-834c-53e38b3281eb.jpg 1600w\" sizes=\"auto, (max-width: 1024px) 100vw, 1024px\" \/><\/figure>\n","protected":false},"excerpt":{"rendered":"<p>D\u00cdA DE LA LIBERTAD DE EXPRESI\u00d3N&#8230; DESDE, la m\u00e1s remota antig\u00fcedad,&nbsp; el hombre busc\u00f3 la forma de expresarse<\/p>\n","protected":false},"author":1,"featured_media":4118,"comment_status":"open","ping_status":"open","sticky":false,"template":"","format":"standard","meta":{"jetpack_post_was_ever_published":false,"_jetpack_newsletter_access":"","_jetpack_dont_email_post_to_subs":false,"_jetpack_newsletter_tier_id":0,"_jetpack_memberships_contains_paywalled_content":false,"_jetpack_memberships_contains_paid_content":false,"footnotes":"","jetpack_publicize_message":"","jetpack_publicize_feature_enabled":false,"jetpack_social_post_already_shared":false,"jetpack_social_options":{"image_generator_settings":{"template":"highway","enabled":false},"version":2}},"categories":[43],"tags":[22],"class_list":["post-4117","post","type-post","status-publish","format-standard","has-post-thumbnail","hentry","category-editoriales","tag-valle"],"jetpack_publicize_connections":[],"jetpack_sharing_enabled":true,"jetpack_featured_media_url":"https:\/\/periodiconuevomilenio.com\/wp-content\/uploads\/2023\/06\/c588b4e5-cb16-4c92-834c-53e38b3281eb.jpg","_links":{"self":[{"href":"https:\/\/periodiconuevomilenio.com\/index.php\/wp-json\/wp\/v2\/posts\/4117","targetHints":{"allow":["GET"]}}],"collection":[{"href":"https:\/\/periodiconuevomilenio.com\/index.php\/wp-json\/wp\/v2\/posts"}],"about":[{"href":"https:\/\/periodiconuevomilenio.com\/index.php\/wp-json\/wp\/v2\/types\/post"}],"author":[{"embeddable":true,"href":"https:\/\/periodiconuevomilenio.com\/index.php\/wp-json\/wp\/v2\/users\/1"}],"replies":[{"embeddable":true,"href":"https:\/\/periodiconuevomilenio.com\/index.php\/wp-json\/wp\/v2\/comments?post=4117"}],"version-history":[{"count":2,"href":"https:\/\/periodiconuevomilenio.com\/index.php\/wp-json\/wp\/v2\/posts\/4117\/revisions"}],"predecessor-version":[{"id":4120,"href":"https:\/\/periodiconuevomilenio.com\/index.php\/wp-json\/wp\/v2\/posts\/4117\/revisions\/4120"}],"wp:featuredmedia":[{"embeddable":true,"href":"https:\/\/periodiconuevomilenio.com\/index.php\/wp-json\/wp\/v2\/media\/4118"}],"wp:attachment":[{"href":"https:\/\/periodiconuevomilenio.com\/index.php\/wp-json\/wp\/v2\/media?parent=4117"}],"wp:term":[{"taxonomy":"category","embeddable":true,"href":"https:\/\/periodiconuevomilenio.com\/index.php\/wp-json\/wp\/v2\/categories?post=4117"},{"taxonomy":"post_tag","embeddable":true,"href":"https:\/\/periodiconuevomilenio.com\/index.php\/wp-json\/wp\/v2\/tags?post=4117"}],"curies":[{"name":"wp","href":"https:\/\/api.w.org\/{rel}","templated":true}]}}