{"id":4122,"date":"2023-06-07T09:39:14","date_gmt":"2023-06-07T15:39:14","guid":{"rendered":"https:\/\/periodiconuevomilenio.com\/?p=4122"},"modified":"2023-06-07T09:39:16","modified_gmt":"2023-06-07T15:39:16","slug":"la-secretaria-de-seguridad-publica-del-estado-en-coordinacion-con-la-fge-y-con-el-apoyo-de-autoridades-federales-capturan-en-valle-de-santiago-a-tres-integrantes-de-una-celula-delictiva","status":"publish","type":"post","link":"https:\/\/periodiconuevomilenio.com\/index.php\/2023\/06\/07\/la-secretaria-de-seguridad-publica-del-estado-en-coordinacion-con-la-fge-y-con-el-apoyo-de-autoridades-federales-capturan-en-valle-de-santiago-a-tres-integrantes-de-una-celula-delictiva\/","title":{"rendered":"La Secretar\u00eda de Seguridad P\u00fablica del Estado en coordinaci\u00f3n con la FGE y con el apoyo de autoridades federales, capturan en Valle de Santiago a tres integrantes de una c\u00e9lula delictiva"},"content":{"rendered":"\n<ul class=\"wp-block-list\">\n<li><strong>Estaban en posesi\u00f3n de armamento, equipo t\u00e1ctico, un marro, equipo de telefon\u00eda y un veh\u00edculo.<\/strong><\/li>\n<\/ul>\n\n\n\n<p><strong>Valle de Santiago, Gto., 06&nbsp;de&nbsp;junio de&nbsp;2023.-<\/strong>&nbsp;La Secretar\u00eda de Seguridad P\u00fablica del Estado en coordinaci\u00f3n con la Fiscal\u00eda General del Estado y con el apoyo de autoridades federales, capturaron en este municipio a tres sujetos que dijeron pertenecer a una c\u00e9lula delictiva que operaba en la localidad. A los detenidos se les asegur\u00f3 armamento, equipo t\u00e1ctico, un marro, equipo de telefon\u00eda celular y un veh\u00edculo.<\/p>\n\n\n\n<p>El hecho se deriv\u00f3 de los patrullajes implementados por&nbsp;efectivos&nbsp;de&nbsp;las diversas corporaciones de seguridad,&nbsp;cuando sobre el camino de terracer\u00eda que conduce a la comunidad de Antigua Hacienda del Manzano, al norte del municipio, los efectivos tuvieron a la vista a tres sujetos a bordo de una camioneta que presentaba un neum\u00e1tico ponchado.<\/p>\n\n\n\n<p>Al aproximarse las patrullas, estos hombres intentan darse a la fuga en el mismo veh\u00edculo, pero en su prisa por pretender escapar, pierden el control y se estrellan contra un \u00e1rbol y ah\u00ed detienen su carrera. Luego, dos de los sujetos descienden para darse a la fuga pie a tierra.<\/p>\n\n\n\n<p>Al activar los protocolos de actuaci\u00f3n, los efectivos realizan una inspecci\u00f3n de seguridad al interior de la camioneta, donde se visualiza a un hombre lesionado, aparentemente por proyectil de arma de fuego, siendo trasladado a un centro hospitalario donde se inform\u00f3 que sus heridas no son de gravedad. Seg\u00fan versi\u00f3n de esta persona, refiri\u00f3 haber sido lesionada por integrantes de un grupo delictivo contrario<\/p>\n\n\n\n<p>En tanto, al continuar con el despliegue operativo para la b\u00fasqueda y captura de los dem\u00e1s sujetos, se logra la detenci\u00f3n de dos m\u00e1s. Estos \u00faltimos, refirieron tambi\u00e9n ser integrantes de una c\u00e9lula delictiva que operaba en el municipio de Valle de Santiago.<\/p>\n\n\n\n<p><strong>Detenidos:<\/strong><\/p>\n\n\n\n<ul class=\"wp-block-list\">\n<li>Nicol\u00e1s \u00abN\u00bb de 37 a\u00f1os, vecino de la colonia La Gloria, Villa de Veracruz, en Colima (con mandamiento judicial vigente).<\/li>\n<\/ul>\n\n\n\n<ul class=\"wp-block-list\">\n<li>Roberto \u00abN\u00bb de 19 a\u00f1os, vecino de la colonia Cam\u00e9mbaro, Valle de Santiago, Gto., (con mandamiento judicial vigente).<\/li>\n<\/ul>\n\n\n\n<ul class=\"wp-block-list\">\n<li>Brayan \u00abN\u00bb de 21 a\u00f1os, vecino de la colonia La Loma, Valle de Santiago, Gto., (presentaba lesiones que no ponen en peligro la vida y es la persona que refiere que fue herida por un grupo contrario).<\/li>\n<\/ul>\n\n\n\n<p><strong>Armamento asegurado:<\/strong><\/p>\n\n\n\n<ul class=\"wp-block-list\">\n<li>01 arma de fuego larga, calibre 5.56.<\/li>\n\n\n\n<li>01 arma corta calibre .9 mm.<\/li>\n\n\n\n<li>03 chalecos bal\u00edsticos.<\/li>\n\n\n\n<li>02 cargadores para arma larga.<\/li>\n\n\n\n<li>68 cartuchos para arma larga, calibre .223.<\/li>\n\n\n\n<li>62 cartuchos para arma larga, calibre 5.56.<\/li>\n<\/ul>\n\n\n\n<p><strong>Objeto contundente asegurado:<\/strong><\/p>\n\n\n\n<ul class=\"wp-block-list\">\n<li>01 un marro<\/li>\n<\/ul>\n\n\n\n<p><strong>Equipo de telefon\u00eda asegurado:<\/strong><\/p>\n\n\n\n<ul class=\"wp-block-list\">\n<li>05 equipos de telefon\u00eda celular.<\/li>\n<\/ul>\n\n\n\n<p><strong>Veh\u00edculo asegurado:<\/strong><\/p>\n\n\n\n<ul class=\"wp-block-list\">\n<li>01 veh\u00edculo marca Nissan modelo Tit\u00e1n, con placas de procedencia extrajera, pero con reporte de robo<\/li>\n<\/ul>\n\n\n\n<p>Tras lo ocurrido, los detenidos, las armas, cartuchos, cargadores, el objeto contundente y el veh\u00edculo, fueron puestos a disposici\u00f3n de la autoridad competente.<\/p>\n\n\n\n<figure class=\"wp-block-gallery has-nested-images columns-default is-cropped wp-block-gallery-1 is-layout-flex wp-block-gallery-is-layout-flex\"><\/figure>\n\n\n\n<figure class=\"wp-block-gallery has-nested-images columns-default is-cropped wp-block-gallery-2 is-layout-flex wp-block-gallery-is-layout-flex\">\n<figure class=\"wp-block-image size-large\"><img loading=\"lazy\" decoding=\"async\" width=\"64\" height=\"80\" data-id=\"4123\" src=\"https:\/\/periodiconuevomilenio.com\/wp-content\/uploads\/2023\/06\/3.png\" alt=\"\" class=\"wp-image-4123\"\/><\/figure>\n\n\n\n<figure class=\"wp-block-image size-large\"><img loading=\"lazy\" decoding=\"async\" width=\"858\" height=\"872\" data-id=\"4127\" src=\"https:\/\/periodiconuevomilenio.com\/wp-content\/uploads\/2023\/06\/4.png\" alt=\"\" class=\"wp-image-4127\" srcset=\"https:\/\/periodiconuevomilenio.com\/wp-content\/uploads\/2023\/06\/4.png 858w, https:\/\/periodiconuevomilenio.com\/wp-content\/uploads\/2023\/06\/4-295x300.png 295w, https:\/\/periodiconuevomilenio.com\/wp-content\/uploads\/2023\/06\/4-768x781.png 768w\" sizes=\"auto, (max-width: 858px) 100vw, 858px\" \/><\/figure>\n\n\n\n<figure class=\"wp-block-image size-large\"><img loading=\"lazy\" decoding=\"async\" width=\"1024\" height=\"342\" data-id=\"4126\" src=\"https:\/\/periodiconuevomilenio.com\/wp-content\/uploads\/2023\/06\/5-1024x342.png\" alt=\"\" class=\"wp-image-4126\" srcset=\"https:\/\/periodiconuevomilenio.com\/wp-content\/uploads\/2023\/06\/5-1024x342.png 1024w, https:\/\/periodiconuevomilenio.com\/wp-content\/uploads\/2023\/06\/5-300x100.png 300w, https:\/\/periodiconuevomilenio.com\/wp-content\/uploads\/2023\/06\/5-768x257.png 768w, https:\/\/periodiconuevomilenio.com\/wp-content\/uploads\/2023\/06\/5.png 1232w\" sizes=\"auto, (max-width: 1024px) 100vw, 1024px\" \/><\/figure>\n\n\n\n<figure class=\"wp-block-image size-large\"><img loading=\"lazy\" decoding=\"async\" width=\"64\" height=\"80\" data-id=\"4125\" src=\"https:\/\/periodiconuevomilenio.com\/wp-content\/uploads\/2023\/06\/1.png\" alt=\"\" class=\"wp-image-4125\"\/><\/figure>\n\n\n\n<figure class=\"wp-block-image size-large\"><img loading=\"lazy\" decoding=\"async\" width=\"64\" height=\"80\" data-id=\"4124\" src=\"https:\/\/periodiconuevomilenio.com\/wp-content\/uploads\/2023\/06\/2.png\" alt=\"\" class=\"wp-image-4124\"\/><\/figure>\n<\/figure>\n","protected":false},"excerpt":{"rendered":"<p>Valle de Santiago, Gto., 06&nbsp;de&nbsp;junio de&nbsp;2023.-&nbsp;La Secretar\u00eda de Seguridad P\u00fablica del Estado en coordinaci\u00f3n con la Fiscal\u00eda General<\/p>\n","protected":false},"author":1,"featured_media":4127,"comment_status":"open","ping_status":"open","sticky":false,"template":"","format":"standard","meta":{"jetpack_post_was_ever_published":false,"_jetpack_newsletter_access":"","_jetpack_dont_email_post_to_subs":false,"_jetpack_newsletter_tier_id":0,"_jetpack_memberships_contains_paywalled_content":false,"_jetpack_memberships_contains_paid_content":false,"footnotes":"","jetpack_publicize_message":"","jetpack_publicize_feature_enabled":false,"jetpack_social_post_already_shared":false,"jetpack_social_options":{"image_generator_settings":{"template":"highway","enabled":false},"version":2}},"categories":[48,39],"tags":[22],"class_list":["post-4122","post","type-post","status-publish","format-standard","has-post-thumbnail","hentry","category-policiaca","category-valle-de-santiago","tag-valle"],"jetpack_publicize_connections":[],"jetpack_sharing_enabled":true,"jetpack_featured_media_url":"https:\/\/periodiconuevomilenio.com\/wp-content\/uploads\/2023\/06\/4.png","_links":{"self":[{"href":"https:\/\/periodiconuevomilenio.com\/index.php\/wp-json\/wp\/v2\/posts\/4122","targetHints":{"allow":["GET"]}}],"collection":[{"href":"https:\/\/periodiconuevomilenio.com\/index.php\/wp-json\/wp\/v2\/posts"}],"about":[{"href":"https:\/\/periodiconuevomilenio.com\/index.php\/wp-json\/wp\/v2\/types\/post"}],"author":[{"embeddable":true,"href":"https:\/\/periodiconuevomilenio.com\/index.php\/wp-json\/wp\/v2\/users\/1"}],"replies":[{"embeddable":true,"href":"https:\/\/periodiconuevomilenio.com\/index.php\/wp-json\/wp\/v2\/comments?post=4122"}],"version-history":[{"count":1,"href":"https:\/\/periodiconuevomilenio.com\/index.php\/wp-json\/wp\/v2\/posts\/4122\/revisions"}],"predecessor-version":[{"id":4128,"href":"https:\/\/periodiconuevomilenio.com\/index.php\/wp-json\/wp\/v2\/posts\/4122\/revisions\/4128"}],"wp:featuredmedia":[{"embeddable":true,"href":"https:\/\/periodiconuevomilenio.com\/index.php\/wp-json\/wp\/v2\/media\/4127"}],"wp:attachment":[{"href":"https:\/\/periodiconuevomilenio.com\/index.php\/wp-json\/wp\/v2\/media?parent=4122"}],"wp:term":[{"taxonomy":"category","embeddable":true,"href":"https:\/\/periodiconuevomilenio.com\/index.php\/wp-json\/wp\/v2\/categories?post=4122"},{"taxonomy":"post_tag","embeddable":true,"href":"https:\/\/periodiconuevomilenio.com\/index.php\/wp-json\/wp\/v2\/tags?post=4122"}],"curies":[{"name":"wp","href":"https:\/\/api.w.org\/{rel}","templated":true}]}}