{"id":4159,"date":"2023-06-07T16:46:20","date_gmt":"2023-06-07T22:46:20","guid":{"rendered":"https:\/\/periodiconuevomilenio.com\/?p=4159"},"modified":"2023-06-07T16:46:22","modified_gmt":"2023-06-07T22:46:22","slug":"estrenan-patrullas-de-genero-en-valle-de-santiago","status":"publish","type":"post","link":"https:\/\/periodiconuevomilenio.com\/index.php\/2023\/06\/07\/estrenan-patrullas-de-genero-en-valle-de-santiago\/","title":{"rendered":"Estrenan \u00abPatrullas de G\u00e9nero\u00bb en Valle de Santiago"},"content":{"rendered":"\n<p>VALLE DE SANTIAGO, GTO.- Desde hace ya algunos d\u00edas&nbsp; se encuentra en funciones y trabajado&nbsp; en atender las denuncias que se presentan en este municipio&nbsp; \u201cLa Unidad de G\u00e9nero\u201d que son patrullas para la atenci\u00f3n de violencia de g\u00e9nero.<\/p>\n\n\n\n<p>Las Patrullas de G\u00e9nero fungir\u00e1n como un mecanismo de reacci\u00f3n y atenci\u00f3n inmediata para los casos de violencia de g\u00e9nero, siendo adem\u00e1s promotoras de igualdad y protecci\u00f3n en las distintas escuelas&nbsp; del municipio.<\/p>\n\n\n\n<p>Se mantendr\u00e1n muy al pendiente de temas&nbsp; contra el acoso sexual, callejero, en el cual tienen la instrucci\u00f3n precisa de actuar de inmediato, esta unidad debe ser manejada por personal femenino de la Comisaria&nbsp; de seguridad p\u00fablica Municipal.<\/p>\n\n\n\n<p>El firme objetivo es el&nbsp; de fortalecer las acciones de atenci\u00f3n a Violencia de G\u00e9nero, la Secretar\u00eda de Seguridad habilit\u00f3&nbsp; una&nbsp; patrullas para servicio de Polic\u00eda de G\u00e9nero, unidades que se suman a las dem\u00e1s unidades&nbsp; y est\u00e1 ya est\u00e1 en operaci\u00f3n.<\/p>\n\n\n\n<figure class=\"wp-block-gallery has-nested-images columns-default is-cropped wp-block-gallery-1 is-layout-flex wp-block-gallery-is-layout-flex\">\n<figure class=\"wp-block-image size-large\"><img loading=\"lazy\" decoding=\"async\" width=\"1024\" height=\"683\" data-id=\"4160\" src=\"https:\/\/periodiconuevomilenio.com\/wp-content\/uploads\/2023\/06\/img_6658-1024x683.jpg\" alt=\"\" class=\"wp-image-4160\" srcset=\"https:\/\/periodiconuevomilenio.com\/wp-content\/uploads\/2023\/06\/img_6658-1024x683.jpg 1024w, https:\/\/periodiconuevomilenio.com\/wp-content\/uploads\/2023\/06\/img_6658-300x200.jpg 300w, https:\/\/periodiconuevomilenio.com\/wp-content\/uploads\/2023\/06\/img_6658-768x512.jpg 768w, https:\/\/periodiconuevomilenio.com\/wp-content\/uploads\/2023\/06\/img_6658-1536x1024.jpg 1536w, https:\/\/periodiconuevomilenio.com\/wp-content\/uploads\/2023\/06\/img_6658-2048x1365.jpg 2048w\" sizes=\"auto, (max-width: 1024px) 100vw, 1024px\" \/><\/figure>\n\n\n\n<figure class=\"wp-block-image size-large\"><img loading=\"lazy\" decoding=\"async\" width=\"1024\" height=\"683\" data-id=\"4161\" src=\"https:\/\/periodiconuevomilenio.com\/wp-content\/uploads\/2023\/06\/img_6215-1024x683.jpg\" alt=\"\" class=\"wp-image-4161\" srcset=\"https:\/\/periodiconuevomilenio.com\/wp-content\/uploads\/2023\/06\/img_6215-1024x683.jpg 1024w, https:\/\/periodiconuevomilenio.com\/wp-content\/uploads\/2023\/06\/img_6215-300x200.jpg 300w, https:\/\/periodiconuevomilenio.com\/wp-content\/uploads\/2023\/06\/img_6215-768x512.jpg 768w, https:\/\/periodiconuevomilenio.com\/wp-content\/uploads\/2023\/06\/img_6215-1536x1024.jpg 1536w, https:\/\/periodiconuevomilenio.com\/wp-content\/uploads\/2023\/06\/img_6215-2048x1365.jpg 2048w\" sizes=\"auto, (max-width: 1024px) 100vw, 1024px\" \/><\/figure>\n<\/figure>\n","protected":false},"excerpt":{"rendered":"<p>VALLE DE SANTIAGO, GTO.- Desde hace ya algunos d\u00edas&nbsp; se encuentra en funciones y trabajado&nbsp; en atender las<\/p>\n","protected":false},"author":1,"featured_media":4160,"comment_status":"open","ping_status":"open","sticky":false,"template":"","format":"standard","meta":{"jetpack_post_was_ever_published":false,"_jetpack_newsletter_access":"","_jetpack_dont_email_post_to_subs":false,"_jetpack_newsletter_tier_id":0,"_jetpack_memberships_contains_paywalled_content":false,"_jetpack_memberships_contains_paid_content":false,"footnotes":"","jetpack_publicize_message":"","jetpack_publicize_feature_enabled":false,"jetpack_social_post_already_shared":false,"jetpack_social_options":{"image_generator_settings":{"template":"highway","enabled":false},"version":2}},"categories":[48,39],"tags":[22],"class_list":["post-4159","post","type-post","status-publish","format-standard","has-post-thumbnail","hentry","category-policiaca","category-valle-de-santiago","tag-valle"],"jetpack_publicize_connections":[],"jetpack_sharing_enabled":true,"jetpack_featured_media_url":"https:\/\/periodiconuevomilenio.com\/wp-content\/uploads\/2023\/06\/img_6658-scaled.jpg","_links":{"self":[{"href":"https:\/\/periodiconuevomilenio.com\/index.php\/wp-json\/wp\/v2\/posts\/4159","targetHints":{"allow":["GET"]}}],"collection":[{"href":"https:\/\/periodiconuevomilenio.com\/index.php\/wp-json\/wp\/v2\/posts"}],"about":[{"href":"https:\/\/periodiconuevomilenio.com\/index.php\/wp-json\/wp\/v2\/types\/post"}],"author":[{"embeddable":true,"href":"https:\/\/periodiconuevomilenio.com\/index.php\/wp-json\/wp\/v2\/users\/1"}],"replies":[{"embeddable":true,"href":"https:\/\/periodiconuevomilenio.com\/index.php\/wp-json\/wp\/v2\/comments?post=4159"}],"version-history":[{"count":1,"href":"https:\/\/periodiconuevomilenio.com\/index.php\/wp-json\/wp\/v2\/posts\/4159\/revisions"}],"predecessor-version":[{"id":4162,"href":"https:\/\/periodiconuevomilenio.com\/index.php\/wp-json\/wp\/v2\/posts\/4159\/revisions\/4162"}],"wp:featuredmedia":[{"embeddable":true,"href":"https:\/\/periodiconuevomilenio.com\/index.php\/wp-json\/wp\/v2\/media\/4160"}],"wp:attachment":[{"href":"https:\/\/periodiconuevomilenio.com\/index.php\/wp-json\/wp\/v2\/media?parent=4159"}],"wp:term":[{"taxonomy":"category","embeddable":true,"href":"https:\/\/periodiconuevomilenio.com\/index.php\/wp-json\/wp\/v2\/categories?post=4159"},{"taxonomy":"post_tag","embeddable":true,"href":"https:\/\/periodiconuevomilenio.com\/index.php\/wp-json\/wp\/v2\/tags?post=4159"}],"curies":[{"name":"wp","href":"https:\/\/api.w.org\/{rel}","templated":true}]}}