{"id":4164,"date":"2023-06-07T22:41:20","date_gmt":"2023-06-08T04:41:20","guid":{"rendered":"https:\/\/periodiconuevomilenio.com\/?p=4164"},"modified":"2023-06-07T22:41:22","modified_gmt":"2023-06-08T04:41:22","slug":"intento-asesinar-a-su-vecino-por-viejas-rencillas","status":"publish","type":"post","link":"https:\/\/periodiconuevomilenio.com\/index.php\/2023\/06\/07\/intento-asesinar-a-su-vecino-por-viejas-rencillas\/","title":{"rendered":"INTENT\u00d3 ASESINAR A SU VECINO POR VIEJAS RENCILLAS"},"content":{"rendered":"\n<p>Elementos de la Agencia de Investigaci\u00f3n Criminal ubicaron y detuvieron con orden de aprehensi\u00f3n a JOS\u00c9 EDUARDO \u201cN\u201d, inculpado de atentar contra la vida de su vecino, a quien lesion\u00f3 con un arma blanca en el municipio de Jaral del Progreso. La agresi\u00f3n deriv\u00f3 de viejas rencillas, ambos tienen su domicilio en la comunidad de Providencia y fue el 07 de noviembre de 2020, por la ma\u00f1ana, cuando el ofendido subi\u00f3 a su bicicleta para comenzar su recorrido, a unos metros de su casa fue alcanzado por el imputado, quien le propin\u00f3 varios piquetes con una navaja en la espalda. El lesionado como pudo, se defendi\u00f3 con la cadena con la que protege su bicicleta y logr\u00f3 salvar su vida. El Juez, al conocer las pruebas presentadas por la Fiscal\u00eda, que constatan lo sucedido, determin\u00f3 enviar a prisi\u00f3n al presunto responsable, vinculado a proceso penal por el delito de homicidio en grado de tentativa, mientras se determina su sentencia.<\/p>\n\n\n\n<figure class=\"wp-block-image size-large\"><img loading=\"lazy\" decoding=\"async\" width=\"1024\" height=\"527\" src=\"https:\/\/periodiconuevomilenio.com\/wp-content\/uploads\/2023\/06\/3214-1024x527.jpg\" alt=\"\" class=\"wp-image-4165\" srcset=\"https:\/\/periodiconuevomilenio.com\/wp-content\/uploads\/2023\/06\/3214-1024x527.jpg 1024w, https:\/\/periodiconuevomilenio.com\/wp-content\/uploads\/2023\/06\/3214-300x154.jpg 300w, https:\/\/periodiconuevomilenio.com\/wp-content\/uploads\/2023\/06\/3214-768x395.jpg 768w, https:\/\/periodiconuevomilenio.com\/wp-content\/uploads\/2023\/06\/3214.jpg 1280w\" sizes=\"auto, (max-width: 1024px) 100vw, 1024px\" \/><\/figure>\n","protected":false},"excerpt":{"rendered":"<p>Elementos de la Agencia de Investigaci\u00f3n Criminal ubicaron y detuvieron con orden de aprehensi\u00f3n a JOS\u00c9 EDUARDO \u201cN\u201d,<\/p>\n","protected":false},"author":1,"featured_media":4165,"comment_status":"open","ping_status":"open","sticky":false,"template":"","format":"standard","meta":{"jetpack_post_was_ever_published":false,"_jetpack_newsletter_access":"","_jetpack_dont_email_post_to_subs":false,"_jetpack_newsletter_tier_id":0,"_jetpack_memberships_contains_paywalled_content":false,"_jetpack_memberships_contains_paid_content":false,"footnotes":"","jetpack_publicize_message":"","jetpack_publicize_feature_enabled":false,"jetpack_social_post_already_shared":false,"jetpack_social_options":{"image_generator_settings":{"template":"highway","enabled":false},"version":2}},"categories":[48],"tags":[23],"class_list":["post-4164","post","type-post","status-publish","format-standard","has-post-thumbnail","hentry","category-policiaca","tag-jaral"],"jetpack_publicize_connections":[],"jetpack_sharing_enabled":true,"jetpack_featured_media_url":"https:\/\/periodiconuevomilenio.com\/wp-content\/uploads\/2023\/06\/3214.jpg","_links":{"self":[{"href":"https:\/\/periodiconuevomilenio.com\/index.php\/wp-json\/wp\/v2\/posts\/4164","targetHints":{"allow":["GET"]}}],"collection":[{"href":"https:\/\/periodiconuevomilenio.com\/index.php\/wp-json\/wp\/v2\/posts"}],"about":[{"href":"https:\/\/periodiconuevomilenio.com\/index.php\/wp-json\/wp\/v2\/types\/post"}],"author":[{"embeddable":true,"href":"https:\/\/periodiconuevomilenio.com\/index.php\/wp-json\/wp\/v2\/users\/1"}],"replies":[{"embeddable":true,"href":"https:\/\/periodiconuevomilenio.com\/index.php\/wp-json\/wp\/v2\/comments?post=4164"}],"version-history":[{"count":1,"href":"https:\/\/periodiconuevomilenio.com\/index.php\/wp-json\/wp\/v2\/posts\/4164\/revisions"}],"predecessor-version":[{"id":4166,"href":"https:\/\/periodiconuevomilenio.com\/index.php\/wp-json\/wp\/v2\/posts\/4164\/revisions\/4166"}],"wp:featuredmedia":[{"embeddable":true,"href":"https:\/\/periodiconuevomilenio.com\/index.php\/wp-json\/wp\/v2\/media\/4165"}],"wp:attachment":[{"href":"https:\/\/periodiconuevomilenio.com\/index.php\/wp-json\/wp\/v2\/media?parent=4164"}],"wp:term":[{"taxonomy":"category","embeddable":true,"href":"https:\/\/periodiconuevomilenio.com\/index.php\/wp-json\/wp\/v2\/categories?post=4164"},{"taxonomy":"post_tag","embeddable":true,"href":"https:\/\/periodiconuevomilenio.com\/index.php\/wp-json\/wp\/v2\/tags?post=4164"}],"curies":[{"name":"wp","href":"https:\/\/api.w.org\/{rel}","templated":true}]}}