{"id":4205,"date":"2023-06-07T23:09:50","date_gmt":"2023-06-08T05:09:50","guid":{"rendered":"https:\/\/periodiconuevomilenio.com\/?p=4205"},"modified":"2023-06-07T23:09:52","modified_gmt":"2023-06-08T05:09:52","slug":"el-pozo-para-la-calera-una-realidad","status":"publish","type":"post","link":"https:\/\/periodiconuevomilenio.com\/index.php\/2023\/06\/07\/el-pozo-para-la-calera-una-realidad\/","title":{"rendered":"El Pozo para la Calera, una realidad"},"content":{"rendered":"\n<p>YURIRIA,GTO.-El d\u00eda de hoy la Presidenta Municipal mantuvo una reuni\u00f3n con autoridades de <a href=\"https:\/\/www.facebook.com\/conaguamx?__cft__%5b0%5d=AZUQBcTXzAfmG_3k9KzfH9WGZQoyVCQkKA03aiFXYHY47g7bZ6hZYqc0BB_URVGmlteWreGSopuakmpGU0WdALAHz_ZykF-OvfUrxTAgD0LEHn4mwH7Ttl7DVGL-Wfvd_7_tNWvV3KuDV-c22x8msT8TGIORDOtSd746I22YW3zeqbNFO0HwLneiM9GtnjgXDAw&amp;__tn__=-%5dK-R\">Conagua Comisi\u00f3n Nacional del Agua-SMNmx<\/a> donde agradeci\u00f3 las facilidades otorgadas para hacer posible que el pozo de agua en la comunidad de <a href=\"https:\/\/www.facebook.com\/hashtag\/calera?__eep__=6&amp;__cft__%5b0%5d=AZUQBcTXzAfmG_3k9KzfH9WGZQoyVCQkKA03aiFXYHY47g7bZ6hZYqc0BB_URVGmlteWreGSopuakmpGU0WdALAHz_ZykF-OvfUrxTAgD0LEHn4mwH7Ttl7DVGL-Wfvd_7_tNWvV3KuDV-c22x8msT8TGIORDOtSd746I22YW3zeqbNFO0HwLneiM9GtnjgXDAw&amp;__tn__=*NK-R\">Calera<\/a> se encuentra ya autorizado que comience a trabajar en pr\u00f3ximas fechas, as\u00ed como el apoyo prestado que logr\u00f3 hacer realidad el pozo de agua en la comunidad de <a href=\"https:\/\/www.facebook.com\/hashtag\/sanmiguel?__eep__=6&amp;__cft__%5b0%5d=AZUQBcTXzAfmG_3k9KzfH9WGZQoyVCQkKA03aiFXYHY47g7bZ6hZYqc0BB_URVGmlteWreGSopuakmpGU0WdALAHz_ZykF-OvfUrxTAgD0LEHn4mwH7Ttl7DVGL-Wfvd_7_tNWvV3KuDV-c22x8msT8TGIORDOtSd746I22YW3zeqbNFO0HwLneiM9GtnjgXDAw&amp;__tn__=*NK-R\">SanMiguel<\/a>; durante esta reuni\u00f3n tambi\u00e9n se habl\u00f3 sobre la intenci\u00f3n de realizar una planta tratadora en la comunidad de<a href=\"https:\/\/www.facebook.com\/hashtag\/cerano?__eep__=6&amp;__cft__%5b0%5d=AZUQBcTXzAfmG_3k9KzfH9WGZQoyVCQkKA03aiFXYHY47g7bZ6hZYqc0BB_URVGmlteWreGSopuakmpGU0WdALAHz_ZykF-OvfUrxTAgD0LEHn4mwH7Ttl7DVGL-Wfvd_7_tNWvV3KuDV-c22x8msT8TGIORDOtSd746I22YW3zeqbNFO0HwLneiM9GtnjgXDAw&amp;__tn__=*NK-R\"> Ceran<\/a>o<\/p>\n\n\n\n<p>Trabajando por <a href=\"https:\/\/www.facebook.com\/hashtag\/yuriria?__eep__=6&amp;__cft__%5b0%5d=AZUQBcTXzAfmG_3k9KzfH9WGZQoyVCQkKA03aiFXYHY47g7bZ6hZYqc0BB_URVGmlteWreGSopuakmpGU0WdALAHz_ZykF-OvfUrxTAgD0LEHn4mwH7Ttl7DVGL-Wfvd_7_tNWvV3KuDV-c22x8msT8TGIORDOtSd746I22YW3zeqbNFO0HwLneiM9GtnjgXDAw&amp;__tn__=*NK-R\">&nbsp;Yuriria<\/a> <a href=\"https:\/\/www.facebook.com\/hashtag\/avanzamosconhechos?__eep__=6&amp;__cft__%5b0%5d=AZUQBcTXzAfmG_3k9KzfH9WGZQoyVCQkKA03aiFXYHY47g7bZ6hZYqc0BB_URVGmlteWreGSopuakmpGU0WdALAHz_ZykF-OvfUrxTAgD0LEHn4mwH7Ttl7DVGL-Wfvd_7_tNWvV3KuDV-c22x8msT8TGIORDOtSd746I22YW3zeqbNFO0HwLneiM9GtnjgXDAw&amp;__tn__=*NK-R\">,AvanzamosConHechos<\/a><\/p>\n","protected":false},"excerpt":{"rendered":"<p>YURIRIA,GTO.-El d\u00eda de hoy la Presidenta Municipal mantuvo una reuni\u00f3n con autoridades de Conagua Comisi\u00f3n Nacional del Agua-SMNmx<\/p>\n","protected":false},"author":1,"featured_media":4206,"comment_status":"open","ping_status":"open","sticky":false,"template":"","format":"standard","meta":{"jetpack_post_was_ever_published":false,"_jetpack_newsletter_access":"","_jetpack_dont_email_post_to_subs":false,"_jetpack_newsletter_tier_id":0,"_jetpack_memberships_contains_paywalled_content":false,"_jetpack_memberships_contains_paid_content":false,"footnotes":"","jetpack_publicize_message":"","jetpack_publicize_feature_enabled":false,"jetpack_social_post_already_shared":false,"jetpack_social_options":{"image_generator_settings":{"template":"highway","enabled":false},"version":2}},"categories":[40],"tags":[30],"class_list":["post-4205","post","type-post","status-publish","format-standard","has-post-thumbnail","hentry","category-yuriria","tag-yuriria"],"jetpack_publicize_connections":[],"jetpack_sharing_enabled":true,"jetpack_featured_media_url":"https:\/\/periodiconuevomilenio.com\/wp-content\/uploads\/2023\/06\/347420611_3503209596581101_8825432191367168743_n.jpg","_links":{"self":[{"href":"https:\/\/periodiconuevomilenio.com\/index.php\/wp-json\/wp\/v2\/posts\/4205","targetHints":{"allow":["GET"]}}],"collection":[{"href":"https:\/\/periodiconuevomilenio.com\/index.php\/wp-json\/wp\/v2\/posts"}],"about":[{"href":"https:\/\/periodiconuevomilenio.com\/index.php\/wp-json\/wp\/v2\/types\/post"}],"author":[{"embeddable":true,"href":"https:\/\/periodiconuevomilenio.com\/index.php\/wp-json\/wp\/v2\/users\/1"}],"replies":[{"embeddable":true,"href":"https:\/\/periodiconuevomilenio.com\/index.php\/wp-json\/wp\/v2\/comments?post=4205"}],"version-history":[{"count":2,"href":"https:\/\/periodiconuevomilenio.com\/index.php\/wp-json\/wp\/v2\/posts\/4205\/revisions"}],"predecessor-version":[{"id":4209,"href":"https:\/\/periodiconuevomilenio.com\/index.php\/wp-json\/wp\/v2\/posts\/4205\/revisions\/4209"}],"wp:featuredmedia":[{"embeddable":true,"href":"https:\/\/periodiconuevomilenio.com\/index.php\/wp-json\/wp\/v2\/media\/4206"}],"wp:attachment":[{"href":"https:\/\/periodiconuevomilenio.com\/index.php\/wp-json\/wp\/v2\/media?parent=4205"}],"wp:term":[{"taxonomy":"category","embeddable":true,"href":"https:\/\/periodiconuevomilenio.com\/index.php\/wp-json\/wp\/v2\/categories?post=4205"},{"taxonomy":"post_tag","embeddable":true,"href":"https:\/\/periodiconuevomilenio.com\/index.php\/wp-json\/wp\/v2\/tags?post=4205"}],"curies":[{"name":"wp","href":"https:\/\/api.w.org\/{rel}","templated":true}]}}