{"id":4215,"date":"2023-06-07T23:31:21","date_gmt":"2023-06-08T05:31:21","guid":{"rendered":"https:\/\/periodiconuevomilenio.com\/?p=4215"},"modified":"2023-06-07T23:31:22","modified_gmt":"2023-06-08T05:31:22","slug":"consejo-estatal-de-participacion-ciudadana-comparte-acciones-a-favor-de-la-educacion-de-ninas-ninos-y-adolescentes","status":"publish","type":"post","link":"https:\/\/periodiconuevomilenio.com\/index.php\/2023\/06\/07\/consejo-estatal-de-participacion-ciudadana-comparte-acciones-a-favor-de-la-educacion-de-ninas-ninos-y-adolescentes\/","title":{"rendered":"Consejo Estatal de Participaci\u00f3n Ciudadana comparte acciones a favor de la educaci\u00f3n de ni\u00f1as, ni\u00f1os y adolescentes"},"content":{"rendered":"\n<p><strong>Valle de Santiago, Gto. 07 de junio de 2023<\/strong>.- Se llev\u00f3 a cabo la segunda sesi\u00f3n del Consejo Estatal de Participaci\u00f3n Ciudadana, en la cual se revisan las estrategias que se llevan a cabo en los siete municipios que conforman la Delegaci\u00f3n VI de la Secretar\u00eda de Educaci\u00f3n, en apego al Pacto Social por la Educaci\u00f3n.<\/p>\n\n\n\n<p>Los directores de educaci\u00f3n municipales compartieron las acciones que han venido realizando en sus zonas de influencia, teniendo como prioridad el aprovechamiento acad\u00e9mico de las ni\u00f1as, ni\u00f1os y adolescentes.<\/p>\n\n\n\n<p>El Delegado de la regi\u00f3n VI, Anselmo Conejo Cornejo, se\u00f1al\u00f3 que el prop\u00f3sito de esta sesi\u00f3n de trabajo es conocer lo que hacen en otras ciudades y enriquecernos de estas experiencias e implementar aquellas que puedan generar buenos resultados al adoptarlos y replicarlos.<\/p>\n\n\n\n<p>Conejo Cornejo reconoci\u00f3 el trabajo de cada municipio, ya que contribuyen al tema educativo, \u201ccada una de sus acciones es un paso hacia adelante; las ganas y la actitud con la que realizan su trabajo&nbsp;&nbsp; nos acerca m\u00e1s a nuestra meta\u201d.<\/p>\n\n\n\n<p>En su intervenci\u00f3n, Cristian Mauricio Mu\u00f1oz Garc\u00eda, Director General para el Desarrollo de la Comunidad Educativa, en representaci\u00f3n del Secretario de Educaci\u00f3n de Guanajuato, Jorge Enrique Hern\u00e1ndez Meza, se\u00f1al\u00f3, que el objetivo del Consejo Estatal de Participaci\u00f3n es lograr una mejor comunicaci\u00f3n y colaboraci\u00f3n con los Consejos Municipales, a fin de conocer las actividades que se plasman, as\u00ed como generar un banco de proyectos de las mejores pr\u00e1cticas.<\/p>\n\n\n\n<p>Agreg\u00f3, que se busca colaborar de una manera m\u00e1s puntual en esas actividades que logran la participaci\u00f3n de las madres, padres de familia y la ciudadana que fortalece la cohesi\u00f3n social.&nbsp;<\/p>\n\n\n\n<p>El alcalde, Alejandro Alan\u00eds Ch\u00e1vez, dio la bienvenida a los asistentes y reconoci\u00f3 el trabajo que realiza la Secretar\u00eda de Educaci\u00f3n de Guanajuato, as\u00ed como la Delegaci\u00f3n Regional VI y el Consejo de Participaci\u00f3n Ciudadana.<\/p>\n\n\n\n<p>A\u00f1adi\u00f3 que, como autoridades, como sociedad, se le debe apostar a la educaci\u00f3n, \u201cla educaci\u00f3n es un motor para el desarrollo de cada persona, de una comunidad y de todo un pueblo\u201d.<\/p>\n\n\n\n<p>Elvira Toba Mery Presidenta del Consejo Estatal de Participaci\u00f3n Social (CEPSE), explic\u00f3 que las principales l\u00edneas de acci\u00f3n se enfocan principalmente en el mejoramiento de la infraestructura de los planteles, evaluaciones educativas, en la recuperaci\u00f3n de estudiantes, en el intercambio colaborativo, en procurar el bienestar de la comunidad educativa, en el trabajo coordinado con Protecci\u00f3n Civil, actividades que involucran a madres y padres de familia como lo es crianza positiva, as\u00ed como el reconocimiento al trabajo de maestras y maestros.<\/p>\n\n\n\n<p>Estuvieron presentes, Anselmo Conejo Cornejo, Delegado de la Regi\u00f3n VI; Alejandro Alan\u00eds Ch\u00e1vez, alcalde de Valle de Santiago; Cristian Mauricio Mu\u00f1oz Garc\u00eda, Director General para el Desarrollo de la Comunidad Educativa; Elvira Toba Mery Presidenta del Consejo Estatal de Participaci\u00f3n Social y Adolfo G\u00f3mez Vel\u00e1zquez, integrante del Consejo Estatal de Participaci\u00f3n Social, as\u00ed como directores de educaci\u00f3n de los municipios de Valle de Santiago, Abasolo, P\u00e9njamo, Cuer\u00e1maro, Huan\u00edmaro, Pueblo Nuevo y Manuel Doblado.<\/p>\n\n\n\n<figure class=\"wp-block-gallery has-nested-images columns-default is-cropped wp-block-gallery-1 is-layout-flex wp-block-gallery-is-layout-flex\">\n<figure class=\"wp-block-image size-large\"><img loading=\"lazy\" decoding=\"async\" width=\"1024\" height=\"768\" data-id=\"4220\" src=\"https:\/\/periodiconuevomilenio.com\/wp-content\/uploads\/2023\/06\/07-7-1024x768.jpg\" alt=\"\" class=\"wp-image-4220\" srcset=\"https:\/\/periodiconuevomilenio.com\/wp-content\/uploads\/2023\/06\/07-7-1024x768.jpg 1024w, https:\/\/periodiconuevomilenio.com\/wp-content\/uploads\/2023\/06\/07-7-300x225.jpg 300w, https:\/\/periodiconuevomilenio.com\/wp-content\/uploads\/2023\/06\/07-7-768x576.jpg 768w, https:\/\/periodiconuevomilenio.com\/wp-content\/uploads\/2023\/06\/07-7.jpg 1280w\" sizes=\"auto, (max-width: 1024px) 100vw, 1024px\" \/><\/figure>\n\n\n\n<figure class=\"wp-block-image size-large\"><img loading=\"lazy\" decoding=\"async\" width=\"1024\" height=\"768\" data-id=\"4219\" src=\"https:\/\/periodiconuevomilenio.com\/wp-content\/uploads\/2023\/06\/06-8-1024x768.jpg\" alt=\"\" class=\"wp-image-4219\" srcset=\"https:\/\/periodiconuevomilenio.com\/wp-content\/uploads\/2023\/06\/06-8-1024x768.jpg 1024w, https:\/\/periodiconuevomilenio.com\/wp-content\/uploads\/2023\/06\/06-8-300x225.jpg 300w, https:\/\/periodiconuevomilenio.com\/wp-content\/uploads\/2023\/06\/06-8-768x576.jpg 768w, https:\/\/periodiconuevomilenio.com\/wp-content\/uploads\/2023\/06\/06-8.jpg 1280w\" sizes=\"auto, (max-width: 1024px) 100vw, 1024px\" \/><\/figure>\n<\/figure>\n\n\n\n<figure class=\"wp-block-gallery has-nested-images columns-default is-cropped wp-block-gallery-2 is-layout-flex wp-block-gallery-is-layout-flex\">\n<figure class=\"wp-block-image size-large\"><img loading=\"lazy\" decoding=\"async\" width=\"1024\" height=\"768\" data-id=\"4216\" src=\"https:\/\/periodiconuevomilenio.com\/wp-content\/uploads\/2023\/06\/04-14-1024x768.jpg\" alt=\"\" class=\"wp-image-4216\" srcset=\"https:\/\/periodiconuevomilenio.com\/wp-content\/uploads\/2023\/06\/04-14-1024x768.jpg 1024w, https:\/\/periodiconuevomilenio.com\/wp-content\/uploads\/2023\/06\/04-14-300x225.jpg 300w, https:\/\/periodiconuevomilenio.com\/wp-content\/uploads\/2023\/06\/04-14-768x576.jpg 768w, https:\/\/periodiconuevomilenio.com\/wp-content\/uploads\/2023\/06\/04-14.jpg 1280w\" sizes=\"auto, (max-width: 1024px) 100vw, 1024px\" \/><\/figure>\n\n\n\n<figure class=\"wp-block-image size-large\"><img loading=\"lazy\" decoding=\"async\" width=\"809\" height=\"1024\" data-id=\"4218\" src=\"https:\/\/periodiconuevomilenio.com\/wp-content\/uploads\/2023\/06\/05-11-809x1024.jpg\" alt=\"\" class=\"wp-image-4218\" srcset=\"https:\/\/periodiconuevomilenio.com\/wp-content\/uploads\/2023\/06\/05-11-809x1024.jpg 809w, https:\/\/periodiconuevomilenio.com\/wp-content\/uploads\/2023\/06\/05-11-237x300.jpg 237w, https:\/\/periodiconuevomilenio.com\/wp-content\/uploads\/2023\/06\/05-11-768x972.jpg 768w, https:\/\/periodiconuevomilenio.com\/wp-content\/uploads\/2023\/06\/05-11.jpg 1011w\" sizes=\"auto, (max-width: 809px) 100vw, 809px\" \/><\/figure>\n\n\n\n<figure class=\"wp-block-image size-large\"><img loading=\"lazy\" decoding=\"async\" width=\"768\" height=\"1024\" data-id=\"4217\" src=\"https:\/\/periodiconuevomilenio.com\/wp-content\/uploads\/2023\/06\/03-16-768x1024.jpg\" alt=\"\" class=\"wp-image-4217\" srcset=\"https:\/\/periodiconuevomilenio.com\/wp-content\/uploads\/2023\/06\/03-16-768x1024.jpg 768w, https:\/\/periodiconuevomilenio.com\/wp-content\/uploads\/2023\/06\/03-16-225x300.jpg 225w, https:\/\/periodiconuevomilenio.com\/wp-content\/uploads\/2023\/06\/03-16.jpg 960w\" sizes=\"auto, (max-width: 768px) 100vw, 768px\" \/><\/figure>\n<\/figure>\n","protected":false},"excerpt":{"rendered":"<p>Valle de Santiago, Gto. 07 de junio de 2023.- Se llev\u00f3 a cabo la segunda sesi\u00f3n del Consejo<\/p>\n","protected":false},"author":1,"featured_media":4219,"comment_status":"open","ping_status":"open","sticky":false,"template":"","format":"standard","meta":{"jetpack_post_was_ever_published":false,"_jetpack_newsletter_access":"","_jetpack_dont_email_post_to_subs":false,"_jetpack_newsletter_tier_id":0,"_jetpack_memberships_contains_paywalled_content":false,"_jetpack_memberships_contains_paid_content":false,"footnotes":"","jetpack_publicize_message":"","jetpack_publicize_feature_enabled":false,"jetpack_social_post_already_shared":false,"jetpack_social_options":{"image_generator_settings":{"template":"highway","enabled":false},"version":2}},"categories":[39],"tags":[22],"class_list":["post-4215","post","type-post","status-publish","format-standard","has-post-thumbnail","hentry","category-valle-de-santiago","tag-valle"],"jetpack_publicize_connections":[],"jetpack_sharing_enabled":true,"jetpack_featured_media_url":"https:\/\/periodiconuevomilenio.com\/wp-content\/uploads\/2023\/06\/06-8.jpg","_links":{"self":[{"href":"https:\/\/periodiconuevomilenio.com\/index.php\/wp-json\/wp\/v2\/posts\/4215","targetHints":{"allow":["GET"]}}],"collection":[{"href":"https:\/\/periodiconuevomilenio.com\/index.php\/wp-json\/wp\/v2\/posts"}],"about":[{"href":"https:\/\/periodiconuevomilenio.com\/index.php\/wp-json\/wp\/v2\/types\/post"}],"author":[{"embeddable":true,"href":"https:\/\/periodiconuevomilenio.com\/index.php\/wp-json\/wp\/v2\/users\/1"}],"replies":[{"embeddable":true,"href":"https:\/\/periodiconuevomilenio.com\/index.php\/wp-json\/wp\/v2\/comments?post=4215"}],"version-history":[{"count":1,"href":"https:\/\/periodiconuevomilenio.com\/index.php\/wp-json\/wp\/v2\/posts\/4215\/revisions"}],"predecessor-version":[{"id":4221,"href":"https:\/\/periodiconuevomilenio.com\/index.php\/wp-json\/wp\/v2\/posts\/4215\/revisions\/4221"}],"wp:featuredmedia":[{"embeddable":true,"href":"https:\/\/periodiconuevomilenio.com\/index.php\/wp-json\/wp\/v2\/media\/4219"}],"wp:attachment":[{"href":"https:\/\/periodiconuevomilenio.com\/index.php\/wp-json\/wp\/v2\/media?parent=4215"}],"wp:term":[{"taxonomy":"category","embeddable":true,"href":"https:\/\/periodiconuevomilenio.com\/index.php\/wp-json\/wp\/v2\/categories?post=4215"},{"taxonomy":"post_tag","embeddable":true,"href":"https:\/\/periodiconuevomilenio.com\/index.php\/wp-json\/wp\/v2\/tags?post=4215"}],"curies":[{"name":"wp","href":"https:\/\/api.w.org\/{rel}","templated":true}]}}