{"id":4235,"date":"2023-06-08T13:43:05","date_gmt":"2023-06-08T19:43:05","guid":{"rendered":"https:\/\/periodiconuevomilenio.com\/?p=4235"},"modified":"2023-06-08T13:43:07","modified_gmt":"2023-06-08T19:43:07","slug":"queman-vehiculo","status":"publish","type":"post","link":"https:\/\/periodiconuevomilenio.com\/index.php\/2023\/06\/08\/queman-vehiculo\/","title":{"rendered":"Queman Veh\u00edculo"},"content":{"rendered":"\n<p>&nbsp;Por un momento se pens\u00f3 que hab\u00eda cuerpos en la unidad, pero fue negativo.<\/p>\n\n\n\n<p>VALLE DE &nbsp;SANTIAGO, GTO.-&nbsp; La ma\u00f1ana de este jueves 8 de junio fue localizado un veh\u00edculo totalmente calcinado, de manera inicial se pens\u00f3 que en su interior podr\u00eda haber cuerpos, sin embargo, tras revisarlo se confirm\u00f3 que se trataba \u00fanicamente del veh\u00edculo.<\/p>\n\n\n\n<p>&nbsp;De acuerdo a los primeros informes de la Comisaria de Seguridad P\u00fablica municipal, fue a eso de las 8 de la ma\u00f1ana con 25 minutos cuando se recibi\u00f3&nbsp; el reporte al sistema de emergencia 911,&nbsp; solicitando la presencia de la polic\u00eda porque hab\u00eda un veh\u00edculo calcinado en la carretera que conduce del poblado de la Magdalena de Ar\u00e1ceo a la comunidad de la Manga.<\/p>\n\n\n\n<p>&nbsp;La&nbsp; central de emergencia comisiono a elementos de la polic\u00eda, quienes se trasladaron&nbsp; al lugar para verificar un reporte, localizando un&nbsp; veh\u00edculo calcinado sobre la orilla de la carretera.<\/p>\n\n\n\n<p>El&nbsp; veh\u00edculo totalmente calcinado ignorando marca. Tablillas de circulaci\u00f3n, n\u00famero de serie, al parecer era de color blanco,&nbsp; por tal motivo se pide el apoyo de las gr\u00faas,&nbsp; para resguardarlo, mientras elementos de la fiscal\u00eda realizan las investigaciones pertinentes.<\/p>\n","protected":false},"excerpt":{"rendered":"<p>&nbsp;Por un momento se pens\u00f3 que hab\u00eda cuerpos en la unidad, pero fue negativo. VALLE DE &nbsp;SANTIAGO, GTO.-&nbsp;<\/p>\n","protected":false},"author":1,"featured_media":4236,"comment_status":"open","ping_status":"open","sticky":false,"template":"","format":"standard","meta":{"jetpack_post_was_ever_published":false,"_jetpack_newsletter_access":"","_jetpack_dont_email_post_to_subs":false,"_jetpack_newsletter_tier_id":0,"_jetpack_memberships_contains_paywalled_content":false,"_jetpack_memberships_contains_paid_content":false,"footnotes":"","jetpack_publicize_message":"","jetpack_publicize_feature_enabled":false,"jetpack_social_post_already_shared":false,"jetpack_social_options":{"image_generator_settings":{"template":"highway","enabled":false},"version":2}},"categories":[48,39],"tags":[22],"class_list":["post-4235","post","type-post","status-publish","format-standard","has-post-thumbnail","hentry","category-policiaca","category-valle-de-santiago","tag-valle"],"jetpack_publicize_connections":[],"jetpack_sharing_enabled":true,"jetpack_featured_media_url":"https:\/\/periodiconuevomilenio.com\/wp-content\/uploads\/2023\/06\/326958671_858381868606771_596883699742593628_n.jpg","_links":{"self":[{"href":"https:\/\/periodiconuevomilenio.com\/index.php\/wp-json\/wp\/v2\/posts\/4235","targetHints":{"allow":["GET"]}}],"collection":[{"href":"https:\/\/periodiconuevomilenio.com\/index.php\/wp-json\/wp\/v2\/posts"}],"about":[{"href":"https:\/\/periodiconuevomilenio.com\/index.php\/wp-json\/wp\/v2\/types\/post"}],"author":[{"embeddable":true,"href":"https:\/\/periodiconuevomilenio.com\/index.php\/wp-json\/wp\/v2\/users\/1"}],"replies":[{"embeddable":true,"href":"https:\/\/periodiconuevomilenio.com\/index.php\/wp-json\/wp\/v2\/comments?post=4235"}],"version-history":[{"count":1,"href":"https:\/\/periodiconuevomilenio.com\/index.php\/wp-json\/wp\/v2\/posts\/4235\/revisions"}],"predecessor-version":[{"id":4237,"href":"https:\/\/periodiconuevomilenio.com\/index.php\/wp-json\/wp\/v2\/posts\/4235\/revisions\/4237"}],"wp:featuredmedia":[{"embeddable":true,"href":"https:\/\/periodiconuevomilenio.com\/index.php\/wp-json\/wp\/v2\/media\/4236"}],"wp:attachment":[{"href":"https:\/\/periodiconuevomilenio.com\/index.php\/wp-json\/wp\/v2\/media?parent=4235"}],"wp:term":[{"taxonomy":"category","embeddable":true,"href":"https:\/\/periodiconuevomilenio.com\/index.php\/wp-json\/wp\/v2\/categories?post=4235"},{"taxonomy":"post_tag","embeddable":true,"href":"https:\/\/periodiconuevomilenio.com\/index.php\/wp-json\/wp\/v2\/tags?post=4235"}],"curies":[{"name":"wp","href":"https:\/\/api.w.org\/{rel}","templated":true}]}}