{"id":4264,"date":"2023-06-09T14:36:22","date_gmt":"2023-06-09T20:36:22","guid":{"rendered":"https:\/\/periodiconuevomilenio.com\/?p=4264"},"modified":"2023-06-09T14:36:24","modified_gmt":"2023-06-09T20:36:24","slug":"liberan-sana-y-salva-en-salamanca-a-una-mujer-secuestrada-en-valle-de-santiago","status":"publish","type":"post","link":"https:\/\/periodiconuevomilenio.com\/index.php\/2023\/06\/09\/liberan-sana-y-salva-en-salamanca-a-una-mujer-secuestrada-en-valle-de-santiago\/","title":{"rendered":"Liberan sana y salva en Salamanca, a una mujer secuestrada en Valle De Santiago."},"content":{"rendered":"\n<p>Guanajuato, Gto., 9 de junio de 2023.- Agentes de la Unidad Especializada en Combate al Secuestro (UECS) de la Fiscal\u00eda de Guanajuato, desplegaron un operativo para intervenir un inmueble en la comunidad Loma de San Antonio, en Salamanca, en donde liberaron sana y salva, a una mujer de 32 a\u00f1os, a quien manten\u00edan secuestrada.<\/p>\n\n\n\n<p>Se logr\u00f3 la detenci\u00f3n de tres sujetos, uno de ellos, adolescente. Estos sujetos se encuentran vinculados a proceso penal por el delito de secuestro.<\/p>\n\n\n\n<p>&nbsp;La Fiscal\u00eda de Guanajuato conjunt\u00f3 un equipo de trabajo con expertos en investigaci\u00f3n cient\u00edfica, agentes de investigaci\u00f3n criminal y analistas de informaci\u00f3n, que lograron desactivar la conspiraci\u00f3n criminal que deriv\u00f3 en el secuestro planeado y organizado por JUAN \u201cN\u201d, alias \u201cEl Aguacate\u201d; AD\u00c1N \u201cN\u201d y un adolescente.<\/p>\n\n\n\n<p>&nbsp;El pasado 31 de mayo de este a\u00f1o, la ofendida se encontraba en su domicilio, en una comunidad del Municipio de Valle de Santiago, cuando de manera violenta interrumpieron varios sujetos armados quienes se la llevaron en un autom\u00f3vil con placas de Guanajuato, propiedad de la familia de la v\u00edctima.<\/p>\n\n\n\n<p>Posterior a la privaci\u00f3n de la libertad de la v\u00edctima, la familia comenz\u00f3 a recibir llamadas en las que le solicitaban altas cantidades de dinero por el rescate, por lo cual se interpuso la denuncia por el secuestro.<\/p>\n\n\n\n<p>Una vez que los hechos fueron denunciados en la Fiscal\u00eda de Guanajuato, se activ\u00f3 el protocolo de investigaci\u00f3n y se logr\u00f3 obtener informaci\u00f3n sobre la forma en que se cometi\u00f3 el delito, sus causas y consecuencias. La actuaci\u00f3n fue inmediata, se obtuvo informaci\u00f3n sobre el recorrido que pudieron seguir los plagiarios, los datos condujeron a los agentes investigadores a comunidad Loma de San Antonio, en Salamanca.<\/p>\n\n\n\n<p>&nbsp;Al ingresar al inmueble, se logr\u00f3 la captura de una persona de sexo masculino. Posteriormente, un segundo interviniente fue aprehendido, mientras que en el interior, se localiz\u00f3 a la ofendida a quien de inmediato se puso bajo resguardo, mientras continuaba el operativo para detectar al resto de los plagiarios.<\/p>\n\n\n\n<p>&nbsp;Los agentes antisecuestro tuvieron informaci\u00f3n de que un tercer sujeto llegar\u00eda a la central de autobuses de Salamanca, y ah\u00ed fue capturado. Se pudo establecer que los detenidos OMAR ADAN \u201cN\u201d, JUAN FERNANDO \u201cN\u201d y el adolescente se encuentran involucrados en m\u00faltiples delitos en la zona.<\/p>\n\n\n\n<p>El adolescente fue enviado a la Unidad especializada, los adultos fueron imputados por el delito de secuestro agravado, y el Agente del Ministerio P\u00fablico logr\u00f3 que fueran vinculados a proceso penal.<\/p>\n","protected":false},"excerpt":{"rendered":"<p>Guanajuato, Gto., 9 de junio de 2023.- Agentes de la Unidad Especializada en Combate al Secuestro (UECS) de<\/p>\n","protected":false},"author":1,"featured_media":4265,"comment_status":"open","ping_status":"open","sticky":false,"template":"","format":"standard","meta":{"jetpack_post_was_ever_published":false,"_jetpack_newsletter_access":"","_jetpack_dont_email_post_to_subs":false,"_jetpack_newsletter_tier_id":0,"_jetpack_memberships_contains_paywalled_content":false,"_jetpack_memberships_contains_paid_content":false,"footnotes":"","jetpack_publicize_message":"","jetpack_publicize_feature_enabled":false,"jetpack_social_post_already_shared":false,"jetpack_social_options":{"image_generator_settings":{"template":"highway","enabled":false},"version":2}},"categories":[31,48,39],"tags":[22],"class_list":["post-4264","post","type-post","status-publish","format-standard","has-post-thumbnail","hentry","category-estado","category-policiaca","category-valle-de-santiago","tag-valle"],"jetpack_publicize_connections":[],"jetpack_sharing_enabled":true,"jetpack_featured_media_url":"https:\/\/periodiconuevomilenio.com\/wp-content\/uploads\/2023\/06\/3227.jpg","_links":{"self":[{"href":"https:\/\/periodiconuevomilenio.com\/index.php\/wp-json\/wp\/v2\/posts\/4264","targetHints":{"allow":["GET"]}}],"collection":[{"href":"https:\/\/periodiconuevomilenio.com\/index.php\/wp-json\/wp\/v2\/posts"}],"about":[{"href":"https:\/\/periodiconuevomilenio.com\/index.php\/wp-json\/wp\/v2\/types\/post"}],"author":[{"embeddable":true,"href":"https:\/\/periodiconuevomilenio.com\/index.php\/wp-json\/wp\/v2\/users\/1"}],"replies":[{"embeddable":true,"href":"https:\/\/periodiconuevomilenio.com\/index.php\/wp-json\/wp\/v2\/comments?post=4264"}],"version-history":[{"count":1,"href":"https:\/\/periodiconuevomilenio.com\/index.php\/wp-json\/wp\/v2\/posts\/4264\/revisions"}],"predecessor-version":[{"id":4266,"href":"https:\/\/periodiconuevomilenio.com\/index.php\/wp-json\/wp\/v2\/posts\/4264\/revisions\/4266"}],"wp:featuredmedia":[{"embeddable":true,"href":"https:\/\/periodiconuevomilenio.com\/index.php\/wp-json\/wp\/v2\/media\/4265"}],"wp:attachment":[{"href":"https:\/\/periodiconuevomilenio.com\/index.php\/wp-json\/wp\/v2\/media?parent=4264"}],"wp:term":[{"taxonomy":"category","embeddable":true,"href":"https:\/\/periodiconuevomilenio.com\/index.php\/wp-json\/wp\/v2\/categories?post=4264"},{"taxonomy":"post_tag","embeddable":true,"href":"https:\/\/periodiconuevomilenio.com\/index.php\/wp-json\/wp\/v2\/tags?post=4264"}],"curies":[{"name":"wp","href":"https:\/\/api.w.org\/{rel}","templated":true}]}}